{"id":25911,"date":"2021-05-18T14:17:06","date_gmt":"2021-05-18T17:17:06","guid":{"rendered":"https:\/\/atecordoba.org\/?p=25911"},"modified":"2021-05-18T14:17:06","modified_gmt":"2021-05-18T17:17:06","slug":"plenario-de-trabajadores-municipales-de-rio-tercero-san-agustin-y-almafuerte","status":"publish","type":"post","link":"https:\/\/atecordoba.org\/?p=25911","title":{"rendered":"Plenario de Trabajadores Municipales de R\u00edo Tercero, San Agust\u00edn y Almafuerte"},"content":{"rendered":"<div class=\"entry-thumb\"><img loading=\"lazy\" decoding=\"async\" class=\"attachment-full size-full wp-post-image\" src=\"https:\/\/ctaacordoba.org\/wp-content\/uploads\/2021\/05\/186508488_1125154311229162_8120556508094475036_n.jpg\" sizes=\"auto, (max-width: 960px) 100vw, 960px\" srcset=\"https:\/\/ctaacordoba.org\/wp-content\/uploads\/2021\/05\/186508488_1125154311229162_8120556508094475036_n.jpg 960w, https:\/\/ctaacordoba.org\/wp-content\/uploads\/2021\/05\/186508488_1125154311229162_8120556508094475036_n-300x225.jpg 300w, https:\/\/ctaacordoba.org\/wp-content\/uploads\/2021\/05\/186508488_1125154311229162_8120556508094475036_n-768x576.jpg 768w\" alt=\"\" width=\"960\" height=\"720\" \/><\/div>\n<div class=\"entry-content\">\n<div class=\"kvgmc6g5 cxmmr5t8 oygrvhab hcukyx3x c1et5uql ii04i59q\">\n<div dir=\"auto\">El d\u00eda viernes 14 de mayo, se realiz\u00f3 el Plenario de Trabajadores Municipales en la Seccional R\u00edo Tercero de la Asociaci\u00f3n Trabajadores del Estado (ATE-CTA) en presencia de Delegados y Delegadas de R\u00edo Tercero, San Agust\u00edn y Almafuerte.<\/div>\n<div dir=\"auto\"><\/div>\n<\/div>\n<div class=\"o9v6fnle cxmmr5t8 oygrvhab hcukyx3x c1et5uql ii04i59q\">\n<div dir=\"auto\">Desde este \u00e1mbito de discusi\u00f3n se trata de cambiar la forma de pensar el Estado, y no de modificar la forma de quienes nos gobiernan. Y que todos luchemos para evitar ser la variable de ajuste de todas las patronales.<\/div>\n<\/div>\n<div dir=\"auto\"><\/div>\n<div dir=\"auto\"><img loading=\"lazy\" decoding=\"async\" class=\"size-medium wp-image-36777 alignright\" src=\"http:\/\/ctaacordoba.org\/wp-content\/uploads\/2021\/05\/186508433_1125154274562499_8257415608767968819_n-300x225.jpg\" sizes=\"auto, (max-width: 300px) 100vw, 300px\" srcset=\"https:\/\/ctaacordoba.org\/wp-content\/uploads\/2021\/05\/186508433_1125154274562499_8257415608767968819_n-300x225.jpg 300w, https:\/\/ctaacordoba.org\/wp-content\/uploads\/2021\/05\/186508433_1125154274562499_8257415608767968819_n-768x576.jpg 768w, https:\/\/ctaacordoba.org\/wp-content\/uploads\/2021\/05\/186508433_1125154274562499_8257415608767968819_n.jpg 960w\" alt=\"\" width=\"300\" height=\"225\" \/>Los trabajadores del Estado son esenciales y garantizan todos los derechos de la ciudadan\u00eda, es por eso que se plantearon los siguientes ejes para la plenaria:<\/div>\n<div class=\"o9v6fnle cxmmr5t8 oygrvhab hcukyx3x c1et5uql ii04i59q\">\n<div dir=\"auto\">*Salario digno.<\/div>\n<\/div>\n<div class=\"o9v6fnle cxmmr5t8 oygrvhab hcukyx3x c1et5uql ii04i59q\">\n<div dir=\"auto\">*Luchar contra la precarizaci\u00f3n laboral.<\/div>\n<div dir=\"auto\">*Proyectos.<\/div>\n<div dir=\"auto\">*Afiliaciones.<\/div>\n<\/div>\n<div dir=\"auto\"><\/div>\n<div dir=\"auto\"><img loading=\"lazy\" decoding=\"async\" class=\"size-medium wp-image-36778 alignleft\" src=\"http:\/\/ctaacordoba.org\/wp-content\/uploads\/2021\/05\/186484448_1125154357895824_5955169146216351604_n-300x225.jpg\" sizes=\"auto, (max-width: 300px) 100vw, 300px\" srcset=\"https:\/\/ctaacordoba.org\/wp-content\/uploads\/2021\/05\/186484448_1125154357895824_5955169146216351604_n-300x225.jpg 300w, https:\/\/ctaacordoba.org\/wp-content\/uploads\/2021\/05\/186484448_1125154357895824_5955169146216351604_n-768x576.jpg 768w, https:\/\/ctaacordoba.org\/wp-content\/uploads\/2021\/05\/186484448_1125154357895824_5955169146216351604_n.jpg 960w\" alt=\"\" width=\"300\" height=\"225\" \/><\/div>\n<div class=\"o9v6fnle cxmmr5t8 oygrvhab hcukyx3x c1et5uql ii04i59q\">\n<div dir=\"auto\">Dentro de estos ejes se encuentran las principales preocupaciones del sector, que es que ning\u00fan trabajador perciba un sueldo menor al Salario M\u00ednimo Vital y M\u00f3vil, que se retome la discusi\u00f3n del convenio colectivo de trabajo, proyectos de ordenanzas para avanzar en mejoras de derechos laborales y crecer en afiliaciones con el mensaje que ATE no solo discute los salarios y condiciones de trabajo sino que tambi\u00e9n el rol del Estado.<\/div>\n<div dir=\"auto\">Por \u00faltimo se realizar\u00e1n asambleas sectoriales y el pedido formal que se reconozca el \u201c27 de Junio\u201d como el D\u00eda del Trabajador de Estado (Ley Nacional 28.876), sumado al D\u00eda del Trabajador Municipal del mes de diciembre.<\/div>\n<\/div>\n<\/div>\n","protected":false},"excerpt":{"rendered":"<p>El d\u00eda viernes 14 de mayo, se realiz\u00f3 el Plenario de Trabajadores Municipales en la Seccional R\u00edo Tercero de la Asociaci\u00f3n Trabajadores del Estado (ATE-CTA) en presencia de Delegados y Delegadas de R\u00edo Tercero, San Agust\u00edn y Almafuerte. Desde este \u00e1mbito de discusi\u00f3n se trata de cambiar la forma de pensar el Estado, y no [&hellip;]<\/p>\n","protected":false},"author":7,"featured_media":25912,"comment_status":"open","ping_status":"open","sticky":true,"template":"","format":"standard","meta":{"_exactmetrics_skip_tracking":false,"_exactmetrics_sitenote_active":false,"_exactmetrics_sitenote_note":"","_exactmetrics_sitenote_category":0,"jnews-multi-image_gallery":[],"jnews_single_post":{"source_name":"","source_url":"","via_name":"","via_url":"","override_template":"0","override":[{"template":"1","single_blog_custom":"","parallax":"1","fullscreen":"0","layout":"right-sidebar","sidebar":"default-sidebar","second_sidebar":"default-sidebar","sticky_sidebar":"1","share_position":"top","share_float_style":"share-monocrhome","show_share_counter":"1","show_view_counter":"1","show_featured":"1","show_post_meta":"1","show_post_author":"1","show_post_author_image":"1","show_post_date":"1","post_date_format":"default","post_date_format_custom":"Y\/m\/d","show_post_category":"1","show_post_reading_time":"0","post_reading_time_wpm":"300","show_zoom_button":"0","zoom_button_out_step":"2","zoom_button_in_step":"3","show_post_tag":"1","show_prev_next_post":"1","show_popup_post":"1","number_popup_post":"1","show_author_box":"0","show_post_related":"0","show_inline_post_related":"0"}],"override_image_size":"0","image_override":[{"single_post_thumbnail_size":"crop-500","single_post_gallery_size":"crop-500"}],"trending_post":"0","trending_post_position":"meta","trending_post_label":"Trending","sponsored_post":"0","sponsored_post_label":"Sponsored by","sponsored_post_name":"","sponsored_post_url":"","sponsored_post_logo_enable":"0","sponsored_post_logo":"","sponsored_post_desc":""},"jnews_primary_category":{"id":""},"jnews_social_meta":{"fb_title":"","fb_description":"","fb_image":"","twitter_title":"","twitter_description":"","twitter_image":""},"jnews_review":[],"enable_review":"0","type":"percentage","name":"","summary":"","brand":"","sku":"","good":[{"good_text":""}],"bad":[{"bad_text":""}],"score_override":"","override_value":"","rating":[{"rating_text":"","rating_number":"10"}],"price":[{"shop":"","price":"","link":"","icon":""}],"jnews_override_counter":{"override_view_counter":"0","view_counter_number":"0","override_share_counter":"0","share_counter_number":"0","override_like_counter":"0","like_counter_number":"0","override_dislike_counter":"0","dislike_counter_number":"0"},"jnews_post_split":{"enable_post_split":"0","post_split":[{"template":"1","tag":"h2","numbering":"asc","mode":"normal"}]},"footnotes":""},"categories":[20,13],"tags":[],"class_list":["post-25911","post","type-post","status-publish","format-standard","has-post-thumbnail","hentry","category-municipales","category-rio-tercero"],"jetpack_featured_media_url":"https:\/\/atecordoba.org\/wp-content\/uploads\/2021\/05\/plenario-municipales-rio-tercero.jpg","_links":{"self":[{"href":"https:\/\/atecordoba.org\/index.php?rest_route=\/wp\/v2\/posts\/25911","targetHints":{"allow":["GET"]}}],"collection":[{"href":"https:\/\/atecordoba.org\/index.php?rest_route=\/wp\/v2\/posts"}],"about":[{"href":"https:\/\/atecordoba.org\/index.php?rest_route=\/wp\/v2\/types\/post"}],"author":[{"embeddable":true,"href":"https:\/\/atecordoba.org\/index.php?rest_route=\/wp\/v2\/users\/7"}],"replies":[{"embeddable":true,"href":"https:\/\/atecordoba.org\/index.php?rest_route=%2Fwp%2Fv2%2Fcomments&post=25911"}],"version-history":[{"count":1,"href":"https:\/\/atecordoba.org\/index.php?rest_route=\/wp\/v2\/posts\/25911\/revisions"}],"predecessor-version":[{"id":25913,"href":"https:\/\/atecordoba.org\/index.php?rest_route=\/wp\/v2\/posts\/25911\/revisions\/25913"}],"wp:featuredmedia":[{"embeddable":true,"href":"https:\/\/atecordoba.org\/index.php?rest_route=\/wp\/v2\/media\/25912"}],"wp:attachment":[{"href":"https:\/\/atecordoba.org\/index.php?rest_route=%2Fwp%2Fv2%2Fmedia&parent=25911"}],"wp:term":[{"taxonomy":"category","embeddable":true,"href":"https:\/\/atecordoba.org\/index.php?rest_route=%2Fwp%2Fv2%2Fcategories&post=25911"},{"taxonomy":"post_tag","embeddable":true,"href":"https:\/\/atecordoba.org\/index.php?rest_route=%2Fwp%2Fv2%2Ftags&post=25911"}],"curies":[{"name":"wp","href":"https:\/\/api.w.org\/{rel}","templated":true}]}}