{"id":25908,"date":"2021-05-18T09:36:12","date_gmt":"2021-05-18T12:36:12","guid":{"rendered":"https:\/\/atecordoba.org\/?p=25908"},"modified":"2021-05-18T09:36:12","modified_gmt":"2021-05-18T12:36:12","slug":"ate-se-reunio-con-el-ejecutivo-de-freyre","status":"publish","type":"post","link":"https:\/\/atecordoba.org\/?p=25908","title":{"rendered":"ATE se reuni\u00f3 con el Ejecutivo de Freyre"},"content":{"rendered":"<div class=\"entry-thumb\"><img loading=\"lazy\" decoding=\"async\" class=\"attachment-full size-full wp-post-image aligncenter\" src=\"http:\/\/ctaacordoba.org\/wp-content\/uploads\/2021\/05\/186484409_168146198644184_4947270443790487720_n.jpg\" sizes=\"auto, (max-width: 600px) 100vw, 600px\" srcset=\"http:\/\/ctaacordoba.org\/wp-content\/uploads\/2021\/05\/186484409_168146198644184_4947270443790487720_n.jpg 600w, http:\/\/ctaacordoba.org\/wp-content\/uploads\/2021\/05\/186484409_168146198644184_4947270443790487720_n-300x225.jpg 300w\" alt=\"\" width=\"600\" height=\"450\" \/><\/div>\n<div class=\"entry-content\">\n<div dir=\"auto\">Dirigentes de la Seccional ATE San Francisco mantuvieron la semana pasada una reuni\u00f3n con el Departamento Ejecutivo Municipal de la localidad de Freyre, distante 33 kil\u00f3metros de la ciudad cabecera del Departamento San Justo.<\/div>\n<div dir=\"auto\"><\/div>\n<div dir=\"auto\"><img loading=\"lazy\" decoding=\"async\" class=\"alignnone size-medium wp-image-36607\" src=\"http:\/\/ctaacordoba.org\/wp-content\/uploads\/2021\/05\/186488232_168146341977503_7628984236040102721_n-225x300.jpg\" sizes=\"auto, (max-width: 225px) 100vw, 225px\" srcset=\"http:\/\/ctaacordoba.org\/wp-content\/uploads\/2021\/05\/186488232_168146341977503_7628984236040102721_n-225x300.jpg 225w, http:\/\/ctaacordoba.org\/wp-content\/uploads\/2021\/05\/186488232_168146341977503_7628984236040102721_n.jpg 720w\" alt=\"\" width=\"225\" height=\"300\" \/><img loading=\"lazy\" decoding=\"async\" class=\"alignnone size-medium wp-image-36608\" src=\"http:\/\/ctaacordoba.org\/wp-content\/uploads\/2021\/05\/186528854_168146371977500_5740194930931078200_n-169x300.jpg\" sizes=\"auto, (max-width: 169px) 100vw, 169px\" srcset=\"http:\/\/ctaacordoba.org\/wp-content\/uploads\/2021\/05\/186528854_168146371977500_5740194930931078200_n-169x300.jpg 169w, http:\/\/ctaacordoba.org\/wp-content\/uploads\/2021\/05\/186528854_168146371977500_5740194930931078200_n.jpg 540w\" alt=\"\" width=\"169\" height=\"300\" \/><img loading=\"lazy\" decoding=\"async\" class=\"alignnone size-medium wp-image-36609\" src=\"http:\/\/ctaacordoba.org\/wp-content\/uploads\/2021\/05\/186481074_168146291977508_8808871048056590553_n-169x300.jpg\" sizes=\"auto, (max-width: 169px) 100vw, 169px\" srcset=\"http:\/\/ctaacordoba.org\/wp-content\/uploads\/2021\/05\/186481074_168146291977508_8808871048056590553_n-169x300.jpg 169w, http:\/\/ctaacordoba.org\/wp-content\/uploads\/2021\/05\/186481074_168146291977508_8808871048056590553_n.jpg 540w\" alt=\"\" width=\"169\" height=\"300\" \/><\/div>\n<div dir=\"auto\"><\/div>\n<div dir=\"auto\">En el encuentro, se avanz\u00f3 con las gestiones que se realizaron en marzo, constatando comienzo de la obra de construcci\u00f3n de ba\u00f1os con duchas en el Corral\u00f3n Municipal, al tiempo que prosigui\u00f3 la recategorizaci\u00f3n que se adeudaban a compa\u00f1eros y compa\u00f1eras del sector.<\/div>\n<\/div>\n","protected":false},"excerpt":{"rendered":"<p>Dirigentes de la Seccional ATE San Francisco mantuvieron la semana pasada una reuni\u00f3n con el Departamento Ejecutivo Municipal de la localidad de Freyre, distante 33 kil\u00f3metros de la ciudad cabecera del Departamento San Justo. En el encuentro, se avanz\u00f3 con las gestiones que se realizaron en marzo, constatando comienzo de la obra de construcci\u00f3n de [&hellip;]<\/p>\n","protected":false},"author":7,"featured_media":25909,"comment_status":"open","ping_status":"open","sticky":true,"template":"","format":"standard","meta":{"_exactmetrics_skip_tracking":false,"_exactmetrics_sitenote_active":false,"_exactmetrics_sitenote_note":"","_exactmetrics_sitenote_category":0,"jnews-multi-image_gallery":[],"jnews_single_post":{"source_name":"","source_url":"","via_name":"","via_url":"","override_template":"0","override":[{"template":"1","single_blog_custom":"","parallax":"1","fullscreen":"0","layout":"right-sidebar","sidebar":"default-sidebar","second_sidebar":"default-sidebar","sticky_sidebar":"1","share_position":"top","share_float_style":"share-monocrhome","show_share_counter":"1","show_view_counter":"1","show_featured":"1","show_post_meta":"1","show_post_author":"1","show_post_author_image":"1","show_post_date":"1","post_date_format":"default","post_date_format_custom":"Y\/m\/d","show_post_category":"1","show_post_reading_time":"0","post_reading_time_wpm":"300","show_zoom_button":"0","zoom_button_out_step":"2","zoom_button_in_step":"3","show_post_tag":"1","show_prev_next_post":"1","show_popup_post":"1","number_popup_post":"1","show_author_box":"0","show_post_related":"0","show_inline_post_related":"0"}],"override_image_size":"0","image_override":[{"single_post_thumbnail_size":"crop-500","single_post_gallery_size":"crop-500"}],"trending_post":"0","trending_post_position":"meta","trending_post_label":"Trending","sponsored_post":"0","sponsored_post_label":"Sponsored by","sponsored_post_name":"","sponsored_post_url":"","sponsored_post_logo_enable":"0","sponsored_post_logo":"","sponsored_post_desc":""},"jnews_primary_category":{"id":""},"jnews_social_meta":{"fb_title":"","fb_description":"","fb_image":"","twitter_title":"","twitter_description":"","twitter_image":""},"jnews_review":[],"enable_review":"0","type":"percentage","name":"","summary":"","brand":"","sku":"","good":[{"good_text":""}],"bad":[{"bad_text":""}],"score_override":"","override_value":"","rating":[{"rating_text":"","rating_number":"10"}],"price":[{"shop":"","price":"","link":"","icon":""}],"jnews_override_counter":{"override_view_counter":"0","view_counter_number":"0","override_share_counter":"0","share_counter_number":"0","override_like_counter":"0","like_counter_number":"0","override_dislike_counter":"0","dislike_counter_number":"0"},"jnews_post_split":{"enable_post_split":"0","post_split":[{"template":"1","tag":"h2","numbering":"asc","mode":"normal"}]},"footnotes":""},"categories":[20,148],"tags":[770],"class_list":["post-25908","post","type-post","status-publish","format-standard","has-post-thumbnail","hentry","category-municipales","category-san-justo","tag-freyre"],"jetpack_featured_media_url":"https:\/\/atecordoba.org\/wp-content\/uploads\/2021\/05\/freyre.jpg","_links":{"self":[{"href":"https:\/\/atecordoba.org\/index.php?rest_route=\/wp\/v2\/posts\/25908","targetHints":{"allow":["GET"]}}],"collection":[{"href":"https:\/\/atecordoba.org\/index.php?rest_route=\/wp\/v2\/posts"}],"about":[{"href":"https:\/\/atecordoba.org\/index.php?rest_route=\/wp\/v2\/types\/post"}],"author":[{"embeddable":true,"href":"https:\/\/atecordoba.org\/index.php?rest_route=\/wp\/v2\/users\/7"}],"replies":[{"embeddable":true,"href":"https:\/\/atecordoba.org\/index.php?rest_route=%2Fwp%2Fv2%2Fcomments&post=25908"}],"version-history":[{"count":1,"href":"https:\/\/atecordoba.org\/index.php?rest_route=\/wp\/v2\/posts\/25908\/revisions"}],"predecessor-version":[{"id":25910,"href":"https:\/\/atecordoba.org\/index.php?rest_route=\/wp\/v2\/posts\/25908\/revisions\/25910"}],"wp:featuredmedia":[{"embeddable":true,"href":"https:\/\/atecordoba.org\/index.php?rest_route=\/wp\/v2\/media\/25909"}],"wp:attachment":[{"href":"https:\/\/atecordoba.org\/index.php?rest_route=%2Fwp%2Fv2%2Fmedia&parent=25908"}],"wp:term":[{"taxonomy":"category","embeddable":true,"href":"https:\/\/atecordoba.org\/index.php?rest_route=%2Fwp%2Fv2%2Fcategories&post=25908"},{"taxonomy":"post_tag","embeddable":true,"href":"https:\/\/atecordoba.org\/index.php?rest_route=%2Fwp%2Fv2%2Ftags&post=25908"}],"curies":[{"name":"wp","href":"https:\/\/api.w.org\/{rel}","templated":true}]}}