{"id":25867,"date":"2021-05-12T16:57:26","date_gmt":"2021-05-12T19:57:26","guid":{"rendered":"https:\/\/atecordoba.org\/?p=25867"},"modified":"2021-05-12T16:58:34","modified_gmt":"2021-05-12T19:58:34","slug":"ate-cordoba-se-movilizo-junto-a-la-multisectorial-de-la-salud-en-el-centro-de-cordoba","status":"publish","type":"post","link":"https:\/\/atecordoba.org\/?p=25867","title":{"rendered":"ATE C\u00f3rdoba se moviliz\u00f3 junto a la Multisectorial de la Salud en el Centro de C\u00f3rdoba"},"content":{"rendered":"<div id='gallery_1' class='gallery galleryid-25867 gallery-columns-3 gallery-size-medium'><figure class='gallery-item'>\n                <div class='gallery-icon landscape'>\n                    <a href='https:\/\/atecordoba.org\/wp-content\/uploads\/2021\/05\/12-05-Jornada-Salud-DRON_12-scaled.jpg'><img loading=\"lazy\" decoding=\"async\" width=\"300\" height=\"169\" src=\"\" class=\"attachment-medium size-medium lazyload\" alt=\"\" data-src=\"https:\/\/atecordoba.org\/wp-content\/uploads\/2021\/05\/12-05-Jornada-Salud-DRON_12-300x169.jpg\" data-sizes=\"auto\" data-srcset=\"https:\/\/atecordoba.org\/wp-content\/uploads\/2021\/05\/12-05-Jornada-Salud-DRON_12-300x169.jpg 300w, https:\/\/atecordoba.org\/wp-content\/uploads\/2021\/05\/12-05-Jornada-Salud-DRON_12-1024x576.jpg 1024w, https:\/\/atecordoba.org\/wp-content\/uploads\/2021\/05\/12-05-Jornada-Salud-DRON_12-768x432.jpg 768w, https:\/\/atecordoba.org\/wp-content\/uploads\/2021\/05\/12-05-Jornada-Salud-DRON_12-1536x864.jpg 1536w, https:\/\/atecordoba.org\/wp-content\/uploads\/2021\/05\/12-05-Jornada-Salud-DRON_12-2048x1152.jpg 2048w, https:\/\/atecordoba.org\/wp-content\/uploads\/2021\/05\/12-05-Jornada-Salud-DRON_12-750x422.jpg 750w, https:\/\/atecordoba.org\/wp-content\/uploads\/2021\/05\/12-05-Jornada-Salud-DRON_12-1140x641.jpg 1140w\" data-expand=\"700\" \/><\/a>\n                <\/div><\/figure><figure class='gallery-item'>\n                <div class='gallery-icon landscape'>\n                    <a href='https:\/\/atecordoba.org\/wp-content\/uploads\/2021\/05\/12-05-Jornada-Salud-DRON_5-scaled.jpg'><img loading=\"lazy\" decoding=\"async\" width=\"300\" height=\"169\" src=\"\" class=\"attachment-medium size-medium lazyload\" alt=\"\" data-src=\"https:\/\/atecordoba.org\/wp-content\/uploads\/2021\/05\/12-05-Jornada-Salud-DRON_5-300x169.jpg\" data-sizes=\"auto\" data-srcset=\"https:\/\/atecordoba.org\/wp-content\/uploads\/2021\/05\/12-05-Jornada-Salud-DRON_5-300x169.jpg 300w, https:\/\/atecordoba.org\/wp-content\/uploads\/2021\/05\/12-05-Jornada-Salud-DRON_5-1024x576.jpg 1024w, https:\/\/atecordoba.org\/wp-content\/uploads\/2021\/05\/12-05-Jornada-Salud-DRON_5-768x432.jpg 768w, https:\/\/atecordoba.org\/wp-content\/uploads\/2021\/05\/12-05-Jornada-Salud-DRON_5-1536x864.jpg 1536w, https:\/\/atecordoba.org\/wp-content\/uploads\/2021\/05\/12-05-Jornada-Salud-DRON_5-2048x1152.jpg 2048w, https:\/\/atecordoba.org\/wp-content\/uploads\/2021\/05\/12-05-Jornada-Salud-DRON_5-750x422.jpg 750w, https:\/\/atecordoba.org\/wp-content\/uploads\/2021\/05\/12-05-Jornada-Salud-DRON_5-1140x641.jpg 1140w\" data-expand=\"700\" \/><\/a>\n                <\/div><\/figure><figure class='gallery-item'>\n                <div class='gallery-icon landscape'>\n                    <a href='https:\/\/atecordoba.org\/wp-content\/uploads\/2021\/05\/12-05-Jornada-Salud-DRON_13-scaled.jpg'><img loading=\"lazy\" decoding=\"async\" width=\"300\" height=\"169\" src=\"\" class=\"attachment-medium size-medium lazyload\" alt=\"\" data-src=\"https:\/\/atecordoba.org\/wp-content\/uploads\/2021\/05\/12-05-Jornada-Salud-DRON_13-300x169.jpg\" data-sizes=\"auto\" data-srcset=\"https:\/\/atecordoba.org\/wp-content\/uploads\/2021\/05\/12-05-Jornada-Salud-DRON_13-300x169.jpg 300w, https:\/\/atecordoba.org\/wp-content\/uploads\/2021\/05\/12-05-Jornada-Salud-DRON_13-1024x576.jpg 1024w, https:\/\/atecordoba.org\/wp-content\/uploads\/2021\/05\/12-05-Jornada-Salud-DRON_13-768x432.jpg 768w, https:\/\/atecordoba.org\/wp-content\/uploads\/2021\/05\/12-05-Jornada-Salud-DRON_13-1536x864.jpg 1536w, https:\/\/atecordoba.org\/wp-content\/uploads\/2021\/05\/12-05-Jornada-Salud-DRON_13-2048x1152.jpg 2048w, https:\/\/atecordoba.org\/wp-content\/uploads\/2021\/05\/12-05-Jornada-Salud-DRON_13-750x422.jpg 750w, https:\/\/atecordoba.org\/wp-content\/uploads\/2021\/05\/12-05-Jornada-Salud-DRON_13-1140x641.jpg 1140w\" data-expand=\"700\" \/><\/a>\n                <\/div><\/figure><br style=\"clear: both\" \/><figure class='gallery-item'>\n                <div class='gallery-icon landscape'>\n                    <a href='https:\/\/atecordoba.org\/wp-content\/uploads\/2021\/05\/12-05-Jornada-Salud-DRON_2-scaled.jpg'><img loading=\"lazy\" decoding=\"async\" width=\"300\" height=\"169\" src=\"\" class=\"attachment-medium size-medium lazyload\" alt=\"\" data-src=\"https:\/\/atecordoba.org\/wp-content\/uploads\/2021\/05\/12-05-Jornada-Salud-DRON_2-300x169.jpg\" data-sizes=\"auto\" data-srcset=\"https:\/\/atecordoba.org\/wp-content\/uploads\/2021\/05\/12-05-Jornada-Salud-DRON_2-300x169.jpg 300w, https:\/\/atecordoba.org\/wp-content\/uploads\/2021\/05\/12-05-Jornada-Salud-DRON_2-1024x576.jpg 1024w, https:\/\/atecordoba.org\/wp-content\/uploads\/2021\/05\/12-05-Jornada-Salud-DRON_2-768x432.jpg 768w, https:\/\/atecordoba.org\/wp-content\/uploads\/2021\/05\/12-05-Jornada-Salud-DRON_2-1536x864.jpg 1536w, https:\/\/atecordoba.org\/wp-content\/uploads\/2021\/05\/12-05-Jornada-Salud-DRON_2-2048x1152.jpg 2048w, https:\/\/atecordoba.org\/wp-content\/uploads\/2021\/05\/12-05-Jornada-Salud-DRON_2-750x422.jpg 750w, https:\/\/atecordoba.org\/wp-content\/uploads\/2021\/05\/12-05-Jornada-Salud-DRON_2-1140x641.jpg 1140w\" data-expand=\"700\" \/><\/a>\n                <\/div><\/figure><figure class='gallery-item'>\n                <div class='gallery-icon landscape'>\n                    <a href='https:\/\/atecordoba.org\/wp-content\/uploads\/2021\/05\/12-05-Jornada-Salud-DRON_17-scaled.jpg'><img loading=\"lazy\" decoding=\"async\" width=\"300\" height=\"169\" src=\"\" class=\"attachment-medium size-medium lazyload\" alt=\"\" data-src=\"https:\/\/atecordoba.org\/wp-content\/uploads\/2021\/05\/12-05-Jornada-Salud-DRON_17-300x169.jpg\" data-sizes=\"auto\" data-srcset=\"https:\/\/atecordoba.org\/wp-content\/uploads\/2021\/05\/12-05-Jornada-Salud-DRON_17-300x169.jpg 300w, https:\/\/atecordoba.org\/wp-content\/uploads\/2021\/05\/12-05-Jornada-Salud-DRON_17-1024x576.jpg 1024w, https:\/\/atecordoba.org\/wp-content\/uploads\/2021\/05\/12-05-Jornada-Salud-DRON_17-768x432.jpg 768w, https:\/\/atecordoba.org\/wp-content\/uploads\/2021\/05\/12-05-Jornada-Salud-DRON_17-1536x864.jpg 1536w, https:\/\/atecordoba.org\/wp-content\/uploads\/2021\/05\/12-05-Jornada-Salud-DRON_17-2048x1152.jpg 2048w, https:\/\/atecordoba.org\/wp-content\/uploads\/2021\/05\/12-05-Jornada-Salud-DRON_17-750x422.jpg 750w, https:\/\/atecordoba.org\/wp-content\/uploads\/2021\/05\/12-05-Jornada-Salud-DRON_17-1140x641.jpg 1140w\" data-expand=\"700\" \/><\/a>\n                <\/div><\/figure><figure class='gallery-item'>\n                <div class='gallery-icon landscape'>\n                    <a href='https:\/\/atecordoba.org\/wp-content\/uploads\/2021\/05\/20210512_123044-scaled.jpg'><img loading=\"lazy\" decoding=\"async\" width=\"300\" height=\"169\" src=\"\" class=\"attachment-medium size-medium lazyload\" alt=\"\" data-src=\"https:\/\/atecordoba.org\/wp-content\/uploads\/2021\/05\/20210512_123044-300x169.jpg\" data-sizes=\"auto\" data-srcset=\"https:\/\/atecordoba.org\/wp-content\/uploads\/2021\/05\/20210512_123044-300x169.jpg 300w, https:\/\/atecordoba.org\/wp-content\/uploads\/2021\/05\/20210512_123044-1024x576.jpg 1024w, https:\/\/atecordoba.org\/wp-content\/uploads\/2021\/05\/20210512_123044-768x432.jpg 768w, https:\/\/atecordoba.org\/wp-content\/uploads\/2021\/05\/20210512_123044-1536x864.jpg 1536w, https:\/\/atecordoba.org\/wp-content\/uploads\/2021\/05\/20210512_123044-2048x1152.jpg 2048w, https:\/\/atecordoba.org\/wp-content\/uploads\/2021\/05\/20210512_123044-750x422.jpg 750w, https:\/\/atecordoba.org\/wp-content\/uploads\/2021\/05\/20210512_123044-1140x641.jpg 1140w\" data-expand=\"700\" \/><\/a>\n                <\/div><\/figure><br style=\"clear: both\" \/>\n            <\/div>\n\n<p>Las trabajadoras y trabajadores de la Salud <strong>realizaron una intervenci\u00f3n art\u00edstica en Col\u00f3n y General Paz de C\u00f3rdoba Capital, como forma de visibilizar el paro con concurrencia a los lugares de trabajo dispuesto para hoy.<\/strong> En la ocasi\u00f3n, Federico Giuliani remarc\u00f3 la importancia de &#8220;continuar luchando por la dignidad de quienes enfrentan desde el primer momento a la pandemia, en la primera l\u00ednea de combate&#8221; y enfatiz\u00f3 en que &#8220;debemos cuidar a quienes nos cuidan. Si el gobierno trata a su personal de salud como descartable, para nosotros y nosotras ello es un motivo m\u00e1s que suficiente para pelear. Las trabajadoras y trabajadores de la salud son esenciales y despidiendo, persiguiendo, ajustando, no es como se trata a una actividad esencial&#8221;, remarc\u00f3.<\/p>\n<p>&nbsp;<\/p>\n<div class=\"epyt-video-wrapper\"><iframe loading=\"lazy\"  style=\"display: block; margin: 0px auto;\"  id=\"_ytid_52896\"  width=\"480\" height=\"270\"  data-origwidth=\"480\" data-origheight=\"270\" src=\"https:\/\/www.youtube.com\/embed\/HQAF8fUBmyc?enablejsapi=1&#038;autoplay=0&#038;cc_load_policy=0&#038;cc_lang_pref=&#038;iv_load_policy=3&#038;loop=0&#038;rel=0&#038;fs=1&#038;playsinline=0&#038;autohide=2&#038;theme=dark&#038;color=red&#038;controls=1&#038;disablekb=0&#038;\" class=\"__youtube_prefs__  epyt-is-override  no-lazyload\" title=\"YouTube player\"  allow=\"fullscreen; accelerometer; autoplay; clipboard-write; encrypted-media; gyroscope; picture-in-picture; web-share\" referrerpolicy=\"strict-origin-when-cross-origin\" allowfullscreen data-no-lazy=\"1\" data-skipgform_ajax_framebjll=\"\"><\/iframe><\/div>\n<p>&nbsp;<\/p>\n<p>&nbsp;<\/p>\n<div class=\"epyt-video-wrapper\"><iframe loading=\"lazy\"  style=\"display: block; margin: 0px auto;\"  id=\"_ytid_31726\"  width=\"480\" height=\"270\"  data-origwidth=\"480\" data-origheight=\"270\" src=\"https:\/\/www.youtube.com\/embed\/IzcmOnb_jRw?enablejsapi=1&#038;autoplay=0&#038;cc_load_policy=0&#038;cc_lang_pref=&#038;iv_load_policy=3&#038;loop=0&#038;rel=0&#038;fs=1&#038;playsinline=0&#038;autohide=2&#038;theme=dark&#038;color=red&#038;controls=1&#038;disablekb=0&#038;\" class=\"__youtube_prefs__  epyt-is-override  no-lazyload\" title=\"YouTube player\"  allow=\"fullscreen; accelerometer; autoplay; clipboard-write; encrypted-media; gyroscope; picture-in-picture; web-share\" referrerpolicy=\"strict-origin-when-cross-origin\" allowfullscreen data-no-lazy=\"1\" data-skipgform_ajax_framebjll=\"\"><\/iframe><\/div>\n","protected":false},"excerpt":{"rendered":"<p>Las trabajadoras y trabajadores de la Salud realizaron una intervenci\u00f3n art\u00edstica en Col\u00f3n y General Paz de C\u00f3rdoba Capital, como forma de visibilizar el paro con concurrencia a los lugares de trabajo dispuesto para hoy. En la ocasi\u00f3n, Federico Giuliani remarc\u00f3 la importancia de &#8220;continuar luchando por la dignidad de quienes enfrentan desde el primer [&hellip;]<\/p>\n","protected":false},"author":6,"featured_media":25868,"comment_status":"open","ping_status":"open","sticky":false,"template":"","format":"standard","meta":{"_exactmetrics_skip_tracking":false,"_exactmetrics_sitenote_active":false,"_exactmetrics_sitenote_note":"","_exactmetrics_sitenote_category":0,"jnews-multi-image_gallery":[],"jnews_single_post":{"source_name":"","source_url":"","via_name":"","via_url":"","override_template":"0","override":[{"template":"1","single_blog_custom":"","parallax":"1","fullscreen":"0","layout":"right-sidebar","sidebar":"default-sidebar","second_sidebar":"default-sidebar","sticky_sidebar":"1","share_position":"top","share_float_style":"share-monocrhome","show_share_counter":"1","show_view_counter":"1","show_featured":"1","show_post_meta":"1","show_post_author":"1","show_post_author_image":"1","show_post_date":"1","post_date_format":"default","post_date_format_custom":"Y\/m\/d","show_post_category":"1","show_post_reading_time":"0","post_reading_time_wpm":"300","show_zoom_button":"0","zoom_button_out_step":"2","zoom_button_in_step":"3","show_post_tag":"1","show_prev_next_post":"1","show_popup_post":"1","number_popup_post":"1","show_author_box":"0","show_post_related":"0","show_inline_post_related":"0"}],"override_image_size":"0","image_override":[{"single_post_thumbnail_size":"crop-500","single_post_gallery_size":"crop-500"}],"trending_post":"0","trending_post_position":"meta","trending_post_label":"Trending","sponsored_post":"0","sponsored_post_label":"Sponsored by","sponsored_post_name":"","sponsored_post_url":"","sponsored_post_logo_enable":"0","sponsored_post_logo":"","sponsored_post_desc":""},"jnews_primary_category":{"id":""},"jnews_social_meta":{"fb_title":"","fb_description":"","fb_image":"","twitter_title":"","twitter_description":"","twitter_image":""},"jnews_review":[],"enable_review":"0","type":"percentage","name":"","summary":"","brand":"","sku":"","good":[{"good_text":""}],"bad":[{"bad_text":""}],"score_override":"","override_value":"","rating":[{"rating_text":"","rating_number":"10"}],"price":[{"shop":"","price":"","link":"","icon":""}],"jnews_override_counter":{"override_view_counter":"0","view_counter_number":"0","override_share_counter":"0","share_counter_number":"0","override_like_counter":"0","like_counter_number":"0","override_dislike_counter":"0","dislike_counter_number":"0"},"jnews_post_split":{"enable_post_split":"0","post_split":[{"template":"1","tag":"h2","numbering":"asc","mode":"normal"}]},"footnotes":""},"categories":[341,8],"tags":[436,632],"class_list":["post-25867","post","type-post","status-publish","format-standard","has-post-thumbnail","hentry","category-cdp","category-provinciales","tag-equipo-de-salud-provincial","tag-multisectorial-de-la-salud"],"jetpack_featured_media_url":"https:\/\/atecordoba.org\/wp-content\/uploads\/2021\/05\/12-05-Jornada-Salud-DRON_10-scaled-e1620849161675.jpg","_links":{"self":[{"href":"https:\/\/atecordoba.org\/index.php?rest_route=\/wp\/v2\/posts\/25867","targetHints":{"allow":["GET"]}}],"collection":[{"href":"https:\/\/atecordoba.org\/index.php?rest_route=\/wp\/v2\/posts"}],"about":[{"href":"https:\/\/atecordoba.org\/index.php?rest_route=\/wp\/v2\/types\/post"}],"author":[{"embeddable":true,"href":"https:\/\/atecordoba.org\/index.php?rest_route=\/wp\/v2\/users\/6"}],"replies":[{"embeddable":true,"href":"https:\/\/atecordoba.org\/index.php?rest_route=%2Fwp%2Fv2%2Fcomments&post=25867"}],"version-history":[{"count":3,"href":"https:\/\/atecordoba.org\/index.php?rest_route=\/wp\/v2\/posts\/25867\/revisions"}],"predecessor-version":[{"id":25877,"href":"https:\/\/atecordoba.org\/index.php?rest_route=\/wp\/v2\/posts\/25867\/revisions\/25877"}],"wp:featuredmedia":[{"embeddable":true,"href":"https:\/\/atecordoba.org\/index.php?rest_route=\/wp\/v2\/media\/25868"}],"wp:attachment":[{"href":"https:\/\/atecordoba.org\/index.php?rest_route=%2Fwp%2Fv2%2Fmedia&parent=25867"}],"wp:term":[{"taxonomy":"category","embeddable":true,"href":"https:\/\/atecordoba.org\/index.php?rest_route=%2Fwp%2Fv2%2Fcategories&post=25867"},{"taxonomy":"post_tag","embeddable":true,"href":"https:\/\/atecordoba.org\/index.php?rest_route=%2Fwp%2Fv2%2Ftags&post=25867"}],"curies":[{"name":"wp","href":"https:\/\/api.w.org\/{rel}","templated":true}]}}