{"id":25820,"date":"2021-05-11T16:37:09","date_gmt":"2021-05-11T19:37:09","guid":{"rendered":"https:\/\/atecordoba.org\/?p=25820"},"modified":"2021-05-11T16:58:39","modified_gmt":"2021-05-11T19:58:39","slug":"el-gobierno-libero-cerca-de-8300-cargos-vacantes-de-planta-permanente","status":"publish","type":"post","link":"https:\/\/atecordoba.org\/?p=25820","title":{"rendered":"El Gobierno Nacional liber\u00f3 cerca de 8300 cargos vacantes de planta permanente"},"content":{"rendered":"<p><a href=\"https:\/\/atecordoba.org\/wp-content\/uploads\/2021\/05\/11-05-Pase-a-Planta-Permanente-100.jpg\"><img loading=\"lazy\" decoding=\"async\" class=\"aligncenter size-large wp-image-25822\" src=\"https:\/\/atecordoba.org\/wp-content\/uploads\/2021\/05\/11-05-Pase-a-Planta-Permanente-100-1024x683.jpg\" alt=\"\" width=\"1024\" height=\"683\" srcset=\"https:\/\/atecordoba.org\/wp-content\/uploads\/2021\/05\/11-05-Pase-a-Planta-Permanente-100-1024x683.jpg 1024w, https:\/\/atecordoba.org\/wp-content\/uploads\/2021\/05\/11-05-Pase-a-Planta-Permanente-100-300x200.jpg 300w, https:\/\/atecordoba.org\/wp-content\/uploads\/2021\/05\/11-05-Pase-a-Planta-Permanente-100-768x512.jpg 768w, https:\/\/atecordoba.org\/wp-content\/uploads\/2021\/05\/11-05-Pase-a-Planta-Permanente-100-750x500.jpg 750w, https:\/\/atecordoba.org\/wp-content\/uploads\/2021\/05\/11-05-Pase-a-Planta-Permanente-100-1140x761.jpg 1140w, https:\/\/atecordoba.org\/wp-content\/uploads\/2021\/05\/11-05-Pase-a-Planta-Permanente-100.jpg 1214w\" sizes=\"auto, (max-width: 1024px) 100vw, 1024px\" \/><\/a><\/p>\n<p>Desde el<strong>\u00a0Departamento de Negociaci\u00f3n Colectiva y \u00c1reas Tem\u00e1ticas Nacionales, que lidera Flavio Vergara<\/strong>, del Consejo Directivo Nacional de ATE, informaron que se oficializ\u00f3 la incorporaci\u00f3n y asignaci\u00f3n de casi\u00a0<strong>8300 vacantes de Planta Permanente que se concursar\u00e1n durante 2021.<\/strong><\/p>\n<p>La medida, que adopt\u00f3 el Gobierno Nacional por medio de la <a href=\"https:\/\/www.boletinoficial.gob.ar\/detalleAviso\/primera\/244122\/20210510\" target=\"_blank\" rel=\"noopener noreferrer\">Decisi\u00f3n Administrativa 449\/21<\/a>, forma parte de la ejecuci\u00f3n del Plan Integral de Regularizaci\u00f3n del Empleo P\u00fablico anunciado a fines de diciembre del a\u00f1o pasado. &#8220;No puede haber Estado presente con trabajadoras y trabajadores precarizados\/as. <strong>Esta resoluci\u00f3n es un comienzo<\/strong>, el cumplimiento de la palabra empe\u00f1ada, ni m\u00e1s ni menos que eso. Pero<strong> advertimos que hay que ir por todas y todos quienes el Estado precariza y regularizar su situaci\u00f3n&#8221;, remarc\u00f3 Federico Giuliani, Secretario General de ATE C\u00f3rdoba.<\/strong> &#8220;Esta lucha hist\u00f3rica de ATE por el fin de las distintas formas de fraude laboral en que incurre el Estado debe seguir sosteni\u00e9ndose: ahora resta ver los criterios para la distribuci\u00f3n de estos 8300 puestos de planta permanente.<strong> Deben ser con un car\u00e1cter Federal y de equidad de g\u00e9nero&#8221;, enfatiz\u00f3 el dirigente. &#8220;Estos derechos los hemos conseguido gracias a la lucha a lo largo y ancho del pa\u00eds: seguiremos en ese camino para ir por todo lo que falta&#8221;, ratific\u00f3 Giuliani.<\/strong><\/p>\n<p><strong>Desde ATE Nacional<\/strong><\/p>\n<p>&#8220;La erradicaci\u00f3n de la precarizaci\u00f3n laboral en el Estado Nacional es una bandera hist\u00f3rica que venimos enarbolando desde hace a\u00f1os, a trav\u00e9s de numerosas luchas y gestiones en todos los \u00e1mbitos. La conducta \u00e9tica e iniciativa pol\u00edtica sostenidas a lo largo del tiempo por nuestro sindicato rinden sus frutos, plasmados en medidas concretas por parte de un Gobierno receptivo a las necesidades de las y los estatales. Con esfuerzo, seguimos protagonizando el camino hacia la Planta Permanente para todos y todas&#8221;, se\u00f1alaron desde el Departamento de Negociaci\u00f3n Colectiva.<\/p>\n<p>Espec\u00edficamente, la citada decisi\u00f3n administrativa liber\u00f3 8294 vacantes correspondientes a organismos encuadrados dentro del convenio colectivo de trabajo del Sistema Nacional del Empleo P\u00fablico (SINEP), homologado por el Decreto 2098\/08. La misma contempla la cobertura de nuevos cargos y la resoluci\u00f3n efectiva de procesos de selecci\u00f3n pendientes de 2015, 2017 y 2019 -que tambi\u00e9n son parte de la reparaci\u00f3n-, que se concursar\u00e1n hasta finales del a\u00f1o en curso, a trav\u00e9s de las cuatro convocatorias consecutivas prefijadas en esta etapa del Plan Integral de Regularizaci\u00f3n del Empleo P\u00fablico -siendo esta primera la m\u00e1s cuantiosa-.<\/p>\n<p>En esta oportunidad, la medida alcanza a la Presidencia de la Naci\u00f3n; la Jefatura de Gabinete de Ministros; y a los ministerios nacionales de Interior; Relaciones Exteriores, Comercio Internacional y Culto; Justicia y Derechos Humanos; Seguridad; Defensa; Desarrollo Productivo; Agricultura, Ganader\u00eda y Pesca; Turismo y Deportes; Transporte; Obras P\u00fablicas; Educaci\u00f3n; Ciencia, Tecnolog\u00eda e Innovaci\u00f3n; Cultura; Trabajo, Empleo y Seguridad Social; Salud; Ambiente y Desarrollo Sostenible; Desarrollo Social; y Mujeres, G\u00e9neros y Diversidad.<\/p>\n<p>&#8220;Continuaremos articulando acciones con lxs delegadxs de cada sector de trabajo para que los procesos de concursado lleguen a buen puerto; socializando la informaci\u00f3n relevante sobre la tem\u00e1tica; y promoviendo capacitaciones para lxs concursantes y veedorxs gremiales. Asimismo, convocaremos pr\u00f3ximamente a una reuni\u00f3n para coordinar y fortalecer las iniciativas necesarias con el objetivo de seguir avanzando en el pase a Planta Permanente en el Estado nacional&#8221;, reafirmaron desde el Departamento.<\/p>\n","protected":false},"excerpt":{"rendered":"<p>Desde el\u00a0Departamento de Negociaci\u00f3n Colectiva y \u00c1reas Tem\u00e1ticas Nacionales, que lidera Flavio Vergara, del Consejo Directivo Nacional de ATE, informaron que se oficializ\u00f3 la incorporaci\u00f3n y asignaci\u00f3n de casi\u00a08300 vacantes de Planta Permanente que se concursar\u00e1n durante 2021. La medida, que adopt\u00f3 el Gobierno Nacional por medio de la Decisi\u00f3n Administrativa 449\/21, forma parte de [&hellip;]<\/p>\n","protected":false},"author":6,"featured_media":25822,"comment_status":"open","ping_status":"open","sticky":false,"template":"","format":"standard","meta":{"_exactmetrics_skip_tracking":false,"_exactmetrics_sitenote_active":false,"_exactmetrics_sitenote_note":"","_exactmetrics_sitenote_category":0,"jnews-multi-image_gallery":[],"jnews_single_post":{"source_name":"","source_url":"","via_name":"","via_url":"","override_template":"0","override":[{"template":"1","single_blog_custom":"","parallax":"1","fullscreen":"0","layout":"right-sidebar","sidebar":"default-sidebar","second_sidebar":"default-sidebar","sticky_sidebar":"1","share_position":"top","share_float_style":"share-monocrhome","show_share_counter":"1","show_view_counter":"1","show_featured":"1","show_post_meta":"1","show_post_author":"1","show_post_author_image":"1","show_post_date":"1","post_date_format":"default","post_date_format_custom":"Y\/m\/d","show_post_category":"1","show_post_reading_time":"0","post_reading_time_wpm":"300","show_zoom_button":"0","zoom_button_out_step":"2","zoom_button_in_step":"3","show_post_tag":"1","show_prev_next_post":"1","show_popup_post":"1","number_popup_post":"1","show_author_box":"0","show_post_related":"0","show_inline_post_related":"0"}],"override_image_size":"0","image_override":[{"single_post_thumbnail_size":"crop-500","single_post_gallery_size":"crop-500"}],"trending_post":"0","trending_post_position":"meta","trending_post_label":"Trending","sponsored_post":"0","sponsored_post_label":"Sponsored by","sponsored_post_name":"","sponsored_post_url":"","sponsored_post_logo_enable":"0","sponsored_post_logo":"","sponsored_post_desc":""},"jnews_primary_category":{"id":""},"jnews_social_meta":{"fb_title":"","fb_description":"","fb_image":"","twitter_title":"","twitter_description":"","twitter_image":""},"jnews_review":[],"enable_review":"0","type":"percentage","name":"","summary":"","brand":"","sku":"","good":[{"good_text":""}],"bad":[{"bad_text":""}],"score_override":"","override_value":"","rating":[{"rating_text":"","rating_number":"10"}],"price":[{"shop":"","price":"","link":"","icon":""}],"jnews_override_counter":{"override_view_counter":"0","view_counter_number":"0","override_share_counter":"0","share_counter_number":"0","override_like_counter":"0","like_counter_number":"0","override_dislike_counter":"0","dislike_counter_number":"0"},"jnews_post_split":{"enable_post_split":"0","post_split":[{"template":"1","tag":"h2","numbering":"asc","mode":"normal"}]},"footnotes":""},"categories":[756,341,18],"tags":[],"class_list":["post-25820","post","type-post","status-publish","format-standard","has-post-thumbnail","hentry","category-consejo-directivo-nacional-cdn","category-cdp","category-nacionales"],"jetpack_featured_media_url":"https:\/\/atecordoba.org\/wp-content\/uploads\/2021\/05\/11-05-Pase-a-Planta-Permanente-100.jpg","_links":{"self":[{"href":"https:\/\/atecordoba.org\/index.php?rest_route=\/wp\/v2\/posts\/25820","targetHints":{"allow":["GET"]}}],"collection":[{"href":"https:\/\/atecordoba.org\/index.php?rest_route=\/wp\/v2\/posts"}],"about":[{"href":"https:\/\/atecordoba.org\/index.php?rest_route=\/wp\/v2\/types\/post"}],"author":[{"embeddable":true,"href":"https:\/\/atecordoba.org\/index.php?rest_route=\/wp\/v2\/users\/6"}],"replies":[{"embeddable":true,"href":"https:\/\/atecordoba.org\/index.php?rest_route=%2Fwp%2Fv2%2Fcomments&post=25820"}],"version-history":[{"count":4,"href":"https:\/\/atecordoba.org\/index.php?rest_route=\/wp\/v2\/posts\/25820\/revisions"}],"predecessor-version":[{"id":25826,"href":"https:\/\/atecordoba.org\/index.php?rest_route=\/wp\/v2\/posts\/25820\/revisions\/25826"}],"wp:featuredmedia":[{"embeddable":true,"href":"https:\/\/atecordoba.org\/index.php?rest_route=\/wp\/v2\/media\/25822"}],"wp:attachment":[{"href":"https:\/\/atecordoba.org\/index.php?rest_route=%2Fwp%2Fv2%2Fmedia&parent=25820"}],"wp:term":[{"taxonomy":"category","embeddable":true,"href":"https:\/\/atecordoba.org\/index.php?rest_route=%2Fwp%2Fv2%2Fcategories&post=25820"},{"taxonomy":"post_tag","embeddable":true,"href":"https:\/\/atecordoba.org\/index.php?rest_route=%2Fwp%2Fv2%2Ftags&post=25820"}],"curies":[{"name":"wp","href":"https:\/\/api.w.org\/{rel}","templated":true}]}}