{"id":2582,"date":"2013-04-10T21:31:25","date_gmt":"2013-04-11T00:31:25","guid":{"rendered":"http:\/\/www.atecordoba.org\/?p=2582"},"modified":"2020-06-09T15:43:04","modified_gmt":"2020-06-09T18:43:04","slug":"ayer-se-creo-el-departamento-de-genero-en-el-cdp","status":"publish","type":"post","link":"https:\/\/atecordoba.org\/?p=2582","title":{"rendered":"Ayer se cre\u00f3 el Departamento de G\u00e9nero en el CDP"},"content":{"rendered":"<p><em>En una reuni\u00f3n de Comisi\u00f3n Directiva ampliada, con la presencia de Marta Galante que integra la Secretaria de Organizaci\u00f3n del Consejo Directivo Nacional, se lanz\u00f3 el departamento de Genero en C\u00f3rdoba.<\/em><\/p>\n<p style=\"text-align: center;\"><a href=\"http:\/\/atecordoba.org\/wp-content\/uploads\/2020\/06\/CDP-depto-genero-3.jpg\"><img loading=\"lazy\" decoding=\"async\" class=\"aligncenter  wp-image-2584\" title=\"CDP+ depto genero 3\" alt=\"\" src=\"http:\/\/atecordoba.org\/wp-content\/uploads\/2020\/06\/CDP-depto-genero-3.jpg\" width=\"560\" height=\"420\" \/><\/a><\/p>\n<p>La reuni\u00f3n cont\u00f3 con la presencia del secretariado del Consejo Directivo Provincial, encabezado por Mar\u00eda Teresa Romero, los secretarios genereales de Villa Mar\u00eda y R\u00edo Tercero, Walter Secondino y Cristian Colman, y el secretario Gremial de Rio Cuarto, Adrian \u00c1valos.<\/p>\n<p>&#8220;Fue un buen encuentro donde se design\u00f3 a la compa\u00f1era Miriam Martino para que organice el departamento de G\u00e9nero en C\u00f3rdoba&#8221;, dijo Romero al finalizar la reuni\u00f3n.<\/p>\n<p>A nivel nacional, el departamento de G\u00e9nero integra la Secretar\u00eda de Organizaci\u00f3n, a cargo de Silvia Le\u00f3n, que salud\u00f3 la reuni\u00f3n con el anhelo que se establezca como pol\u00edtica en C\u00f3rdoba el combate a la violencia de g\u00e9nero. Encargada de llevar la iniciativa a todo el pa\u00eds, Marta Galante relat\u00f3 los principales ejes de espacio, junto con la ayuda de la compa\u00f1era Lorena.<\/p>\n<p>&#8220;En esta nueva gesti\u00f3n en el CDN se relanz\u00f3 el Departamento de G\u00e9nero. Estamos saliendo a todo el pa\u00eds, discutiendo con los compa\u00f1eros dirigentes, en esta primera etapa, la necesidad de la conformaci\u00f3n de estos departamentos en cada uno de los CDP y las seccionales, porque ponemos en debate como el sistema patriarcal y el capitalismo atraviesan la clase y la modifican, especialmente a las mujeres&#8221;, dijo Galante.<\/p>\n<p style=\"text-align: center;\"><a href=\"http:\/\/atecordoba.org\/wp-content\/uploads\/2020\/06\/CDP-depto-genero-2.jpg\"><img loading=\"lazy\" decoding=\"async\" class=\"aligncenter  wp-image-2585\" title=\"CDP+ depto genero 2\" alt=\"\" src=\"http:\/\/atecordoba.org\/wp-content\/uploads\/2020\/06\/CDP-depto-genero-2.jpg\" width=\"560\" height=\"420\" \/><\/a><\/p>\n<p><strong>\u00bfCu\u00e1l es el punto de partida del Departamento de Genero?<\/strong><\/p>\n<p>Debemos discutir sobre c\u00f3mo avanzar para eliminar las diferencias y lograr equidad en las condiciones laborales y en derechos. Las mujeres tenemos desigualdades muy profundas en el sistema de trabajo, la precariedad se da en ambos g\u00e9neros pero especialmente entre las mujeres. Como dirigentes tenemos que verlo y discutirlo con los compa\u00f1eros de todo el pa\u00eds. En cada lugar deben existir departamentos de g\u00e9nero que aborden las problem\u00e1ticas de compa\u00f1eros y compa\u00f1eras en torno del trabajo, la sindicalizaci\u00f3n.<\/p>\n<p><strong>\u00bfEsto incluye la realidad para dentro de la organizaci\u00f3n sindical?<\/strong><\/p>\n<p>Exactamente, porque las mujeres somos mayor\u00eda en el padr\u00f3n nacional de ATE pero al momento de las responsabilidades de conducci\u00f3n no se tienen en cuenta estos porcentajes y entonces s\u00f3lo nos cabe el cupo femenino del 30%. Obviamente no es el caso de C\u00f3rdoba pero si en otros lugares del pa\u00eds.<\/p>\n<p>Debe buscarse una igualdad porque las mujeres tambi\u00e9n ponemos el hombro en la militancia todos los d\u00edas y trabajamos. En el Estado hay mayor cantidad de filiaci\u00f3n femenina pero los cargos jer\u00e1rquicos son en su mayor\u00eda de hombres. Tambi\u00e9n ponemos en discusi\u00f3n el rol que nos tienen asignados como mujeres, de cuidadoras y al hombre de proveedor, para romper ese techo de cristal y poder discutir cualquier cosa con todos.<\/p>\n<p>En C\u00f3rdoba tuvimos muy buena recepci\u00f3n de parte de los compa\u00f1eros dirigentes. Creemos que en una primera instancia tienen que estar porque son los que conducen los procesos, tanto en el CDP como en las seccionales. A partir de entender que son los g\u00e9neros, para hablar de algo m\u00e1s abarcativo. Hay otras opciones de genero como gays o lesbianas que tambi\u00e9n tenemos que abordar, no s\u00f3lo con la seriedad y el criterio que siempre hacemos sino que es all\u00ed donde se producen mayores inequidades. Descontracturando nuestra mente para avanzar sobre la tem\u00e1tica de los g\u00e9neros, podemos empezar a pelear contra el capitalismo que nos somete y produce tantas inequidades.<\/p>\n<p style=\"text-align: center;\"><a href=\"http:\/\/atecordoba.org\/wp-content\/uploads\/2020\/06\/CDP-depto-genero-4.jpg\"><img loading=\"lazy\" decoding=\"async\" class=\"aligncenter  wp-image-2586\" title=\"CDP + depto genero 4\" alt=\"\" src=\"http:\/\/atecordoba.org\/wp-content\/uploads\/2020\/06\/CDP-depto-genero-4.jpg\" width=\"560\" height=\"420\" \/><\/a><\/p>\n<p><strong>\u00bfDentro del panorama que hacen cu\u00e1les son las principales alertas sobre la situaci\u00f3n de las mujeres?<\/strong><\/p>\n<p>Lorena: el tema de la violencia es uno de los ejes que m\u00e1s se est\u00e1 visibilizando, no s\u00f3lo en el trabajo, sino tambi\u00e9n a nivel social. Hay alertas de los delegados, los afiliados, el cuerpo directivo, que se preguntan qu\u00e9 poder hacer en el caso que una compa\u00f1era viva una situaci\u00f3n de violencia, c\u00f3mo manejarlo. Lo m\u00e1s visible es la violencia conyugal, pero tambi\u00e9n la violencia institucional no s\u00f3lo de las mujeres sino de toda la clase trabajadora.<\/p>\n<p>Marta: ponemos hincapi\u00e9 que el Departamento de G\u00e9nero debe ser mixto porque el abordaje tiene que ser en conjunto. Todo depende de la voluntad, tenemos mucha experiencia respecto a lo que significa el trabajo y c\u00f3mo nos organizamos. Creo que C\u00f3rdoba siempre dio muestras de tener una definici\u00f3n y decisi\u00f3n de hacer lo que corresponde. Lo demostr\u00f3 con la tenacidad con que resiste la discriminaci\u00f3n del gobierno provincial, creciendo en afiliaciones a pesar de esta situaci\u00f3n.<\/p>\n<p>Adem\u00e1s, en cuanto a la participaci\u00f3n femenina en la conducci\u00f3n se excede el cupo y es algo importante, que habla de la condici\u00f3n de los dirigentes que hay en esta provincia.<\/p>\n<p style=\"text-align: center;\"><a href=\"http:\/\/atecordoba.org\/wp-content\/uploads\/2020\/06\/CDP-depto-genero-11.jpg\"><img loading=\"lazy\" decoding=\"async\" class=\"aligncenter  wp-image-2587\" title=\"CDP + depto genero 1\" alt=\"\" src=\"http:\/\/atecordoba.org\/wp-content\/uploads\/2020\/06\/CDP-depto-genero-11.jpg\" width=\"560\" height=\"420\" \/><\/a><\/p>\n<p><strong>\u00bfQu\u00e9 evaluaci\u00f3n hacen de las pol\u00edticas de Estado al respecto?<\/strong><\/p>\n<p>En el congreso nacional se aprob\u00f3 hace cuatro a\u00f1os una ley Sobre Violencia de G\u00e9nero, completa e integral en cuanto al abordaje de la problem\u00e1tica. Pero no tiene presupuesto, que lo tiene que dar el ejecutivo, porque no est\u00e1 reglamentada. Tenemos la herramienta pero no la disposici\u00f3n para hacerla efectiva.<\/p>\n<p>Eso pinta\u00a0 de cuerpo entero lo que es el Estado hoy: la preocupaci\u00f3n es a medias y faltan estad\u00edsticas oficiales. Una ONG, la Casa del Encuentro, es la que emite las alertas que cada 31 horas hay una mujer muerta por violencia de g\u00e9nero. As\u00ed lleg\u00f3 a 286 asesinadas el a\u00f1o pasado.<\/p>\n<p>No hay una definici\u00f3n concreta del Estado para erradicar la situaci\u00f3n. Si la hubiera implementar\u00eda la ley que hoy es s\u00f3lo letra vac\u00eda.<\/p>\n","protected":false},"excerpt":{"rendered":"<p>En una reuni\u00f3n de Comisi\u00f3n Directiva ampliada, con la presencia de Marta Galante que integra la Secretaria de Organizaci\u00f3n del Consejo Directivo Nacional, se lanz\u00f3 el departamento de Genero en C\u00f3rdoba. La reuni\u00f3n cont\u00f3 con la presencia del secretariado del Consejo Directivo Provincial, encabezado por Mar\u00eda Teresa Romero, los secretarios genereales de Villa Mar\u00eda y [&hellip;]<\/p>\n","protected":false},"author":1,"featured_media":19220,"comment_status":"open","ping_status":"open","sticky":false,"template":"","format":"standard","meta":{"_exactmetrics_skip_tracking":false,"_exactmetrics_sitenote_active":false,"_exactmetrics_sitenote_note":"","_exactmetrics_sitenote_category":0,"jnews-multi-image_gallery":[],"jnews_single_post":[],"jnews_primary_category":[],"jnews_social_meta":[],"jnews_review":[],"enable_review":"","type":"","name":"","summary":"","brand":"","sku":"","good":[],"bad":[],"score_override":"","override_value":"","rating":[],"price":[],"jnews_override_counter":[],"jnews_post_split":[],"footnotes":""},"categories":[325,18],"tags":[],"class_list":["post-2582","post","type-post","status-publish","format-standard","has-post-thumbnail","hentry","category-generos-y-diversidades","category-nacionales"],"jetpack_featured_media_url":"https:\/\/atecordoba.org\/wp-content\/uploads\/2020\/05\/logo-nuevochico-e1561581322808.png","_links":{"self":[{"href":"https:\/\/atecordoba.org\/index.php?rest_route=\/wp\/v2\/posts\/2582","targetHints":{"allow":["GET"]}}],"collection":[{"href":"https:\/\/atecordoba.org\/index.php?rest_route=\/wp\/v2\/posts"}],"about":[{"href":"https:\/\/atecordoba.org\/index.php?rest_route=\/wp\/v2\/types\/post"}],"author":[{"embeddable":true,"href":"https:\/\/atecordoba.org\/index.php?rest_route=\/wp\/v2\/users\/1"}],"replies":[{"embeddable":true,"href":"https:\/\/atecordoba.org\/index.php?rest_route=%2Fwp%2Fv2%2Fcomments&post=2582"}],"version-history":[{"count":1,"href":"https:\/\/atecordoba.org\/index.php?rest_route=\/wp\/v2\/posts\/2582\/revisions"}],"predecessor-version":[{"id":20065,"href":"https:\/\/atecordoba.org\/index.php?rest_route=\/wp\/v2\/posts\/2582\/revisions\/20065"}],"wp:featuredmedia":[{"embeddable":true,"href":"https:\/\/atecordoba.org\/index.php?rest_route=\/wp\/v2\/media\/19220"}],"wp:attachment":[{"href":"https:\/\/atecordoba.org\/index.php?rest_route=%2Fwp%2Fv2%2Fmedia&parent=2582"}],"wp:term":[{"taxonomy":"category","embeddable":true,"href":"https:\/\/atecordoba.org\/index.php?rest_route=%2Fwp%2Fv2%2Fcategories&post=2582"},{"taxonomy":"post_tag","embeddable":true,"href":"https:\/\/atecordoba.org\/index.php?rest_route=%2Fwp%2Fv2%2Ftags&post=2582"}],"curies":[{"name":"wp","href":"https:\/\/api.w.org\/{rel}","templated":true}]}}