{"id":25779,"date":"2021-05-06T14:51:35","date_gmt":"2021-05-06T17:51:35","guid":{"rendered":"https:\/\/atecordoba.org\/?p=25779"},"modified":"2021-05-07T08:50:04","modified_gmt":"2021-05-07T11:50:04","slug":"discapacidad-ate-mantuvo-una-fructifera-audiencia-con-la-provincia","status":"publish","type":"post","link":"https:\/\/atecordoba.org\/?p=25779","title":{"rendered":"Discapacidad: ATE mantuvo una fruct\u00edfera audiencia con la Provincia"},"content":{"rendered":"<p><img loading=\"lazy\" decoding=\"async\" class=\" wp-image-25778 aligncenter\" src=\"https:\/\/atecordoba.org\/wp-content\/uploads\/2021\/05\/secretaria-discapacidad-300x169.jpeg\" alt=\"\" width=\"603\" height=\"340\" srcset=\"https:\/\/atecordoba.org\/wp-content\/uploads\/2021\/05\/secretaria-discapacidad-300x169.jpeg 300w, https:\/\/atecordoba.org\/wp-content\/uploads\/2021\/05\/secretaria-discapacidad-1024x576.jpeg 1024w, https:\/\/atecordoba.org\/wp-content\/uploads\/2021\/05\/secretaria-discapacidad-768x432.jpeg 768w, https:\/\/atecordoba.org\/wp-content\/uploads\/2021\/05\/secretaria-discapacidad-750x422.jpeg 750w, https:\/\/atecordoba.org\/wp-content\/uploads\/2021\/05\/secretaria-discapacidad-1140x641.jpeg 1140w, https:\/\/atecordoba.org\/wp-content\/uploads\/2021\/05\/secretaria-discapacidad.jpeg 1280w\" sizes=\"auto, (max-width: 603px) 100vw, 603px\" \/>Hoy se llev\u00f3 acabo una la importante reuni\u00f3n institucional entre el Departamento de Discapacidad de ATE Franco Orsato y Natacha Peruzzi con la Subsecretar\u00eda de Discapacidad, Rehabilitaci\u00f3n e Inclusi\u00f3n de la Provincia de C\u00f3rdoba, Dra. Mar\u00eda Teresa Puga.<\/p>\n<p>Federico Giuliani, secretario General de ATE C\u00f3rdoba,\u00a0 y Franco Orsato, director de Discapacidad del Consejo Directivo Provincial, pudieron intercambiar una mirada amplia sobre la problem\u00e1tica, haciendo hincapi\u00e9 en la vacunaci\u00f3n y el cupo laboral.<\/p>\n<p>Orsato sali\u00f3 muy satisfecho de la audiencia ya que la funcionaria mostr\u00f3 disposici\u00f3n a recibir propuestas, se mostr\u00f3 operativa y termin\u00f3 conformando una mesa de trabajo que dar\u00e1 un \u00e1mbito de participaci\u00f3n del Departamento de Discapacidad del CDP, para canalizar propuestas e inquietudes y alcanzar soluciones eficaces para favorecer al colectivo de las y los discapacitados.<\/p>\n<p>En primer t\u00e9rmino, se avanz\u00f3 en la modificaci\u00f3n de los par\u00e1metros para ampliar la inclusi\u00f3n de personas con discapacidades como prioritarias para recibir la vacuna contra el Covid-19 en el marco de la campa\u00f1a p\u00fablica de vacunaci\u00f3n.<\/p>\n<p>&#8220;Se va a incluir en el formulario, a propuesta nuestra, la enfermedades que constituyen comorbilidades o factores concurrentes con enfermedades aparte de las que acreditan en el CUD (certificado \u00fanico de discapacidad) que emite la provincia&#8221;, explic\u00f3 Orsato.<\/p>\n<p>El dirigente dijo que, adem\u00e1s, la charla &#8220;se pudo conformar una mesa de trabajo donde tambi\u00e9n vamos a abordar el tema\u00a0 de las capacitaciones en la problem\u00e1tica de discapacidad\u00a0 y a su vez se puso a disposici\u00f3n los diferentes programas que est\u00e1 aplicando la provincia y la subsecretaria\u00a0 espec\u00edficamente respecto a la problem\u00e1tica de salud, acceso al CUD, valoraciones educativas y dem\u00e1s&#8221;.<\/p>\n<p>Por eso, Orsato valor\u00f3 como &#8220;muy auspiciosa&#8221; la reuni\u00f3n. &#8220;Se estableci\u00f3 \u00a0con una canal de di\u00e1logo muy importante y me parece que\u00a0 va a estar evacuando de manera eficiente y expeditiva muchas de las cuestiones que el colectivo nos plantea a diario&#8221;.<\/p>\n<p>En tal sentido, Puga estuvo atenta a los reclamos planteados. &#8220;Se est\u00e1 tomando nota de un c\u00famulo de situaciones que el colectivo de discapacidad viene planteando hace a\u00f1os. Vamos a trabajar en conjunto con la Provincia, tenemos un mont\u00f3n de dependencias en el territorio cordob\u00e9s que est\u00e1n dentro del \u00e1mbito de la Provincia y ofrecen un marco adecuado para incorporar a personas con discapacidad que desean\u00a0 empezar\u00a0 a establecer un relaci\u00f3n laboral, para empezar a trabajar en un marco \u00a0de inclusi\u00f3n amplio y, sobre todo,\u00a0 con una visi\u00f3n de los DDHH y de la dignidad de las personas&#8221;, concluy\u00f3 Franco Orsato al salir de la reuni\u00f3n.<\/p>\n<p>&nbsp;<\/p>\n","protected":false},"excerpt":{"rendered":"<p>Hoy se llev\u00f3 acabo una la importante reuni\u00f3n institucional entre el Departamento de Discapacidad de ATE Franco Orsato y Natacha Peruzzi con la Subsecretar\u00eda de Discapacidad, Rehabilitaci\u00f3n e Inclusi\u00f3n de la Provincia de C\u00f3rdoba, Dra. Mar\u00eda Teresa Puga. Federico Giuliani, secretario General de ATE C\u00f3rdoba,\u00a0 y Franco Orsato, director de Discapacidad del Consejo Directivo Provincial, [&hellip;]<\/p>\n","protected":false},"author":7,"featured_media":25778,"comment_status":"open","ping_status":"open","sticky":true,"template":"","format":"standard","meta":{"_exactmetrics_skip_tracking":false,"_exactmetrics_sitenote_active":false,"_exactmetrics_sitenote_note":"","_exactmetrics_sitenote_category":0,"jnews-multi-image_gallery":[],"jnews_single_post":{"source_name":"","source_url":"","via_name":"","via_url":"","override_template":"0","override":[{"template":"1","single_blog_custom":"","parallax":"1","fullscreen":"0","layout":"right-sidebar","sidebar":"default-sidebar","second_sidebar":"default-sidebar","sticky_sidebar":"1","share_position":"top","share_float_style":"share-monocrhome","show_share_counter":"1","show_view_counter":"1","show_featured":"1","show_post_meta":"1","show_post_author":"1","show_post_author_image":"1","show_post_date":"1","post_date_format":"default","post_date_format_custom":"Y\/m\/d","show_post_category":"1","show_post_reading_time":"0","post_reading_time_wpm":"300","show_zoom_button":"0","zoom_button_out_step":"2","zoom_button_in_step":"3","show_post_tag":"1","show_prev_next_post":"1","show_popup_post":"1","number_popup_post":"1","show_author_box":"0","show_post_related":"0","show_inline_post_related":"0"}],"override_image_size":"0","image_override":[{"single_post_thumbnail_size":"crop-500","single_post_gallery_size":"crop-500"}],"trending_post":"0","trending_post_position":"meta","trending_post_label":"Trending","sponsored_post":"0","sponsored_post_label":"Sponsored by","sponsored_post_name":"","sponsored_post_url":"","sponsored_post_logo_enable":"0","sponsored_post_logo":"","sponsored_post_desc":""},"jnews_primary_category":{"id":""},"jnews_social_meta":{"fb_title":"","fb_description":"","fb_image":"","twitter_title":"","twitter_description":"","twitter_image":""},"jnews_review":[],"enable_review":"0","type":"percentage","name":"","summary":"","brand":"","sku":"","good":[{"good_text":""}],"bad":[{"bad_text":""}],"score_override":"","override_value":"","rating":[{"rating_text":"","rating_number":"10"}],"price":[{"shop":"","price":"","link":"","icon":""}],"jnews_override_counter":{"override_view_counter":"0","view_counter_number":"0","override_share_counter":"0","share_counter_number":"0","override_like_counter":"0","like_counter_number":"0","override_dislike_counter":"0","dislike_counter_number":"0"},"jnews_post_split":{"enable_post_split":"0","post_split":[{"template":"1","tag":"h2","numbering":"asc","mode":"normal"}]},"footnotes":""},"categories":[625],"tags":[],"class_list":["post-25779","post","type-post","status-publish","format-standard","has-post-thumbnail","hentry","category-discapacidad"],"jetpack_featured_media_url":"https:\/\/atecordoba.org\/wp-content\/uploads\/2021\/05\/secretaria-discapacidad.jpeg","_links":{"self":[{"href":"https:\/\/atecordoba.org\/index.php?rest_route=\/wp\/v2\/posts\/25779","targetHints":{"allow":["GET"]}}],"collection":[{"href":"https:\/\/atecordoba.org\/index.php?rest_route=\/wp\/v2\/posts"}],"about":[{"href":"https:\/\/atecordoba.org\/index.php?rest_route=\/wp\/v2\/types\/post"}],"author":[{"embeddable":true,"href":"https:\/\/atecordoba.org\/index.php?rest_route=\/wp\/v2\/users\/7"}],"replies":[{"embeddable":true,"href":"https:\/\/atecordoba.org\/index.php?rest_route=%2Fwp%2Fv2%2Fcomments&post=25779"}],"version-history":[{"count":3,"href":"https:\/\/atecordoba.org\/index.php?rest_route=\/wp\/v2\/posts\/25779\/revisions"}],"predecessor-version":[{"id":25790,"href":"https:\/\/atecordoba.org\/index.php?rest_route=\/wp\/v2\/posts\/25779\/revisions\/25790"}],"wp:featuredmedia":[{"embeddable":true,"href":"https:\/\/atecordoba.org\/index.php?rest_route=\/wp\/v2\/media\/25778"}],"wp:attachment":[{"href":"https:\/\/atecordoba.org\/index.php?rest_route=%2Fwp%2Fv2%2Fmedia&parent=25779"}],"wp:term":[{"taxonomy":"category","embeddable":true,"href":"https:\/\/atecordoba.org\/index.php?rest_route=%2Fwp%2Fv2%2Fcategories&post=25779"},{"taxonomy":"post_tag","embeddable":true,"href":"https:\/\/atecordoba.org\/index.php?rest_route=%2Fwp%2Fv2%2Ftags&post=25779"}],"curies":[{"name":"wp","href":"https:\/\/api.w.org\/{rel}","templated":true}]}}