{"id":25761,"date":"2021-05-06T12:55:42","date_gmt":"2021-05-06T15:55:42","guid":{"rendered":"https:\/\/atecordoba.org\/?p=25761"},"modified":"2021-05-06T13:38:10","modified_gmt":"2021-05-06T16:38:10","slug":"andalgala-la-resistencia-al-modelo-minero-extractivista","status":"publish","type":"post","link":"https:\/\/atecordoba.org\/?p=25761","title":{"rendered":"Andalgal\u00e1: la resistencia al modelo minero extractivista"},"content":{"rendered":"<figure id=\"attachment_25763\" aria-describedby=\"caption-attachment-25763\" style=\"width: 509px\" class=\"wp-caption aligncenter\"><img loading=\"lazy\" decoding=\"async\" class=\"wp-image-25763\" src=\"https:\/\/atecordoba.org\/wp-content\/uploads\/2021\/05\/andalgal\u00e1-300x169.jpg\" alt=\"\" width=\"509\" height=\"287\" srcset=\"https:\/\/atecordoba.org\/wp-content\/uploads\/2021\/05\/andalgal\u00e1-300x169.jpg 300w, https:\/\/atecordoba.org\/wp-content\/uploads\/2021\/05\/andalgal\u00e1.jpg 640w\" sizes=\"auto, (max-width: 509px) 100vw, 509px\" \/><figcaption id=\"caption-attachment-25763\" class=\"wp-caption-text\">(archivo)<\/figcaption><\/figure>\n<p>La resistencia del pueblo de Andalgal\u00e1, en el oeste de Catamarca, a la instalaci\u00f3n de la megaminera del proyecto Agua Rica lleva 20 a\u00f1os de lucha.<\/p>\n<p>El conflicto, por su intensidad y larga duraci\u00f3n se entronca en la m\u00e1s fuerte identidad de la conflictividad popular argentina, dejando en alto la bandera de la dignidad y la soberan\u00eda, car\u00e1cter que tomo forma de luchas ambientales en muchas regiones del pa\u00eds.<\/p>\n<p>En ese marco, y ante el recrudecimiento del conflicto desatado en Andalgal\u00e1, en abril pasado, con persecuciones a los vecinos comprometidos con la lucha ambiental, allanamientos y detenciones arbitrarias<a href=\"https:\/\/ar.radiocut.fm\/audiocut\/comunicacion-con-melina-zocchi-delegada-ate-saf-habitante-andalgala\/\">, el programa radial de ATE C\u00f3rdoba &#8216;Entre Todos y Todas&#8217;, entrevist\u00f3 a la compa\u00f1era Melina Zocchi,<\/a> trabajadora estatal de la Secretaria de Agricultura Familiar, integrante de la conducci\u00f3n provincial de ATE Catamarca y militante de la Asamblea El Algarrobo, para conocer de primera mano la actualidad del conflicto.<\/p>\n<p>&#8220;Venimos hace dos d\u00e9cadas resistiendo el proyecto megaminero de Agua Rica, que se pretende instalar en la cuenca del r\u00edo Andalgal\u00e1, modific\u00e1ndole la vida a toda la regi\u00f3n&#8221;, introdujo Zocchi.<\/p>\n<p><iframe loading=\"lazy\" src=\"\/\/ar.radiocut.fm\/audiocut\/embed\/mini\/comunicacion-con-melina-zocchi-delegada-ate-saf-habitante-andalgala\/\" width=\"100%\" height=\"65px\" frameborder=\"no\" scrolling=\"no\"><\/iframe><br \/>\n<strong>\u00bfC\u00f3mo se produjo la represi\u00f3n del abril?<\/strong><\/p>\n<p>Para poner en contexto, esta resistencia ya pas\u00f3 por varias represiones, en 2005, 2010, 2012 y ahora en 2021, ante\u00a0 los bloqueos selectivos que est\u00e1bamos haciendo nuevamente desde la Asamblea del Algarrobo, cortando dos accesos a la minera de Agua Rica, porque quer\u00edan avanzar en una exploraci\u00f3n que no tienen permitida. Pero que el gobierno provincial de Ra\u00fal Jalil permite arremeter igual, \u00a0junto con la empresa, pasando las m\u00e1quinas.<\/p>\n<p>Esto se descubri\u00f3 dos d\u00edas antes de la caminata del 8 de abril y paralelamente, con la excusa de la pandemia, se militariz\u00f3 el pueblo con una gran cantidad de polic\u00edas para que el d\u00eda de la caminata, que es la N\u00ba 583 porque hace 20 a\u00f1os que se marcha en Andalgal\u00e1 a favor del Agua y de la Vida y en contra de la megaminer\u00eda, con miles de personas. Llamativamente en esta caminata se prende fuego y se rompe un local del PJ, en una situaci\u00f3n poco clara donde desaparecieron los polic\u00edas que hab\u00edan estado todo el tiempo dando vueltas por el pueblo y los bomberos -que est\u00e1n a 200 metros del lugar- tardaron seis horas en apagar el incendio.<\/p>\n<figure id=\"attachment_25661\" aria-describedby=\"caption-attachment-25661\" style=\"width: 645px\" class=\"wp-caption aligncenter\"><img loading=\"lazy\" decoding=\"async\" class=\"wp-image-25661\" src=\"https:\/\/atecordoba.org\/wp-content\/uploads\/2021\/05\/milina-sochi-300x147.png\" alt=\"\" width=\"645\" height=\"316\" srcset=\"https:\/\/atecordoba.org\/wp-content\/uploads\/2021\/05\/milina-sochi-300x147.png 300w, https:\/\/atecordoba.org\/wp-content\/uploads\/2021\/05\/milina-sochi-1024x501.png 1024w, https:\/\/atecordoba.org\/wp-content\/uploads\/2021\/05\/milina-sochi-768x376.png 768w, https:\/\/atecordoba.org\/wp-content\/uploads\/2021\/05\/milina-sochi-750x367.png 750w, https:\/\/atecordoba.org\/wp-content\/uploads\/2021\/05\/milina-sochi-1140x558.png 1140w, https:\/\/atecordoba.org\/wp-content\/uploads\/2021\/05\/milina-sochi.png 1213w\" sizes=\"auto, (max-width: 645px) 100vw, 645px\" \/><figcaption id=\"caption-attachment-25661\" class=\"wp-caption-text\">Imagen de un zoom organizado por ATE C\u00f3rdoba, sobre extractivismo y feminismo, donde Melina Zocchi particip\u00f3 la semana pasada.<\/figcaption><\/figure>\n<p>Al otro d\u00eda comienza una campa\u00f1a de persecuci\u00f3n y difamaci\u00f3n de personas del pueblo por parte de un medio radial pagado por la minera; el lunes 12 empieza una caza a vecinos y vecinas con allanamientos y detenciones superviolentas, con golpes asfixias, rompiendo las casas de vecinos y vecinas, que tienen en com\u00fan ser asamble\u00edstas y estar a favor de la lucha en defensa del agua, que no es nada raro porque ese es el consenso absoluto en el pueblo desde hace muchos a\u00f1os.<\/p>\n<p><strong>\u00bfC\u00f3mo describ\u00eds el papel de la Justicia?<\/strong><\/p>\n<p>Esto se agrava por la violaci\u00f3n de las leyes de ambiente,\u00a0 la ley de glaciares porque el proyecto d Agua Rica se emplaza en una zona de periglaciares y la cuenca del r\u00edo; tambi\u00e9n se viola la ley de bosques y todos los convenios de DDHH que te puedas imaginar porque estas\u00a0 detenciones se produjeron violando el principio de inocencia, a pedido de una fiscal subrogante llamada Soledad Rodr\u00edguez, que trabaj\u00f3 en la minera y para mineras de litio en Antofagasta, nuestra puna catamarque\u00f1a. Sus \u00f3rdenes de allanamiento se fundamentales en testimonios de personas\u00a0 vinculadas a la minera que acusaron a los vecinos de romper el local del PJ.<\/p>\n<p>As\u00ed, se violaron todos los principios habidos y por haber sin precedentes, dos semanas donde tuvieron a vecinos y vecinas privadas de su libertad, reci\u00e9n el cu\u00e1ndo se cumplieron 10 d\u00edas de la detenci\u00f3n fueron puestos en libertad porque ya no los pod\u00edan retener m\u00e1s: no hab\u00eda una sola prueba contra ellos, aunque allanaron m\u00e1s casas y tampoco encontraron nada. Igual los mantienen procesados e impusieron cauciones inalcanzables. Desde la organizaci\u00f3n pudimos gestionar su libertad pero la persecuci\u00f3n contin\u00faa y las m\u00e1quinas est\u00e1n en el cerro.<\/p>\n<p>Todo este cuadro es un antecedente muy grave para los pueblos que luchan por su ambiente.<\/p>\n<p><strong>\u00bfSe advierte un \u2018Estado profundo\u2019 que avanza al margen de la legislaci\u00f3n vigente y que tiene al extrativismo como modelo a imponer en la regi\u00f3n?<\/strong><\/p>\n<p>Tal cual, el extractivismo no tiene color pol\u00edtico, te estoy contando la historia de Andalgal\u00e1, pero pasa \u00a0lo mismo en Chubut y otras provincias. Hace mucho que venimos resistiendo pero nos han reprimido y violentado todos los colores de gobierno porque es el modelo, capitalista y violento porque genera desigualdades en su fase neoliberal.<\/p>\n<p>Atenta contra la vida porque cuando pon\u00e9s en peligro las fuentes de agua, peligra todo el pueblo, toda la naturaleza, la sustentabilidad y la existencia misma de los pueblos y la naturaleza que lo provee. Son genocidios planificados que emplean mecanismos de dictadura minera para imponerlos. Es complej\u00edsimo lo que sucede en democracia con estos conflictos.<\/p>\n<p><strong>\u00bfComo sigue el conflicto en el corto plazo? <\/strong><\/p>\n<p>En lucha, como siempre, construyendo redes, hermanados en la lucha y movilizados, denunciando\u00a0 tambi\u00e9n las vulneraciones de derechos, como venimos haciendo desde que empez\u00f3 la lucha. Siempre que luchamos contra la minera se interrumpieron nuestras garant\u00edas democr\u00e1ticas, no es la\u00a0 primera vez que sucede pero la gravedad de los hechos no tiene precedentes, ni en Argentina ni en la regi\u00f3n.\u00a0 Vamos a seguir hasta que bajen las m\u00e1quinas del cerro y se suspenda la explotaci\u00f3n de la megaminer\u00eda en nuestros cerros. Solo en Andalgal\u00e1 hay 262 cateos, puntos de inter\u00e9s para atacar y destruir nuestros cerros. El agua, la tierra y las semillas son bienes comunes, no mercanc\u00eda. Necesitamos que se mantengan como est\u00e1n para poder desarrollarnos como pueblo, tanto nosotros como el resto de la regi\u00f3n.<\/p>\n<p>&nbsp;<\/p>\n","protected":false},"excerpt":{"rendered":"<p>La resistencia del pueblo de Andalgal\u00e1, en el oeste de Catamarca, a la instalaci\u00f3n de la megaminera del proyecto Agua Rica lleva 20 a\u00f1os de lucha. El conflicto, por su intensidad y larga duraci\u00f3n se entronca en la m\u00e1s fuerte identidad de la conflictividad popular argentina, dejando en alto la bandera de la dignidad y [&hellip;]<\/p>\n","protected":false},"author":7,"featured_media":25763,"comment_status":"open","ping_status":"open","sticky":true,"template":"","format":"standard","meta":{"_exactmetrics_skip_tracking":false,"_exactmetrics_sitenote_active":false,"_exactmetrics_sitenote_note":"","_exactmetrics_sitenote_category":0,"jnews-multi-image_gallery":[],"jnews_single_post":{"source_name":"","source_url":"","via_name":"","via_url":"","override_template":"0","override":[{"template":"1","single_blog_custom":"","parallax":"1","fullscreen":"0","layout":"right-sidebar","sidebar":"default-sidebar","second_sidebar":"default-sidebar","sticky_sidebar":"1","share_position":"top","share_float_style":"share-monocrhome","show_share_counter":"1","show_view_counter":"1","show_featured":"1","show_post_meta":"1","show_post_author":"1","show_post_author_image":"1","show_post_date":"1","post_date_format":"default","post_date_format_custom":"Y\/m\/d","show_post_category":"1","show_post_reading_time":"0","post_reading_time_wpm":"300","show_zoom_button":"0","zoom_button_out_step":"2","zoom_button_in_step":"3","show_post_tag":"1","show_prev_next_post":"1","show_popup_post":"1","number_popup_post":"1","show_author_box":"0","show_post_related":"0","show_inline_post_related":"0"}],"override_image_size":"0","image_override":[{"single_post_thumbnail_size":"crop-500","single_post_gallery_size":"crop-500"}],"trending_post":"0","trending_post_position":"meta","trending_post_label":"Trending","sponsored_post":"0","sponsored_post_label":"Sponsored by","sponsored_post_name":"","sponsored_post_url":"","sponsored_post_logo_enable":"0","sponsored_post_logo":"","sponsored_post_desc":""},"jnews_primary_category":{"id":""},"jnews_social_meta":{"fb_title":"","fb_description":"","fb_image":"","twitter_title":"","twitter_description":"","twitter_image":""},"jnews_review":[],"enable_review":"0","type":"percentage","name":"","summary":"","brand":"","sku":"","good":[{"good_text":""}],"bad":[{"bad_text":""}],"score_override":"","override_value":"","rating":[{"rating_text":"","rating_number":"10"}],"price":[{"shop":"","price":"","link":"","icon":""}],"jnews_override_counter":{"override_view_counter":"0","view_counter_number":"0","override_share_counter":"0","share_counter_number":"0","override_like_counter":"0","like_counter_number":"0","override_dislike_counter":"0","dislike_counter_number":"0"},"jnews_post_split":{"enable_post_split":"0","post_split":[{"template":"1","tag":"h2","numbering":"asc","mode":"normal"}]},"footnotes":""},"categories":[10,346],"tags":[820,821,377],"class_list":["post-25761","post","type-post","status-publish","format-standard","has-post-thumbnail","hentry","category-accion-politica","category-prensa-y-comunicacion","tag-anadalgala","tag-megamineria","tag-represion"],"jetpack_featured_media_url":"https:\/\/atecordoba.org\/wp-content\/uploads\/2021\/05\/andalgal\u00e1.jpg","_links":{"self":[{"href":"https:\/\/atecordoba.org\/index.php?rest_route=\/wp\/v2\/posts\/25761","targetHints":{"allow":["GET"]}}],"collection":[{"href":"https:\/\/atecordoba.org\/index.php?rest_route=\/wp\/v2\/posts"}],"about":[{"href":"https:\/\/atecordoba.org\/index.php?rest_route=\/wp\/v2\/types\/post"}],"author":[{"embeddable":true,"href":"https:\/\/atecordoba.org\/index.php?rest_route=\/wp\/v2\/users\/7"}],"replies":[{"embeddable":true,"href":"https:\/\/atecordoba.org\/index.php?rest_route=%2Fwp%2Fv2%2Fcomments&post=25761"}],"version-history":[{"count":3,"href":"https:\/\/atecordoba.org\/index.php?rest_route=\/wp\/v2\/posts\/25761\/revisions"}],"predecessor-version":[{"id":25773,"href":"https:\/\/atecordoba.org\/index.php?rest_route=\/wp\/v2\/posts\/25761\/revisions\/25773"}],"wp:featuredmedia":[{"embeddable":true,"href":"https:\/\/atecordoba.org\/index.php?rest_route=\/wp\/v2\/media\/25763"}],"wp:attachment":[{"href":"https:\/\/atecordoba.org\/index.php?rest_route=%2Fwp%2Fv2%2Fmedia&parent=25761"}],"wp:term":[{"taxonomy":"category","embeddable":true,"href":"https:\/\/atecordoba.org\/index.php?rest_route=%2Fwp%2Fv2%2Fcategories&post=25761"},{"taxonomy":"post_tag","embeddable":true,"href":"https:\/\/atecordoba.org\/index.php?rest_route=%2Fwp%2Fv2%2Ftags&post=25761"}],"curies":[{"name":"wp","href":"https:\/\/api.w.org\/{rel}","templated":true}]}}