{"id":2575,"date":"2013-04-10T19:42:07","date_gmt":"2013-04-10T22:42:07","guid":{"rendered":"http:\/\/www.atecordoba.org\/?p=2575"},"modified":"2013-04-10T19:42:07","modified_gmt":"2013-04-10T22:42:07","slug":"multitudinaria-asamblea-en-pami-rio-ceballos","status":"publish","type":"post","link":"https:\/\/atecordoba.org\/?p=2575","title":{"rendered":"Multitudinaria asamblea en PAMI R\u00edo Ceballos rechaz\u00f3 el traslado de un trabajador"},"content":{"rendered":"<p><em>Hoy se llev\u00f3 a cabo una multitudinaria asamblea en la sede de PAMI Rio Ceballos con motivo del conflicto surgido por el abuso de autoridad y maltrato de la Jefa de esa unidad, Claudia Pallotto, hacia los trabajadores y los jubilados.<\/em><\/p>\n<p><a href=\"http:\/\/www.atecordoba.org\/wp-content\/uploads\/2013\/04\/foto-web-15.jpg\"><img loading=\"lazy\" decoding=\"async\" class=\"aligncenter size-full wp-image-2576\" title=\"foto web 1\" src=\"http:\/\/www.atecordoba.org\/wp-content\/uploads\/2013\/04\/foto-web-15.jpg\" alt=\"\" width=\"800\" height=\"600\" \/><\/a><\/p>\n<p>Las autoridades del PAMI no solo que no se han hecho cargo de las denuncias realizadas por los trabajadores y por los propios jubilados sino que han adoptado como medida disciplinaria el traslado compulsivo y arbitrario de uno de los trabajadores, el compa\u00f1ero Carlos Centeno.<\/p>\n<p>En vista del silencio de las Autoridades del PAMI y a los fines de solicitar el cese del abuso y la restituci\u00f3n del compa\u00f1ero trasladado, los trabajadores del sector, y los jubilados que se atienden en ese centro, decidieron organizarse . Al momento ya se han realizado dos asambleas en donde cada vez acude m\u00e1s gente e incluso se han sumado otras organizaciones sindicales del sector. Todo ello es una muestra de que, mientras las autoridades sigan en su actitud de atender el justo reclamo de la gente, el conflicto seguir\u00e1 tomando volumen y trascendencia. Los compa\u00f1eros consideran \u00a0profundizar las medidas de acci\u00f3n directa, en el marco de la representaci\u00f3n de ATE.<\/p>\n<p>Sin perjuicio de ello, los delegados de la junta interna de PAMI C\u00f3rdoba y el CDP instaron al di\u00e1logo \u00a0para que el conflicto se resuelva a la brevedad posible y en buenos t\u00e9rminos, a los efectos de recuperar la normalidad el normal funcionamiento de la dependencia.<\/p>\n<p><a href=\"http:\/\/www.atecordoba.org\/wp-content\/uploads\/2013\/04\/foto-web-25.jpg\"><img loading=\"lazy\" decoding=\"async\" class=\"aligncenter size-full wp-image-2577\" title=\"foto web 2\" src=\"http:\/\/www.atecordoba.org\/wp-content\/uploads\/2013\/04\/foto-web-25.jpg\" alt=\"\" width=\"800\" height=\"600\" \/><\/a><\/p>\n<p>En la oportunidad estuvieron presentes los compa\u00f1eros Estela Corzo, delegada regional de ATE PAMI, Mart\u00edn Stibel, Progremial del Consejo Directivo Provincial, Daniel Pawluchuzk, secretario de Prensa, Flavia Tartabini y Elisa Ojeda, de la Junta Interna de ATE-PAMI C\u00f3rdoba.<\/p>\n<p>El pr\u00f3ximo\u00a0Mi\u00e9rcoles 17 se llevar\u00e1 a cabo otra asamblea a los fines de evaluar las acciones a seguir.<\/p>\n<p>&nbsp;<\/p>\n","protected":false},"excerpt":{"rendered":"<p>Hoy se llev\u00f3 a cabo una multitudinaria asamblea en la sede de PAMI Rio Ceballos con motivo del conflicto surgido por el abuso de autoridad y maltrato de la Jefa de esa unidad, Claudia Pallotto, hacia los trabajadores y los jubilados. Las autoridades del PAMI no solo que no se han hecho cargo de las [&hellip;]<\/p>\n","protected":false},"author":1,"featured_media":19220,"comment_status":"open","ping_status":"open","sticky":false,"template":"","format":"standard","meta":{"_exactmetrics_skip_tracking":false,"_exactmetrics_sitenote_active":false,"_exactmetrics_sitenote_note":"","_exactmetrics_sitenote_category":0,"jnews-multi-image_gallery":[],"jnews_single_post":[],"jnews_primary_category":[],"jnews_social_meta":[],"jnews_review":[],"enable_review":"","type":"","name":"","summary":"","brand":"","sku":"","good":[],"bad":[],"score_override":"","override_value":"","rating":[],"price":[],"jnews_override_counter":[],"jnews_post_split":[],"footnotes":""},"categories":[18],"tags":[],"class_list":["post-2575","post","type-post","status-publish","format-standard","has-post-thumbnail","hentry","category-nacionales"],"jetpack_featured_media_url":"https:\/\/atecordoba.org\/wp-content\/uploads\/2020\/05\/logo-nuevochico-e1561581322808.png","_links":{"self":[{"href":"https:\/\/atecordoba.org\/index.php?rest_route=\/wp\/v2\/posts\/2575","targetHints":{"allow":["GET"]}}],"collection":[{"href":"https:\/\/atecordoba.org\/index.php?rest_route=\/wp\/v2\/posts"}],"about":[{"href":"https:\/\/atecordoba.org\/index.php?rest_route=\/wp\/v2\/types\/post"}],"author":[{"embeddable":true,"href":"https:\/\/atecordoba.org\/index.php?rest_route=\/wp\/v2\/users\/1"}],"replies":[{"embeddable":true,"href":"https:\/\/atecordoba.org\/index.php?rest_route=%2Fwp%2Fv2%2Fcomments&post=2575"}],"version-history":[{"count":0,"href":"https:\/\/atecordoba.org\/index.php?rest_route=\/wp\/v2\/posts\/2575\/revisions"}],"wp:featuredmedia":[{"embeddable":true,"href":"https:\/\/atecordoba.org\/index.php?rest_route=\/wp\/v2\/media\/19220"}],"wp:attachment":[{"href":"https:\/\/atecordoba.org\/index.php?rest_route=%2Fwp%2Fv2%2Fmedia&parent=2575"}],"wp:term":[{"taxonomy":"category","embeddable":true,"href":"https:\/\/atecordoba.org\/index.php?rest_route=%2Fwp%2Fv2%2Fcategories&post=2575"},{"taxonomy":"post_tag","embeddable":true,"href":"https:\/\/atecordoba.org\/index.php?rest_route=%2Fwp%2Fv2%2Ftags&post=2575"}],"curies":[{"name":"wp","href":"https:\/\/api.w.org\/{rel}","templated":true}]}}