{"id":2572,"date":"2013-04-10T19:14:55","date_gmt":"2013-04-10T22:14:55","guid":{"rendered":"http:\/\/www.atecordoba.org\/?p=2572"},"modified":"2013-04-10T19:14:55","modified_gmt":"2013-04-10T22:14:55","slug":"asambleas-en-la-municipalidad-de-rio-cuarto-en-rechazo-a-magro-aumento-salarial","status":"publish","type":"post","link":"https:\/\/atecordoba.org\/?p=2572","title":{"rendered":"Asambleas en la municipalidad de R\u00edo Cuarto en rechazo a magro aumento salarial"},"content":{"rendered":"<p><em>Los trabajadores dependientes de la Municipalidad de R\u00edo Cuarto se encuentran desde hoy en estado de alerta y movilizaci\u00f3n\u00a0en rechazo al acta acuerdo firmada entre el Gremio municipal y el Departamento Ejecutivo Municipal.<\/em><\/p>\n<p><a href=\"http:\/\/www.atecordoba.org\/wp-content\/uploads\/2013\/04\/ate-rio-cuarto.jpg\"><img loading=\"lazy\" decoding=\"async\" class=\"aligncenter size-full wp-image-2573\" title=\"ate rio cuarto\" src=\"http:\/\/www.atecordoba.org\/wp-content\/uploads\/2013\/04\/ate-rio-cuarto.jpg\" alt=\"\" width=\"650\" height=\"433\" \/><\/a><\/p>\n<p>La seccional ATE R\u00edo Cuarto se\u00f1al\u00f3 hoy que el acuerdo no s\u00f3lo peca de ser poco clara sino adem\u00e1s de manera inconsulta y sin la realizaci\u00f3n de previas asambleas que den el mandato correspondiente, fue firmada el pasado Jueves 04 de Abril del corriente a\u00f1o por el Municipio con la complicidad y obsecuencia del gremio encabezado por el Sr. Carranza.<\/p>\n<p>En un comunicado emitido ayer ATE denunci\u00f3 y rechaz\u00f3 &#8220;la falta de claridad y la metodolog\u00eda a implementar sobre el mencionado acuerdo, a trav\u00e9s de la cual se establece un aumento salarial de un vergonzoso 7.5% en<strong>\u00a0<\/strong>tres cuotas, sumado a un incremento mensual que \u201cse determinara en base a lo que establezca en \u00edndice de Precios al Consumidor Nivel General de R\u00edo Cuarto\u2026\u201d, coartando la posibilidad de discutir salario durante todo el a\u00f1o, con un incremento totalmente insuficiente y que no se condice en lo m\u00e1s m\u00ednimo con los \u00edndices inflacionarios reales, no aclara si ser\u00e1 calculado sobre el b\u00e1sico e incorporado al mismo. El sindicato que representa el se\u00f1or Carranza nuevamente somete a los trabajadores a sobrevivir con bajos salarios y que terminan pulverizando el bolsillo de los trabajadores&#8221;.<\/p>\n<p>&#8220;Tal como lo ven\u00eda planteando ATE desde hace mucho tiempo es necesario la incorporaci\u00f3n a la planta permanente de los compa\u00f1eros que permanecen con contratos por el cupo de discapacidad, porque consideramos el primer punto del acta da respuesta a nuestra demanda&#8221;, se\u00f1al\u00f3 la comunicaci\u00f3n de nuestra organizaci\u00f3n del sur provincial.<\/p>\n<p>&#8220;Exigimos la incorporaci\u00f3n de ATE a una mesa de trabajado conjuntamente con la participaci\u00f3n de los dem\u00e1s sujetos pol\u00edticos que conviven dentro del municipio, la incorporaci\u00f3n de veedores de nuestro sindicato para dar transparencia y celeridad en el armado del proyecto de Carrera Administrativa y apertura de concursos p\u00fablicos, para as\u00ed dar respuestas al alto \u00edndice de precarizaci\u00f3n que se sostiene a trav\u00e9s de fundaciones y cooperativas, quienes deber\u00edan tener contemplaci\u00f3n y consideraci\u00f3n a la hora de rendir concursos para poder as\u00ed acceder al puesto de planta permanente. Es necesario analizar y elaborar un nuevo marco regulatorio, que acompa\u00f1e los tiempos y disposiciones legales que cotidianamente son redefinidos en el \u00e1mbito del trabajo. En funci\u00f3n de lo mencionado este gremio considera que la mejor herramienta para ello, es establecer la creaci\u00f3n y redacci\u00f3n de un Convenio Colectivo de Trabajo, propuesta presentada por ATE en el petitorio que fue elevado al municipio el pasado 01 de Febrero del corriente&#8221;, finaliz\u00f3 la misiva, firmada pro el secretario General de ATE R\u00edo Cuarto, Federico Giuliani.<\/p>\n","protected":false},"excerpt":{"rendered":"<p>Los trabajadores dependientes de la Municipalidad de R\u00edo Cuarto se encuentran desde hoy en estado de alerta y movilizaci\u00f3n\u00a0en rechazo al acta acuerdo firmada entre el Gremio municipal y el Departamento Ejecutivo Municipal. La seccional ATE R\u00edo Cuarto se\u00f1al\u00f3 hoy que el acuerdo no s\u00f3lo peca de ser poco clara sino adem\u00e1s de manera inconsulta [&hellip;]<\/p>\n","protected":false},"author":1,"featured_media":19220,"comment_status":"open","ping_status":"open","sticky":false,"template":"","format":"standard","meta":{"_exactmetrics_skip_tracking":false,"_exactmetrics_sitenote_active":false,"_exactmetrics_sitenote_note":"","_exactmetrics_sitenote_category":0,"jnews-multi-image_gallery":[],"jnews_single_post":[],"jnews_primary_category":[],"jnews_social_meta":[],"jnews_review":[],"enable_review":"","type":"","name":"","summary":"","brand":"","sku":"","good":[],"bad":[],"score_override":"","override_value":"","rating":[],"price":[],"jnews_override_counter":[],"jnews_post_split":[],"footnotes":""},"categories":[20],"tags":[],"class_list":["post-2572","post","type-post","status-publish","format-standard","has-post-thumbnail","hentry","category-municipales"],"jetpack_featured_media_url":"https:\/\/atecordoba.org\/wp-content\/uploads\/2020\/05\/logo-nuevochico-e1561581322808.png","_links":{"self":[{"href":"https:\/\/atecordoba.org\/index.php?rest_route=\/wp\/v2\/posts\/2572","targetHints":{"allow":["GET"]}}],"collection":[{"href":"https:\/\/atecordoba.org\/index.php?rest_route=\/wp\/v2\/posts"}],"about":[{"href":"https:\/\/atecordoba.org\/index.php?rest_route=\/wp\/v2\/types\/post"}],"author":[{"embeddable":true,"href":"https:\/\/atecordoba.org\/index.php?rest_route=\/wp\/v2\/users\/1"}],"replies":[{"embeddable":true,"href":"https:\/\/atecordoba.org\/index.php?rest_route=%2Fwp%2Fv2%2Fcomments&post=2572"}],"version-history":[{"count":0,"href":"https:\/\/atecordoba.org\/index.php?rest_route=\/wp\/v2\/posts\/2572\/revisions"}],"wp:featuredmedia":[{"embeddable":true,"href":"https:\/\/atecordoba.org\/index.php?rest_route=\/wp\/v2\/media\/19220"}],"wp:attachment":[{"href":"https:\/\/atecordoba.org\/index.php?rest_route=%2Fwp%2Fv2%2Fmedia&parent=2572"}],"wp:term":[{"taxonomy":"category","embeddable":true,"href":"https:\/\/atecordoba.org\/index.php?rest_route=%2Fwp%2Fv2%2Fcategories&post=2572"},{"taxonomy":"post_tag","embeddable":true,"href":"https:\/\/atecordoba.org\/index.php?rest_route=%2Fwp%2Fv2%2Ftags&post=2572"}],"curies":[{"name":"wp","href":"https:\/\/api.w.org\/{rel}","templated":true}]}}