{"id":25709,"date":"2021-05-05T11:04:49","date_gmt":"2021-05-05T14:04:49","guid":{"rendered":"https:\/\/atecordoba.org\/?p=25709"},"modified":"2021-05-05T11:27:41","modified_gmt":"2021-05-05T14:27:41","slug":"colombia-vamos-a-resistir-la-represion-de-ivan-duque","status":"publish","type":"post","link":"https:\/\/atecordoba.org\/?p=25709","title":{"rendered":"Colombia: &#8220;vamos a resistir la represi\u00f3n de Ivan Duque&#8221;"},"content":{"rendered":"<p><img loading=\"lazy\" decoding=\"async\" class=\" wp-image-25710 alignleft\" src=\"https:\/\/atecordoba.org\/wp-content\/uploads\/2021\/05\/IMG-20210504-WA0183-243x300.jpg\" alt=\"\" width=\"338\" height=\"417\" srcset=\"https:\/\/atecordoba.org\/wp-content\/uploads\/2021\/05\/IMG-20210504-WA0183-243x300.jpg 243w, https:\/\/atecordoba.org\/wp-content\/uploads\/2021\/05\/IMG-20210504-WA0183-830x1024.jpg 830w, https:\/\/atecordoba.org\/wp-content\/uploads\/2021\/05\/IMG-20210504-WA0183-768x948.jpg 768w, https:\/\/atecordoba.org\/wp-content\/uploads\/2021\/05\/IMG-20210504-WA0183-750x926.jpg 750w, https:\/\/atecordoba.org\/wp-content\/uploads\/2021\/05\/IMG-20210504-WA0183.jpg 1037w\" sizes=\"auto, (max-width: 338px) 100vw, 338px\" \/>Juan Guti\u00e9rrez es integrante de la Uni\u00f3n de Trabajadores del Estado y los Servicios P\u00fablicos (Utradec-CGT), de Colombia. El martes pasado cedi\u00f3 gentilmente una entrevista al programa radial &#8216;Entre todas y todas&#8217;, que conduce la secretaria de Prensa del Consejo Directivo Provincial (CDP), Julia Giuliani, junto a Franco Ayesa.<\/p>\n<p>El dirigente hizo una relaci\u00f3n sobre el estado actual que atraviesa el conflicto social en Colombia, con decenas de muertos por la represi\u00f3n de las fuerzas p\u00fablicas y un malestar popular que se incrementa d\u00eda a d\u00eda, primero ante el proyecto de\u00a0 subir los impuestos a la clase media, pero posteriormente contra la pol\u00edtica general del gobierno colombiano, que encabeza el Presidente Iv\u00e1n Duque, enrolado en el ala de la extrema derecha de ese pa\u00eds que encabeza el ex presidente promotor de las fuerzas paramilitares \u00c1lvaro Uribe V\u00e9lez.<\/p>\n<p>&#8220;La situaci\u00f3n social en Colombia cada vez est\u00e1 m\u00e1s compleja, el gobierno de Iv\u00e1n Duque gobierna solo para el capital y ha lo demostrado que las\u00a0 medidas que toma, no solo desde el punto de vista econ\u00f3mico sino en tanto represi\u00f3n policial que vimos los \u00faltimas noches con una arremetida policial del grupo especializado ESMAD (Escuadrones M\u00f3viles Antidisturbios), con incre\u00edbles violaciones a los DDHH, asesinatos de j\u00f3venes que solo estaban\u00a0 alzando su voz contra un gobierno que no los ha escuchado&#8221;, dijo Guti\u00e9rrez ante los micr\u00f3fonos de la FM RAdio Gen.<\/p>\n<p>&#8220;La situaci\u00f3n de DDHH en el pa\u00eds &#8211; agreg\u00f3 el dirigente- demanda\u00a0 que haya una observaci\u00f3n internacional, pero apenas han aparecido algunos representantes de la ONU. En algunas capitales muy complejas de orden p\u00fablico. Estamos escuchando\u00a0 noticias desde el suroeste que dicen que el Ej\u00e9rcito tiene la orden de tomar Cali a sangre y fuego, una de las tres ciudades m\u00e1s grandes del pa\u00eds.\u00a0Estamos recibiendo im\u00e1genes de represi\u00f3n a los manifestantes, utilizando armas de fuego, con j\u00f3venes asesinados en la v\u00eda p\u00fablica por estar moviliz\u00e1ndose&#8221;.<\/p>\n<p><strong>Conocemos la existencia de 27 muertos hasta el 2 de mayo,\u00a0 9 casos de abusos sexuales por parte de las fuerzas p\u00fablicas, 56 denuncias por desapariciones, 142 heridos, 700 capturas ilegales,\u00a0 56 v\u00edctimas de armas de fuego (las ultimas noticias hablan de 31 asesinatos, 87 desaparecidos y 814 detenciones arbitrarias, NdR). Los datos son preocupantes, hay defensores de los DDHH violentados y no pueden\u00a0 ejercer su trabajo de garantizar el derecho a la vida. En este contexto, c\u00f3mo se plantea seguir las jornadas de lucha. <\/strong><\/p>\n<p>J.G.: El paro ha convocado diversos sectores, superando la convocatoria gremial. Un ejemplo es\u00a0 el apoyo de la guardia ind\u00edgena, un agrupamiento de pueblos originarios del Departamento de Cauca y desde all\u00ed\u00a0 decidieron emprender un viaje que denominan \u2018Minga\u2019, en referencia al concepto de trabajo com\u00fan. Los j\u00f3venes, los colectivos feministas, esta lucha est\u00e1 empezando a crecer y tiene un futuro promisorio, pero siguen siendo preocupantes las acciones del gobierno. Es una situaci\u00f3n que lleva varios a\u00f1os; desde que el gobierno de Luque fue elegido el malestar sigue ah\u00ed. Ahorita con la pandemia recrudeci\u00f3 la desigualdad social y hay mucha hambre y rabia en la calle, en Colombia tenemos sobre la mesa \u2013como en muchos otros pa\u00edses de la regi\u00f3n- el tema de los migrantes venezolanos, con tasas alt\u00edsimas que implican una presi\u00f3n muy fuerte sobre los servicios sociales, la seguridad alimentaria, etc.<\/p>\n<p>En definitiva, este paro no tiene que ver con una sola demanda sino con muchas causas y si el pueblo est\u00e1 ya harto de las pol\u00edticas de Duque, el heredero de una maquinaria pol\u00edtica que encabeza el ex presidente \u00c1lvaro Uribe V\u00e9lez \u2013reconocido mundialmente por sus acciones para favorecer a grupos paramilitares-, por eso me atrever\u00eda\u00a0 decir que se est\u00e1 dando un gran paso hacia el cambio. Pero tenemos miedo de las acciones que\u00a0 el gobierno pueda tomar, no estamos tranquilos con la seguridad de los j\u00f3venes que est\u00e1n en las calles. Despu\u00e9s de cierta hora es un suicidio salir de la casa porque recibimos muchas denuncias de\u00a0 disparos a quemarropa de miembros de la fuerza p\u00fablica.<\/p>\n<p><strong><img loading=\"lazy\" decoding=\"async\" class=\" wp-image-25711 alignright\" src=\"https:\/\/atecordoba.org\/wp-content\/uploads\/2021\/05\/IMG-20210504-WA0188-142x300.jpg\" alt=\"\" width=\"369\" height=\"779\" srcset=\"https:\/\/atecordoba.org\/wp-content\/uploads\/2021\/05\/IMG-20210504-WA0188-142x300.jpg 142w, https:\/\/atecordoba.org\/wp-content\/uploads\/2021\/05\/IMG-20210504-WA0188-485x1024.jpg 485w, https:\/\/atecordoba.org\/wp-content\/uploads\/2021\/05\/IMG-20210504-WA0188.jpg 540w\" sizes=\"auto, (max-width: 369px) 100vw, 369px\" \/>Nuestra solidaridad de ATE y la CTA, como pueblo hermano, expresando esta solidaridad <a href=\"https:\/\/ctaa.org.ar\/la-cta-a-movilizo-junto-a-la-comunidad-colombiana-en-buenos-aires-y-organizaciones-populares-para-exigir-el-cese-de-la-represion-en-colombia-y-el-respeto-a-la-voluntad-popular\/\">frente a la Embajada de Colombia en Buenos Aires.<\/a>\u00a0 \u00bfQu\u00e9 rol juega la solidaridad de las organizaciones latinoamericanas?<\/strong><\/p>\n<p>J.G.: Es muy importante el apoyo de las organizaciones hermanas en el continente, principalmente en denunciar. Ayer se estaba hablando de una posible censura que el gobierno est\u00e1 por implementar en redes sociales, sin antecedente en la regi\u00f3n, medidas del corte de pa\u00edses como Corea del Norte o pa\u00edses con reg\u00edmenes dictatoriales.\u00a0 El apoyo se manifiesta compartiendo las denuncias que aqu\u00ed se hagan, visibilizarlo. \u00a0Es importante transmitir de qu\u00e9 lado de la historia est\u00e1 el gobierno actual, para que puedan comprenderlo aquellos que desde la distancia no alcanza a comprender c\u00f3mo es la situaci\u00f3n ac\u00e1.<\/p>\n<p>Es un gobierno con una clara tendencia de derecha, sin temor a expresarlo, lleno de funcionarios con perfil de tecn\u00f3cratas, con hambre de capital y de poder, pero pensando muy poco en las demandas y los desaf\u00edos que tenemos en el continente, sobre todo trat\u00e1ndose de un pa\u00eds con la relevancia geopol\u00edtica de Colombia.<\/p>\n<p>Otro punto muy importante es que Colombia es el principal aliado de EEUU en la regi\u00f3n. Quieren tener un control militar sobre la poblaci\u00f3n, otro elemento que tenemos sobre la mesa. Muchas gracias por el apoyo, sabemos que los compa\u00f1eros y compa\u00f1eras de Argentina siempre est\u00e1n.<\/p>\n<p><strong>\u00bfEn qu\u00e9 medida influye el rol de EEUU en conflicto? \u00bfSiguen las bases militares? \u00bfSe ven movimientos espec\u00edficos de la inteligencia estadounidense en esta represi\u00f3n al pueblo? <\/strong><\/p>\n<p>J.G.: La relaci\u00f3n con EEUU es muy incierta porque la administraci\u00f3n de Biden apenas cumpli\u00f3 100 d\u00edas. Uno pensar\u00eda que tendr\u00e1 una posici\u00f3n distinta respecto a Trump en las relaciones internacionales. Por lo que se ha sabido, el inter\u00e9s de EEUU est\u00e1 ahora en Afganist\u00e1n y esa zona del mundo, espec\u00edficamente \u00a0con Colombia mantiene un di\u00e1logo muy soterrado. No es tan evidente su pol\u00edtica y no lo van a salir a decir en rueda de prensa.<\/p>\n<p>Pero Duque tuvo una reuni\u00f3n hace poco con el Secretario de Estado (Canciller) de EEUU, donde se analiz\u00f3 el tema Venezuela, que es el gran tema de Duque para que la extrema derecha se perpet\u00fae en el poder. Como en otros\u00a0 pa\u00edses, utilizan a Venezuela para exhortar a la poblaci\u00f3n a no apoyar proyectos de izquierda o progresistas, para influir sobre electores\u00a0 que est\u00e1n sobre la zona gris, que no saben qu\u00e9 votar, en medio de una desinformaci\u00f3n enorme sobre ese pa\u00eds.<\/p>\n<p>Tambi\u00e9n hay algunos pol\u00edticos dem\u00f3cratas que denunciaron atropellos a compa\u00f1eros sindicalistas, pero no pasa de ser una simple an\u00e9cdota de\u00a0 lo que pasa en el convulsionado mundo pol\u00edtico.<\/p>\n<p>EEUU tiene intereses enormes en las plantaciones de coca en el pa\u00eds, entonces la promoci\u00f3n\u00a0 del glifosato como agroqu\u00edmico muy nocivo para fumigar en Colombia (como forma de erradicar la coca) es algo que viene presionando. Hay mucha resistencia por los tremendos problemas de salud p\u00fablica que generar\u00e1 y sabemos que no se va a terminar el narcotr\u00e1fico con un qu\u00edmico, hay\u00a0 problemas m\u00e1s estructurales de tipo social, pol\u00edtico y econ\u00f3mico. Esa es las agenda con EEUU, no tenemos informaci\u00f3n muy clara de parte de los gobiernos sobre cu\u00e1les son sus intenciones.\u00a0 Hay un alivio en relaci\u00f3n a la administraci\u00f3n de Trump, que si ten\u00eda solicitudes expresas sobre el desarrollo del pa\u00eds.<\/p>\n<p>Toca esperar y resistir, como estamos haciendo ahora, para que las personas sepan lo que nos est\u00e1 sucediendo, m\u00e1s con la herramientas que tenemos actualmente para documentar f\u00e1cilmente los que hacen las fuerzas p\u00fablicas.<\/p>\n<p>&nbsp;<\/p>\n","protected":false},"excerpt":{"rendered":"<p>Juan Guti\u00e9rrez es integrante de la Uni\u00f3n de Trabajadores del Estado y los Servicios P\u00fablicos (Utradec-CGT), de Colombia. El martes pasado cedi\u00f3 gentilmente una entrevista al programa radial &#8216;Entre todas y todas&#8217;, que conduce la secretaria de Prensa del Consejo Directivo Provincial (CDP), Julia Giuliani, junto a Franco Ayesa. El dirigente hizo una relaci\u00f3n sobre [&hellip;]<\/p>\n","protected":false},"author":7,"featured_media":25711,"comment_status":"open","ping_status":"open","sticky":true,"template":"","format":"standard","meta":{"_exactmetrics_skip_tracking":false,"_exactmetrics_sitenote_active":false,"_exactmetrics_sitenote_note":"","_exactmetrics_sitenote_category":0,"jnews-multi-image_gallery":[],"jnews_single_post":{"source_name":"","source_url":"","via_name":"","via_url":"","override_template":"0","override":[{"template":"1","single_blog_custom":"","parallax":"1","fullscreen":"0","layout":"right-sidebar","sidebar":"default-sidebar","second_sidebar":"default-sidebar","sticky_sidebar":"1","share_position":"top","share_float_style":"share-monocrhome","show_share_counter":"1","show_view_counter":"1","show_featured":"1","show_post_meta":"1","show_post_author":"1","show_post_author_image":"1","show_post_date":"1","post_date_format":"default","post_date_format_custom":"Y\/m\/d","show_post_category":"1","show_post_reading_time":"0","post_reading_time_wpm":"300","show_zoom_button":"0","zoom_button_out_step":"2","zoom_button_in_step":"3","show_post_tag":"1","show_prev_next_post":"1","show_popup_post":"1","number_popup_post":"1","show_author_box":"0","show_post_related":"0","show_inline_post_related":"0"}],"override_image_size":"0","image_override":[{"single_post_thumbnail_size":"crop-500","single_post_gallery_size":"crop-500"}],"trending_post":"0","trending_post_position":"meta","trending_post_label":"Trending","sponsored_post":"0","sponsored_post_label":"Sponsored by","sponsored_post_name":"","sponsored_post_url":"","sponsored_post_logo_enable":"0","sponsored_post_logo":"","sponsored_post_desc":""},"jnews_primary_category":{"id":""},"jnews_social_meta":{"fb_title":"","fb_description":"","fb_image":"","twitter_title":"","twitter_description":"","twitter_image":""},"jnews_review":[],"enable_review":"0","type":"percentage","name":"","summary":"","brand":"","sku":"","good":[{"good_text":""}],"bad":[{"bad_text":""}],"score_override":"","override_value":"","rating":[{"rating_text":"","rating_number":"10"}],"price":[{"shop":"","price":"","link":"","icon":""}],"jnews_override_counter":{"override_view_counter":"0","view_counter_number":"0","override_share_counter":"0","share_counter_number":"0","override_like_counter":"0","like_counter_number":"0","override_dislike_counter":"0","dislike_counter_number":"0"},"jnews_post_split":{"enable_post_split":"0","post_split":[{"template":"1","tag":"h2","numbering":"asc","mode":"normal"}]},"footnotes":""},"categories":[10],"tags":[817,378],"class_list":["post-25709","post","type-post","status-publish","format-standard","has-post-thumbnail","hentry","category-accion-politica","tag-colombia","tag-represion-policial"],"jetpack_featured_media_url":"https:\/\/atecordoba.org\/wp-content\/uploads\/2021\/05\/IMG-20210504-WA0188.jpg","_links":{"self":[{"href":"https:\/\/atecordoba.org\/index.php?rest_route=\/wp\/v2\/posts\/25709","targetHints":{"allow":["GET"]}}],"collection":[{"href":"https:\/\/atecordoba.org\/index.php?rest_route=\/wp\/v2\/posts"}],"about":[{"href":"https:\/\/atecordoba.org\/index.php?rest_route=\/wp\/v2\/types\/post"}],"author":[{"embeddable":true,"href":"https:\/\/atecordoba.org\/index.php?rest_route=\/wp\/v2\/users\/7"}],"replies":[{"embeddable":true,"href":"https:\/\/atecordoba.org\/index.php?rest_route=%2Fwp%2Fv2%2Fcomments&post=25709"}],"version-history":[{"count":4,"href":"https:\/\/atecordoba.org\/index.php?rest_route=\/wp\/v2\/posts\/25709\/revisions"}],"predecessor-version":[{"id":25715,"href":"https:\/\/atecordoba.org\/index.php?rest_route=\/wp\/v2\/posts\/25709\/revisions\/25715"}],"wp:featuredmedia":[{"embeddable":true,"href":"https:\/\/atecordoba.org\/index.php?rest_route=\/wp\/v2\/media\/25711"}],"wp:attachment":[{"href":"https:\/\/atecordoba.org\/index.php?rest_route=%2Fwp%2Fv2%2Fmedia&parent=25709"}],"wp:term":[{"taxonomy":"category","embeddable":true,"href":"https:\/\/atecordoba.org\/index.php?rest_route=%2Fwp%2Fv2%2Fcategories&post=25709"},{"taxonomy":"post_tag","embeddable":true,"href":"https:\/\/atecordoba.org\/index.php?rest_route=%2Fwp%2Fv2%2Ftags&post=25709"}],"curies":[{"name":"wp","href":"https:\/\/api.w.org\/{rel}","templated":true}]}}