{"id":25691,"date":"2021-05-04T10:34:21","date_gmt":"2021-05-04T13:34:21","guid":{"rendered":"https:\/\/atecordoba.org\/?p=25691"},"modified":"2021-05-04T11:05:28","modified_gmt":"2021-05-04T14:05:28","slug":"ffmm-continua-el-quite-de-colaboracion-en-rio-tercero","status":"publish","type":"post","link":"https:\/\/atecordoba.org\/?p=25691","title":{"rendered":"FFMM: Continua el quite de colaboraci\u00f3n en R\u00edo Tercero"},"content":{"rendered":"<p><img loading=\"lazy\" decoding=\"async\" class=\" wp-image-25693 aligncenter\" src=\"https:\/\/atecordoba.org\/wp-content\/uploads\/2021\/05\/IMG-20210504-WA0016-300x169.jpg\" alt=\"\" width=\"597\" height=\"336\" srcset=\"https:\/\/atecordoba.org\/wp-content\/uploads\/2021\/05\/IMG-20210504-WA0016-300x169.jpg 300w, https:\/\/atecordoba.org\/wp-content\/uploads\/2021\/05\/IMG-20210504-WA0016-1024x576.jpg 1024w, https:\/\/atecordoba.org\/wp-content\/uploads\/2021\/05\/IMG-20210504-WA0016-768x432.jpg 768w, https:\/\/atecordoba.org\/wp-content\/uploads\/2021\/05\/IMG-20210504-WA0016-750x422.jpg 750w, https:\/\/atecordoba.org\/wp-content\/uploads\/2021\/05\/IMG-20210504-WA0016-1140x641.jpg 1140w, https:\/\/atecordoba.org\/wp-content\/uploads\/2021\/05\/IMG-20210504-WA0016.jpg 1280w\" sizes=\"auto, (max-width: 597px) 100vw, 597px\" \/>Durante una visita al Consejo Directivo Provincial, el secretario Gremial de la seccional ATE R\u00edo Tercero, David Salto, y su par de Organizaci\u00f3n, Julio Baz\u00e1n, dieron un panorama sobre que situaci\u00f3n atraviesa las plantas productivas de Fabricaciones Militares ubicadas en la ciudad.<\/p>\n<p>A principios de abril se realiz\u00f3 una movilizaci\u00f3n para expresar el descontento ante la falta de respuestas a problemas estructurales del organismo, que ATE viene se\u00f1alando desde el comienzo de la actual gesti\u00f3n, lo que deriv\u00f3 en una serie de asambleas y el comienzo del plan de lucha.<\/p>\n<p>Tampoco se logr\u00f3 avanzar mucho en soluciones a partir de la conciliaci\u00f3n obligatoria que convoc\u00f3 el Ministerio de Trabajo, tras verificarse que el quite colaboraci\u00f3n resuelto por las y los compa\u00f1eros ralentiz\u00f3 la producci\u00f3n.<\/p>\n<p>De esta forma, la seccional ratific\u00f3 el estado de quite de colaboraci\u00f3n, que se traduce en no cumplir horas extras que no se reconocen ni realizar funciones por fuera de la categor\u00eda que corresponde a cada trabajador.<\/p>\n<p><strong>Problemas estructurales<\/strong><\/p>\n<p>&#8220;Desde el inicio de la pandemia las y los trabajadores de FFMM fueron declarados esenciales y nunca dejamos de producir, con las dificultades que implic\u00f3 el aislamiento social y obligatorio. Nos pusimos como objetivo, en ese marco, recuperar derechos que nos quit\u00f3 el macrismo, como terminar con la polifuncionalidad que nos impuso el gobierno anterior y as\u00ed permitir la reincorporaci\u00f3n de los despedidos injustamente&#8221;, explic\u00f3 David Salto.<\/p>\n<p><img loading=\"lazy\" decoding=\"async\" class=\" wp-image-25694 alignright\" src=\"https:\/\/atecordoba.org\/wp-content\/uploads\/2021\/05\/WhatsApp-Image-2020-07-08-at-14.23.19-300x225.jpeg\" alt=\"\" width=\"444\" height=\"333\" srcset=\"https:\/\/atecordoba.org\/wp-content\/uploads\/2021\/05\/WhatsApp-Image-2020-07-08-at-14.23.19-300x225.jpeg 300w, https:\/\/atecordoba.org\/wp-content\/uploads\/2021\/05\/WhatsApp-Image-2020-07-08-at-14.23.19-1024x766.jpeg 1024w, https:\/\/atecordoba.org\/wp-content\/uploads\/2021\/05\/WhatsApp-Image-2020-07-08-at-14.23.19-768x575.jpeg 768w, https:\/\/atecordoba.org\/wp-content\/uploads\/2021\/05\/WhatsApp-Image-2020-07-08-at-14.23.19-750x561.jpeg 750w, https:\/\/atecordoba.org\/wp-content\/uploads\/2021\/05\/WhatsApp-Image-2020-07-08-at-14.23.19-1140x853.jpeg 1140w, https:\/\/atecordoba.org\/wp-content\/uploads\/2021\/05\/WhatsApp-Image-2020-07-08-at-14.23.19.jpeg 1280w\" sizes=\"auto, (max-width: 444px) 100vw, 444px\" \/>El dirigente afirm\u00f3 que en conversaciones con los funcionarios del organismo &#8220;tambi\u00e9n planteamos la discusi\u00f3n sobre el desarrollo de la producci\u00f3n para la defensa, dentro de una discusi\u00f3n m\u00e1s amplia sobre el rol del Estado en la soberan\u00eda nacional. \u00bfQu\u00e9 producci\u00f3n vamos a tener? \u00bfQu\u00e9 rumbo va a tener FFMM dentro de la necesidad de cuidar el patrimonio del organismo, que tambi\u00e9n es cuidar el salario de las y los compa\u00f1eros? En el macrismo perdimos poder adquisitivo de manera abismal, situaci\u00f3n que se acrecent\u00f3 durante la pandemia y por eso pedimos una recomposici\u00f3n salarial, as\u00ed evitamos que las y los compa\u00f1eros se vayan a buscar nuevos horizontes, que no vayan a buscar trabajo a otras empresas que se dedican a lo mismo, pero tienen mejores salarios&#8221;.<\/p>\n<p>La preocupaci\u00f3n por el destino tomen las y los compa\u00f1eros est\u00e1 muy presente en ATE. Por eso &#8221; exigimos recomponer el poder adquisitivo, pedimos la reincorporaci\u00f3n de compa\u00f1eros y compa\u00f1eras para poder llevar a delante la productividad y tambi\u00e9n recuperar la esencia de FFMM, que no sea solo vista como una empresa que tiene que dar ganancias. Ese relato lo escuchamos durante cuatro a\u00f1os y ahora se est\u00e1 repitiendo&#8221;.<\/p>\n<p>Salto dijo que &#8220;consideramos que no puede haber un ajuste por la v\u00eda de la p\u00e9rdida de derechos. Si bien anunciaron que no va a haber despedidos, creemos que para no incrementar el d\u00e9ficit hay que aumentar la producci\u00f3n. Para eso hay que invertir y no son claros en eso. Porque somos conscientes que aquellos que olviden su historia est\u00e1n condenados a repetirla, por eso exigimos un plan\u00a0 productivo, para que no queden las promesas solo en palabras&#8221;.<\/p>\n<p><strong><img loading=\"lazy\" decoding=\"async\" class=\" wp-image-25692 alignleft\" src=\"https:\/\/atecordoba.org\/wp-content\/uploads\/2021\/05\/IMG-20210504-WA0015-300x169.jpg\" alt=\"\" width=\"465\" height=\"262\" srcset=\"https:\/\/atecordoba.org\/wp-content\/uploads\/2021\/05\/IMG-20210504-WA0015-300x169.jpg 300w, https:\/\/atecordoba.org\/wp-content\/uploads\/2021\/05\/IMG-20210504-WA0015-1024x576.jpg 1024w, https:\/\/atecordoba.org\/wp-content\/uploads\/2021\/05\/IMG-20210504-WA0015-768x432.jpg 768w, https:\/\/atecordoba.org\/wp-content\/uploads\/2021\/05\/IMG-20210504-WA0015-750x422.jpg 750w, https:\/\/atecordoba.org\/wp-content\/uploads\/2021\/05\/IMG-20210504-WA0015-1140x641.jpg 1140w, https:\/\/atecordoba.org\/wp-content\/uploads\/2021\/05\/IMG-20210504-WA0015.jpg 1280w\" sizes=\"auto, (max-width: 465px) 100vw, 465px\" \/>Inversiones que no llegan<\/strong><\/p>\n<p>El secretario Gremial apunt\u00f3 al directorio de FFMM y al director de la planta de R\u00edo Tercero al aseguran que &#8220;no dan respuesta y no quieren avanzar en soluciones, deslegitimando el reclamo al salir en medios locales a decir que somos irresponsables y la realidad es que lo \u00fanico que pretendemos es el funcionamiento de FFMM&#8221;.<\/p>\n<p>&#8220;En cuanto al Fondo Nacional de la Defensa (Fondef), si bien vino a financiar algunas inversiones, no es una soluci\u00f3n de fondo. Se compr\u00f3 un reactor para la planta de \u00e1cido n\u00edtrico, una de las principales actividades de R\u00edo Tercero, pero hace falta\u00a0 m\u00e1s inversiones, a mayor y menos escala. Hay que tener un proyecto de mantenimiento que no solo sea correctivo sino tambi\u00e9n preventivo&#8221;.<\/p>\n<p>&#8220;Tampoco hay nada concreto respecto a la metalmec\u00e1nica, est\u00e1 en fase de proyectos . Por eso decimos que no hay que repetir la historia. Los a\u00f1os pasan, se vienen las elecciones y no sabemos qui\u00e9nes van a ganar y si vuelve un gobierno como el macrista podemos vernos seriamente perjudicados. Sobre el proyecto ferroviario, no hay una firma, un convenio ni nada&#8221;, acus\u00f3 Salto.<\/p>\n<p><img loading=\"lazy\" decoding=\"async\" class=\" wp-image-25695 alignright\" src=\"https:\/\/atecordoba.org\/wp-content\/uploads\/2021\/05\/WhatsApp-Image-2020-07-08-at-15.03.57-300x200.jpeg\" alt=\"\" width=\"470\" height=\"313\" srcset=\"https:\/\/atecordoba.org\/wp-content\/uploads\/2021\/05\/WhatsApp-Image-2020-07-08-at-15.03.57-300x200.jpeg 300w, https:\/\/atecordoba.org\/wp-content\/uploads\/2021\/05\/WhatsApp-Image-2020-07-08-at-15.03.57.jpeg 720w\" sizes=\"auto, (max-width: 470px) 100vw, 470px\" \/>El dirigente reconoci\u00f3 que desde la jornada de lucha, el presidente del directorio hizo un ofrecimiento, un bono a cuenta de futuros aumentos &#8220;pero es insuficiente. Sumado a que el proceso de recategorizaci\u00f3n tampoco es claro, porque son solo 33 puntuales ni hay nada concreto en cuanto a la reincorporaci\u00f3n de los despedidos. En enero tuvimos r\u00e9cord de facturaci\u00f3n con el esfuerzo de los compa\u00f1eros, pero no tenemos respuesta de la direcci\u00f3n, cuando estamos haciendo todo para cumplir con los compromisos productivos&#8221;.<\/p>\n<p><strong>Despedidos del macrismo<\/strong><\/p>\n<p>Por su parte, Julio Baz\u00e1n explic\u00f3 que son 100 trabajadores reales los despedidos del macrismo &#8220;pero tambi\u00e9n hay otros 150 compa\u00f1eros que se fueron por jubilaciones anticipadas, que no fueron cubiertos y que nosotros lo tomamos como parte del proceso de vaciamiento de la empresa. Nos faltan 250 trabajadores y solo tuvimos la reincorporaci\u00f3n de 12 compa\u00f1eros, pero incluso estas 12 son para cubrir bajas de este \u00faltimo tiempo. As\u00ed que no aument\u00f3 la planta en nada desde hace un a\u00f1o. Ese es el gran problema que tenemos. Tampoco se pueden hacer convocatorias externas sin tomar en cuenta a los compa\u00f1eros despedidos&#8221;.<\/p>\n<p>Por eso Baz\u00e1n dijo que en tanto no haya respuestas concretas &#8220;seguimos con el quite de colaboraci\u00f3n, y no hacer funciones superiores cuando no se nos paga, ni horas extras que son casi regaladas porque reci\u00e9n ahora conseguimos que se nos pague a los trabajadores en alguna medida, ni cambiamos de turno por falta de personal. Le quitamos la colaboraci\u00f3n para ver si reaccionan, si entienden que hay que resolver la falta de personal y la recomposici\u00f3n salarial, la falta de infraestructura, de maquinaria, de personal de mantenimiento&#8221;.<\/p>\n<p>&nbsp;<\/p>\n","protected":false},"excerpt":{"rendered":"<p>Durante una visita al Consejo Directivo Provincial, el secretario Gremial de la seccional ATE R\u00edo Tercero, David Salto, y su par de Organizaci\u00f3n, Julio Baz\u00e1n, dieron un panorama sobre que situaci\u00f3n atraviesa las plantas productivas de Fabricaciones Militares ubicadas en la ciudad. A principios de abril se realiz\u00f3 una movilizaci\u00f3n para expresar el descontento ante [&hellip;]<\/p>\n","protected":false},"author":7,"featured_media":25693,"comment_status":"open","ping_status":"open","sticky":true,"template":"","format":"standard","meta":{"_exactmetrics_skip_tracking":false,"_exactmetrics_sitenote_active":false,"_exactmetrics_sitenote_note":"","_exactmetrics_sitenote_category":0,"jnews-multi-image_gallery":[],"jnews_single_post":{"source_name":"","source_url":"","via_name":"","via_url":"","override_template":"0","override":[{"template":"1","single_blog_custom":"","parallax":"1","fullscreen":"0","layout":"right-sidebar","sidebar":"default-sidebar","second_sidebar":"default-sidebar","sticky_sidebar":"1","share_position":"top","share_float_style":"share-monocrhome","show_share_counter":"1","show_view_counter":"1","show_featured":"1","show_post_meta":"1","show_post_author":"1","show_post_author_image":"1","show_post_date":"1","post_date_format":"default","post_date_format_custom":"Y\/m\/d","show_post_category":"1","show_post_reading_time":"0","post_reading_time_wpm":"300","show_zoom_button":"0","zoom_button_out_step":"2","zoom_button_in_step":"3","show_post_tag":"1","show_prev_next_post":"1","show_popup_post":"1","number_popup_post":"1","show_author_box":"0","show_post_related":"0","show_inline_post_related":"0"}],"override_image_size":"0","image_override":[{"single_post_thumbnail_size":"crop-500","single_post_gallery_size":"crop-500"}],"trending_post":"0","trending_post_position":"meta","trending_post_label":"Trending","sponsored_post":"0","sponsored_post_label":"Sponsored by","sponsored_post_name":"","sponsored_post_url":"","sponsored_post_logo_enable":"0","sponsored_post_logo":"","sponsored_post_desc":""},"jnews_primary_category":{"id":""},"jnews_social_meta":{"fb_title":"","fb_description":"","fb_image":"","twitter_title":"","twitter_description":"","twitter_image":""},"jnews_review":[],"enable_review":"0","type":"percentage","name":"","summary":"","brand":"","sku":"","good":[{"good_text":""}],"bad":[{"bad_text":""}],"score_override":"","override_value":"","rating":[{"rating_text":"","rating_number":"10"}],"price":[{"shop":"","price":"","link":"","icon":""}],"jnews_override_counter":{"override_view_counter":"0","view_counter_number":"0","override_share_counter":"0","share_counter_number":"0","override_like_counter":"0","like_counter_number":"0","override_dislike_counter":"0","dislike_counter_number":"0"},"jnews_post_split":{"enable_post_split":"0","post_split":[{"template":"1","tag":"h2","numbering":"asc","mode":"normal"}]},"footnotes":""},"categories":[18,13],"tags":[570],"class_list":["post-25691","post","type-post","status-publish","format-standard","has-post-thumbnail","hentry","category-nacionales","category-rio-tercero","tag-direccion-general-de-fabricaciones-militares"],"jetpack_featured_media_url":"https:\/\/atecordoba.org\/wp-content\/uploads\/2021\/05\/IMG-20210504-WA0016.jpg","_links":{"self":[{"href":"https:\/\/atecordoba.org\/index.php?rest_route=\/wp\/v2\/posts\/25691","targetHints":{"allow":["GET"]}}],"collection":[{"href":"https:\/\/atecordoba.org\/index.php?rest_route=\/wp\/v2\/posts"}],"about":[{"href":"https:\/\/atecordoba.org\/index.php?rest_route=\/wp\/v2\/types\/post"}],"author":[{"embeddable":true,"href":"https:\/\/atecordoba.org\/index.php?rest_route=\/wp\/v2\/users\/7"}],"replies":[{"embeddable":true,"href":"https:\/\/atecordoba.org\/index.php?rest_route=%2Fwp%2Fv2%2Fcomments&post=25691"}],"version-history":[{"count":4,"href":"https:\/\/atecordoba.org\/index.php?rest_route=\/wp\/v2\/posts\/25691\/revisions"}],"predecessor-version":[{"id":25699,"href":"https:\/\/atecordoba.org\/index.php?rest_route=\/wp\/v2\/posts\/25691\/revisions\/25699"}],"wp:featuredmedia":[{"embeddable":true,"href":"https:\/\/atecordoba.org\/index.php?rest_route=\/wp\/v2\/media\/25693"}],"wp:attachment":[{"href":"https:\/\/atecordoba.org\/index.php?rest_route=%2Fwp%2Fv2%2Fmedia&parent=25691"}],"wp:term":[{"taxonomy":"category","embeddable":true,"href":"https:\/\/atecordoba.org\/index.php?rest_route=%2Fwp%2Fv2%2Fcategories&post=25691"},{"taxonomy":"post_tag","embeddable":true,"href":"https:\/\/atecordoba.org\/index.php?rest_route=%2Fwp%2Fv2%2Ftags&post=25691"}],"curies":[{"name":"wp","href":"https:\/\/api.w.org\/{rel}","templated":true}]}}