{"id":25682,"date":"2021-05-03T14:26:42","date_gmt":"2021-05-03T17:26:42","guid":{"rendered":"https:\/\/atecordoba.org\/?p=25682"},"modified":"2021-05-03T14:26:42","modified_gmt":"2021-05-03T17:26:42","slug":"un-acto-frente-al-patio-olmos-corono-la-movilizacion-del-sector-salud","status":"publish","type":"post","link":"https:\/\/atecordoba.org\/?p=25682","title":{"rendered":"Un acto frente al Patio Olmos coron\u00f3 la movilizaci\u00f3n del sector salud"},"content":{"rendered":"<p><img loading=\"lazy\" decoding=\"async\" class=\" wp-image-25685 aligncenter\" src=\"https:\/\/atecordoba.org\/wp-content\/uploads\/2021\/05\/palco-patio-olmos-300x157.png\" alt=\"\" width=\"600\" height=\"314\" srcset=\"https:\/\/atecordoba.org\/wp-content\/uploads\/2021\/05\/palco-patio-olmos-300x157.png 300w, https:\/\/atecordoba.org\/wp-content\/uploads\/2021\/05\/palco-patio-olmos-768x401.png 768w, https:\/\/atecordoba.org\/wp-content\/uploads\/2021\/05\/palco-patio-olmos-750x392.png 750w, https:\/\/atecordoba.org\/wp-content\/uploads\/2021\/05\/palco-patio-olmos.png 974w\" sizes=\"auto, (max-width: 600px) 100vw, 600px\" \/>Con un acto frente al Patio Olmos la Multisectorial de la Salud finaliz\u00f3 una nutrida movilizaci\u00f3n de las y los trabajadores del sistema de sanitario.<\/p>\n<p>ATE junto a organizaciones profesionales, sindicatos y movimientos sociales reclamaron cambios impostergables en el sistema de salud, comenzando por una recomposici\u00f3n salarial acorde que compense la permanente escalada inflacionaria que sufren las familias y el pueblo en general.<\/p>\n<p>Vale se\u00f1alar que la programaci\u00f3n de la marcha era ir desde Plaza Jer\u00f3nimo del Barco hasta el Panal, pero esto \u00faltimo fue impedido por la polic\u00eda de Schiaretti, que blind\u00f3 la Casa de Gobierno y sus inmediaciones para que no las y los manifestantes pudieran realizar all\u00ed el acto como estaba previsto. En acto central fue realizado finalmente frente a Patio Olmos.\u00a0En un palco levantado en la plaza Agust\u00edn Tosco, representantes del Multisectorial leyeron un documento muy cr\u00edtico de la pol\u00edtica provincial de lucha contra la pandemia de Covid-19.<\/p>\n<p>En sus p\u00e1rrafos m\u00e1s salientes, el documento expres\u00f3 que &#8220;estamos ante un nuevo recrudecimiento de la situaci\u00f3n epidemiol\u00f3gica. No hay acuerdo entre las y los especialistas, si se trata de la segunda o tercera ola, pero nadie discute que estamos atravesando el peor momento de la pandemia. Como incluso lo se\u00f1alaron esta semana desde el gobierno nacional&#8221;.<\/p>\n<p>&#8220;Sin embargo, desde el gobierno provincial se han privilegiado los intereses econ\u00f3micos por sobre la salud de la poblaci\u00f3n, las consecuencias est\u00e1n a la vista.\u00a0La cada vez m\u00e1s cr\u00edtica situaci\u00f3n sanitaria provincial no ha sido suficiente para que\u00a0 el gobierno cambie el rumbo como miles se lo exigimos. \u00a0Al contrario, se avanz\u00f3 en inexplicables medias de apertura y se avanz\u00f3 en una presencialidad educativa que complica m\u00e1s aun la situaci\u00f3n. Probablemente la virtualidad tenga consecuencias negativas en el proceso educativo. Corresponder\u00e1 evaluarlo a las y los docentes y especialistas en educaci\u00f3n. Pero nuestro deber como agentes de la salud es advertir las graves consecuencias que esto puede traer a nivel epidemiol\u00f3gico&#8221;.<\/p>\n<p>&#8220;Junto a esto necesitamos aumentar el nivel de testeo para poder realizar seguimientos epidemiol\u00f3gicos y aislamientos focalizados en cada caso que sea necesario.\u00a0El proceso de vacunaci\u00f3n no est\u00e1 alcanzando al conjunto del personal de salud sin tener en claro los criterios a la hora de hacer la inmunizaci\u00f3n&#8221;.<\/p>\n<p>&#8220;El 13 de abril\u00a0 Schiaretti anunci\u00f3 que los sistemas p\u00fablico y privado sumar\u00e1n camas para toda la provincia, pero no se aumenta el personal y por el contrario se aumenta la recisi\u00f3n de contratos, verdaderos despidos encubiertos del personal de salud&#8221;.<\/p>\n<p>El grito un\u00e1nime reclam\u00f3 \u00a1Paritarias para salud!<\/p>\n<ul>\n<li>Recomposici\u00f3n salarial urgente por un b\u00e1sico inicial de 70 mil pesos, sin sumas no remunerativas o en negro.<\/li>\n<li>Regulaci\u00f3n y aumentos de honorarios a los prestadores por parte de APROSS.<\/li>\n<li>fin de la precarizaci\u00f3n. pase a planta de todos los precarizados y reconocimiento laboral de las y los residentes.<\/li>\n<li>salarios dignos y estabilidad en el sector privado.<\/li>\n<li>reincorporaci\u00f3n de las y los despedidos<\/li>\n<li>fin de los despidos, traslados compulsivos, amenazas y aprietes contra el libre ejercicio del derecho a peticionar antes las autoridades y a organizarse sindicalmente.<\/li>\n<li>Aumento de personal, atendiendo a la especificidad de las tareas y con plenos derechos y salarios acordes a la tarea realizada.<\/li>\n<li>provisi\u00f3n continua de EPP en cantidad y calidad suficiente.<\/li>\n<li>participaci\u00f3n y control del personal en la elaboraci\u00f3n de los protocolos de funcionamiento.<\/li>\n<li>funcionamiento en modalidad espejo en todas las instituciones para reducir riesgos de contagio.<\/li>\n<li>respeto a las licencias para las y los trabajadores que son grupos de riesgo.<\/li>\n<li>avanzar en condiciones para eliminar el pluriempleo<\/li>\n<li>testeo sistem\u00e1tico para coronavirus a todo el personal de salud<\/li>\n<li>centralizaci\u00f3n del sistema de salud bajo comando estatal y conformaci\u00f3n de organismos con participaci\u00f3n del personal para elaborar y seguir la implementaci\u00f3n de pol\u00edticas sanitarias a nivel provincial, regional y con comit\u00e9s de crisis en cada efector de salud.<\/li>\n<li>urgente restricci\u00f3n de las actividades no esenciales para reducir la circulaci\u00f3n viral y disminuir contagios.<\/li>\n<li>paritarias para el sector salud para abordar problem\u00e1ticas particulares.<\/li>\n<\/ul>\n","protected":false},"excerpt":{"rendered":"<p>Con un acto frente al Patio Olmos la Multisectorial de la Salud finaliz\u00f3 una nutrida movilizaci\u00f3n de las y los trabajadores del sistema de sanitario. ATE junto a organizaciones profesionales, sindicatos y movimientos sociales reclamaron cambios impostergables en el sistema de salud, comenzando por una recomposici\u00f3n salarial acorde que compense la permanente escalada inflacionaria que [&hellip;]<\/p>\n","protected":false},"author":7,"featured_media":25685,"comment_status":"open","ping_status":"open","sticky":true,"template":"","format":"standard","meta":{"_exactmetrics_skip_tracking":false,"_exactmetrics_sitenote_active":false,"_exactmetrics_sitenote_note":"","_exactmetrics_sitenote_category":0,"jnews-multi-image_gallery":[],"jnews_single_post":{"source_name":"","source_url":"","via_name":"","via_url":"","override_template":"0","override":[{"template":"1","single_blog_custom":"","parallax":"1","fullscreen":"0","layout":"right-sidebar","sidebar":"default-sidebar","second_sidebar":"default-sidebar","sticky_sidebar":"1","share_position":"top","share_float_style":"share-monocrhome","show_share_counter":"1","show_view_counter":"1","show_featured":"1","show_post_meta":"1","show_post_author":"1","show_post_author_image":"1","show_post_date":"1","post_date_format":"default","post_date_format_custom":"Y\/m\/d","show_post_category":"1","show_post_reading_time":"0","post_reading_time_wpm":"300","show_zoom_button":"0","zoom_button_out_step":"2","zoom_button_in_step":"3","show_post_tag":"1","show_prev_next_post":"1","show_popup_post":"1","number_popup_post":"1","show_author_box":"0","show_post_related":"0","show_inline_post_related":"0"}],"override_image_size":"0","image_override":[{"single_post_thumbnail_size":"crop-500","single_post_gallery_size":"crop-500"}],"trending_post":"0","trending_post_position":"meta","trending_post_label":"Trending","sponsored_post":"0","sponsored_post_label":"Sponsored by","sponsored_post_name":"","sponsored_post_url":"","sponsored_post_logo_enable":"0","sponsored_post_logo":"","sponsored_post_desc":""},"jnews_primary_category":{"id":""},"jnews_social_meta":{"fb_title":"","fb_description":"","fb_image":"","twitter_title":"","twitter_description":"","twitter_image":""},"jnews_review":[],"enable_review":"0","type":"percentage","name":"","summary":"","brand":"","sku":"","good":[{"good_text":""}],"bad":[{"bad_text":""}],"score_override":"","override_value":"","rating":[{"rating_text":"","rating_number":"10"}],"price":[{"shop":"","price":"","link":"","icon":""}],"jnews_override_counter":{"override_view_counter":"0","view_counter_number":"0","override_share_counter":"0","share_counter_number":"0","override_like_counter":"0","like_counter_number":"0","override_dislike_counter":"0","dislike_counter_number":"0"},"jnews_post_split":{"enable_post_split":"0","post_split":[{"template":"1","tag":"h2","numbering":"asc","mode":"normal"}]},"footnotes":""},"categories":[8],"tags":[721],"class_list":["post-25682","post","type-post","status-publish","format-standard","has-post-thumbnail","hentry","category-provinciales","tag-paro-de-salud"],"jetpack_featured_media_url":"https:\/\/atecordoba.org\/wp-content\/uploads\/2021\/05\/palco-patio-olmos.png","_links":{"self":[{"href":"https:\/\/atecordoba.org\/index.php?rest_route=\/wp\/v2\/posts\/25682","targetHints":{"allow":["GET"]}}],"collection":[{"href":"https:\/\/atecordoba.org\/index.php?rest_route=\/wp\/v2\/posts"}],"about":[{"href":"https:\/\/atecordoba.org\/index.php?rest_route=\/wp\/v2\/types\/post"}],"author":[{"embeddable":true,"href":"https:\/\/atecordoba.org\/index.php?rest_route=\/wp\/v2\/users\/7"}],"replies":[{"embeddable":true,"href":"https:\/\/atecordoba.org\/index.php?rest_route=%2Fwp%2Fv2%2Fcomments&post=25682"}],"version-history":[{"count":1,"href":"https:\/\/atecordoba.org\/index.php?rest_route=\/wp\/v2\/posts\/25682\/revisions"}],"predecessor-version":[{"id":25686,"href":"https:\/\/atecordoba.org\/index.php?rest_route=\/wp\/v2\/posts\/25682\/revisions\/25686"}],"wp:featuredmedia":[{"embeddable":true,"href":"https:\/\/atecordoba.org\/index.php?rest_route=\/wp\/v2\/media\/25685"}],"wp:attachment":[{"href":"https:\/\/atecordoba.org\/index.php?rest_route=%2Fwp%2Fv2%2Fmedia&parent=25682"}],"wp:term":[{"taxonomy":"category","embeddable":true,"href":"https:\/\/atecordoba.org\/index.php?rest_route=%2Fwp%2Fv2%2Fcategories&post=25682"},{"taxonomy":"post_tag","embeddable":true,"href":"https:\/\/atecordoba.org\/index.php?rest_route=%2Fwp%2Fv2%2Ftags&post=25682"}],"curies":[{"name":"wp","href":"https:\/\/api.w.org\/{rel}","templated":true}]}}