{"id":25672,"date":"2021-05-03T12:56:52","date_gmt":"2021-05-03T15:56:52","guid":{"rendered":"https:\/\/atecordoba.org\/?p=25672"},"modified":"2021-05-03T13:20:36","modified_gmt":"2021-05-03T16:20:36","slug":"volver-a-carrillo-segundo-conversatorio-virtual-sobre-le-sistema-de-salud-publica","status":"publish","type":"post","link":"https:\/\/atecordoba.org\/?p=25672","title":{"rendered":"Volver a Carrillo, segundo conversatorio virtual sobre le sistema de salud p\u00fablica"},"content":{"rendered":"<p><img loading=\"lazy\" decoding=\"async\" class=\" wp-image-25673 alignleft\" src=\"https:\/\/atecordoba.org\/wp-content\/uploads\/2021\/05\/flyer-volver-carrillo-300x300.jpg\" alt=\"\" width=\"326\" height=\"326\" srcset=\"https:\/\/atecordoba.org\/wp-content\/uploads\/2021\/05\/flyer-volver-carrillo-300x300.jpg 300w, https:\/\/atecordoba.org\/wp-content\/uploads\/2021\/05\/flyer-volver-carrillo-1024x1024.jpg 1024w, https:\/\/atecordoba.org\/wp-content\/uploads\/2021\/05\/flyer-volver-carrillo-150x150.jpg 150w, https:\/\/atecordoba.org\/wp-content\/uploads\/2021\/05\/flyer-volver-carrillo-768x768.jpg 768w, https:\/\/atecordoba.org\/wp-content\/uploads\/2021\/05\/flyer-volver-carrillo-560x560.jpg 560w, https:\/\/atecordoba.org\/wp-content\/uploads\/2021\/05\/flyer-volver-carrillo-75x75.jpg 75w, https:\/\/atecordoba.org\/wp-content\/uploads\/2021\/05\/flyer-volver-carrillo-750x750.jpg 750w, https:\/\/atecordoba.org\/wp-content\/uploads\/2021\/05\/flyer-volver-carrillo.jpg 1080w\" sizes=\"auto, (max-width: 326px) 100vw, 326px\" \/><\/p>\n<p>En el marco del ciclo de charlas que ATE nacional lanz\u00f3 por la campa\u00f1a \u201cVolver a Carrillo\u201d, para recuperar de un modelo sanitario necesario para estos tiempos y con el objetivo de darle continuidad a la serie de conferencias que comenz\u00f3 en marzo pasado, ATE C\u00f3rdoba llama a participar de un conversatorio que se llevar\u00e1 a cabo el pr\u00f3ximo jueves 6 de mayo a las 18.30 horas.<\/p>\n<p>La primera charla estuvo a cargo del referente de salud de nuestra organizaci\u00f3n sindical a nivel nacional Rodolfo Arrechea. En este segundo encuentro, con la moderaci\u00f3n de la secretaria de Prensa del Consejo Directivo Provincial (CDP) Julia Giuliani, se abordar\u00e1 la problem\u00e1tica de \u2018Las infancias en tiempos de pandemia\u2019, contando con la mirada de tres profesionales del \u00e1rea: la pediatra Cristina Farah, trabajadora de la salud de Villa Carlos Paz, Virginia Funes, licenciada en psicolog\u00eda infantil del municipio de R\u00edo Cuarto, y Marilina Gadpen, subsecretaria de Ni\u00f1ez, Adolescencia y Familia de R\u00edo Cuarto.<\/p>\n<p>\u201cInvitamos a participar de estas instancias tan importantes en estos tiempos, para analizar desde las y los trabajadores qu\u00e9 pol\u00edticas se est\u00e1n implementando y gestionando para que las pibas y los pibes puedan sobrellevar la pandemia, que tanto les influye\u201d, resumi\u00f3 Giuliani.<\/p>\n<p>El conversatorio se trasmitir\u00e1 por zoom y por las redes sociales de ATE C\u00f3rdoba.<\/p>\n","protected":false},"excerpt":{"rendered":"<p>En el marco del ciclo de charlas que ATE nacional lanz\u00f3 por la campa\u00f1a \u201cVolver a Carrillo\u201d, para recuperar de un modelo sanitario necesario para estos tiempos y con el objetivo de darle continuidad a la serie de conferencias que comenz\u00f3 en marzo pasado, ATE C\u00f3rdoba llama a participar de un conversatorio que se llevar\u00e1 [&hellip;]<\/p>\n","protected":false},"author":7,"featured_media":25673,"comment_status":"open","ping_status":"open","sticky":true,"template":"","format":"standard","meta":{"_exactmetrics_skip_tracking":false,"_exactmetrics_sitenote_active":false,"_exactmetrics_sitenote_note":"","_exactmetrics_sitenote_category":0,"jnews-multi-image_gallery":[],"jnews_single_post":{"source_name":"","source_url":"","via_name":"","via_url":"","override_template":"0","override":[{"template":"1","single_blog_custom":"","parallax":"1","fullscreen":"0","layout":"right-sidebar","sidebar":"default-sidebar","second_sidebar":"default-sidebar","sticky_sidebar":"1","share_position":"top","share_float_style":"share-monocrhome","show_share_counter":"1","show_view_counter":"1","show_featured":"1","show_post_meta":"1","show_post_author":"1","show_post_author_image":"1","show_post_date":"1","post_date_format":"default","post_date_format_custom":"Y\/m\/d","show_post_category":"1","show_post_reading_time":"0","post_reading_time_wpm":"300","show_zoom_button":"0","zoom_button_out_step":"2","zoom_button_in_step":"3","show_post_tag":"1","show_prev_next_post":"1","show_popup_post":"1","number_popup_post":"1","show_author_box":"0","show_post_related":"0","show_inline_post_related":"0"}],"override_image_size":"0","image_override":[{"single_post_thumbnail_size":"crop-500","single_post_gallery_size":"crop-500"}],"trending_post":"0","trending_post_position":"meta","trending_post_label":"Trending","sponsored_post":"0","sponsored_post_label":"Sponsored by","sponsored_post_name":"","sponsored_post_url":"","sponsored_post_logo_enable":"0","sponsored_post_logo":"","sponsored_post_desc":""},"jnews_primary_category":{"id":""},"jnews_social_meta":{"fb_title":"","fb_description":"","fb_image":"","twitter_title":"","twitter_description":"","twitter_image":""},"jnews_review":[],"enable_review":"0","type":"percentage","name":"","summary":"","brand":"","sku":"","good":[{"good_text":""}],"bad":[{"bad_text":""}],"score_override":"","override_value":"","rating":[{"rating_text":"","rating_number":"10"}],"price":[{"shop":"","price":"","link":"","icon":""}],"jnews_override_counter":{"override_view_counter":"0","view_counter_number":"0","override_share_counter":"0","share_counter_number":"0","override_like_counter":"0","like_counter_number":"0","override_dislike_counter":"0","dislike_counter_number":"0"},"jnews_post_split":{"enable_post_split":"0","post_split":[{"template":"1","tag":"h2","numbering":"asc","mode":"normal"}]},"footnotes":""},"categories":[88],"tags":[815],"class_list":["post-25672","post","type-post","status-publish","format-standard","has-post-thumbnail","hentry","category-formacion","tag-campana-volver-a-carrillo"],"jetpack_featured_media_url":"https:\/\/atecordoba.org\/wp-content\/uploads\/2021\/05\/flyer-volver-carrillo.jpg","_links":{"self":[{"href":"https:\/\/atecordoba.org\/index.php?rest_route=\/wp\/v2\/posts\/25672","targetHints":{"allow":["GET"]}}],"collection":[{"href":"https:\/\/atecordoba.org\/index.php?rest_route=\/wp\/v2\/posts"}],"about":[{"href":"https:\/\/atecordoba.org\/index.php?rest_route=\/wp\/v2\/types\/post"}],"author":[{"embeddable":true,"href":"https:\/\/atecordoba.org\/index.php?rest_route=\/wp\/v2\/users\/7"}],"replies":[{"embeddable":true,"href":"https:\/\/atecordoba.org\/index.php?rest_route=%2Fwp%2Fv2%2Fcomments&post=25672"}],"version-history":[{"count":1,"href":"https:\/\/atecordoba.org\/index.php?rest_route=\/wp\/v2\/posts\/25672\/revisions"}],"predecessor-version":[{"id":25678,"href":"https:\/\/atecordoba.org\/index.php?rest_route=\/wp\/v2\/posts\/25672\/revisions\/25678"}],"wp:featuredmedia":[{"embeddable":true,"href":"https:\/\/atecordoba.org\/index.php?rest_route=\/wp\/v2\/media\/25673"}],"wp:attachment":[{"href":"https:\/\/atecordoba.org\/index.php?rest_route=%2Fwp%2Fv2%2Fmedia&parent=25672"}],"wp:term":[{"taxonomy":"category","embeddable":true,"href":"https:\/\/atecordoba.org\/index.php?rest_route=%2Fwp%2Fv2%2Fcategories&post=25672"},{"taxonomy":"post_tag","embeddable":true,"href":"https:\/\/atecordoba.org\/index.php?rest_route=%2Fwp%2Fv2%2Ftags&post=25672"}],"curies":[{"name":"wp","href":"https:\/\/api.w.org\/{rel}","templated":true}]}}