{"id":25667,"date":"2021-05-03T12:28:19","date_gmt":"2021-05-03T15:28:19","guid":{"rendered":"https:\/\/atecordoba.org\/?p=25667"},"modified":"2021-05-03T15:12:35","modified_gmt":"2021-05-03T18:12:35","slug":"jornada-de-lucha-de-estatales-nacionales","status":"publish","type":"post","link":"https:\/\/atecordoba.org\/?p=25667","title":{"rendered":"Jornada de lucha de estatales nacionales en C\u00f3rdoba"},"content":{"rendered":"<p><a href=\"https:\/\/atecordoba.org\/wp-content\/uploads\/2021\/05\/05-05-Jornada-Lucha-Nacionales-80.jpg\"><img loading=\"lazy\" decoding=\"async\" class=\" wp-image-25689 alignleft\" src=\"https:\/\/atecordoba.org\/wp-content\/uploads\/2021\/05\/05-05-Jornada-Lucha-Nacionales-80-1024x1024.jpg\" alt=\"\" width=\"463\" height=\"463\" srcset=\"https:\/\/atecordoba.org\/wp-content\/uploads\/2021\/05\/05-05-Jornada-Lucha-Nacionales-80-1024x1024.jpg 1024w, https:\/\/atecordoba.org\/wp-content\/uploads\/2021\/05\/05-05-Jornada-Lucha-Nacionales-80-300x300.jpg 300w, https:\/\/atecordoba.org\/wp-content\/uploads\/2021\/05\/05-05-Jornada-Lucha-Nacionales-80-150x150.jpg 150w, https:\/\/atecordoba.org\/wp-content\/uploads\/2021\/05\/05-05-Jornada-Lucha-Nacionales-80-768x768.jpg 768w, https:\/\/atecordoba.org\/wp-content\/uploads\/2021\/05\/05-05-Jornada-Lucha-Nacionales-80-560x560.jpg 560w, https:\/\/atecordoba.org\/wp-content\/uploads\/2021\/05\/05-05-Jornada-Lucha-Nacionales-80-75x75.jpg 75w, https:\/\/atecordoba.org\/wp-content\/uploads\/2021\/05\/05-05-Jornada-Lucha-Nacionales-80-750x750.jpg 750w, https:\/\/atecordoba.org\/wp-content\/uploads\/2021\/05\/05-05-Jornada-Lucha-Nacionales-80.jpg 1080w\" sizes=\"auto, (max-width: 463px) 100vw, 463px\" \/><\/a>El pr\u00f3ximo mi\u00e9rcoles 5 de mayo se llevar\u00e1 a cabo una Jornada de Protesta de las y los trabajadores del Estado nacional.<\/p>\n<p>La medida fue resuelta en una plenario provincial y en las asambleas sectoriales donde las y los compa\u00f1eros exigen medidas urgentes para restablecer la capacidad adquisitiva de los salarios.<\/p>\n<p>As\u00ed el plenario reclama una urgente recomposici\u00f3n salarial, como punto primordial, junto a la reincorporaci\u00f3n de las y los despedidos del macrismo, pase a planta permanente y condiciones dignas de trabajo.<\/p>\n<p>El consejo Directivo Provincial (CDP) convoca a concentrarse en el ingreso de la Escuela de Suboficiales de la Fuerza A\u00e9rea (ESFA) en Ruta 20, 0 Km 4 1\/2, a partir de las 10 horas.<\/p>\n<p>&nbsp;<\/p>\n","protected":false},"excerpt":{"rendered":"<p>El pr\u00f3ximo mi\u00e9rcoles 5 de mayo se llevar\u00e1 a cabo una Jornada de Protesta de las y los trabajadores del Estado nacional. La medida fue resuelta en una plenario provincial y en las asambleas sectoriales donde las y los compa\u00f1eros exigen medidas urgentes para restablecer la capacidad adquisitiva de los salarios. As\u00ed el plenario reclama [&hellip;]<\/p>\n","protected":false},"author":7,"featured_media":25689,"comment_status":"open","ping_status":"open","sticky":true,"template":"","format":"standard","meta":{"_exactmetrics_skip_tracking":false,"_exactmetrics_sitenote_active":false,"_exactmetrics_sitenote_note":"","_exactmetrics_sitenote_category":0,"jnews-multi-image_gallery":[],"jnews_single_post":{"source_name":"","source_url":"","via_name":"","via_url":"","override_template":"0","override":[{"template":"1","single_blog_custom":"","parallax":"1","fullscreen":"0","layout":"right-sidebar","sidebar":"default-sidebar","second_sidebar":"default-sidebar","sticky_sidebar":"1","share_position":"top","share_float_style":"share-monocrhome","show_share_counter":"1","show_view_counter":"1","show_featured":"1","show_post_meta":"1","show_post_author":"1","show_post_author_image":"1","show_post_date":"1","post_date_format":"default","post_date_format_custom":"Y\/m\/d","show_post_category":"1","show_post_reading_time":"0","post_reading_time_wpm":"300","show_zoom_button":"0","zoom_button_out_step":"2","zoom_button_in_step":"3","show_post_tag":"1","show_prev_next_post":"1","show_popup_post":"1","number_popup_post":"1","show_author_box":"0","show_post_related":"0","show_inline_post_related":"0"}],"override_image_size":"0","image_override":[{"single_post_thumbnail_size":"crop-500","single_post_gallery_size":"crop-500"}],"trending_post":"0","trending_post_position":"meta","trending_post_label":"Trending","sponsored_post":"0","sponsored_post_label":"Sponsored by","sponsored_post_name":"","sponsored_post_url":"","sponsored_post_logo_enable":"0","sponsored_post_logo":"","sponsored_post_desc":""},"jnews_primary_category":{"id":""},"jnews_social_meta":{"fb_title":"","fb_description":"","fb_image":"","twitter_title":"","twitter_description":"","twitter_image":""},"jnews_review":[],"enable_review":"0","type":"percentage","name":"","summary":"","brand":"","sku":"","good":[{"good_text":""}],"bad":[{"bad_text":""}],"score_override":"","override_value":"","rating":[{"rating_text":"","rating_number":"10"}],"price":[{"shop":"","price":"","link":"","icon":""}],"jnews_override_counter":{"override_view_counter":"0","view_counter_number":"0","override_share_counter":"0","share_counter_number":"0","override_like_counter":"0","like_counter_number":"0","override_dislike_counter":"0","dislike_counter_number":"0"},"jnews_post_split":{"enable_post_split":"0","post_split":[{"template":"1","tag":"h2","numbering":"asc","mode":"normal"}]},"footnotes":""},"categories":[18],"tags":[814],"class_list":["post-25667","post","type-post","status-publish","format-standard","has-post-thumbnail","hentry","category-nacionales","tag-jornada-de-lucha-nacionales"],"jetpack_featured_media_url":"https:\/\/atecordoba.org\/wp-content\/uploads\/2021\/05\/05-05-Jornada-Lucha-Nacionales-80.jpg","_links":{"self":[{"href":"https:\/\/atecordoba.org\/index.php?rest_route=\/wp\/v2\/posts\/25667","targetHints":{"allow":["GET"]}}],"collection":[{"href":"https:\/\/atecordoba.org\/index.php?rest_route=\/wp\/v2\/posts"}],"about":[{"href":"https:\/\/atecordoba.org\/index.php?rest_route=\/wp\/v2\/types\/post"}],"author":[{"embeddable":true,"href":"https:\/\/atecordoba.org\/index.php?rest_route=\/wp\/v2\/users\/7"}],"replies":[{"embeddable":true,"href":"https:\/\/atecordoba.org\/index.php?rest_route=%2Fwp%2Fv2%2Fcomments&post=25667"}],"version-history":[{"count":6,"href":"https:\/\/atecordoba.org\/index.php?rest_route=\/wp\/v2\/posts\/25667\/revisions"}],"predecessor-version":[{"id":25690,"href":"https:\/\/atecordoba.org\/index.php?rest_route=\/wp\/v2\/posts\/25667\/revisions\/25690"}],"wp:featuredmedia":[{"embeddable":true,"href":"https:\/\/atecordoba.org\/index.php?rest_route=\/wp\/v2\/media\/25689"}],"wp:attachment":[{"href":"https:\/\/atecordoba.org\/index.php?rest_route=%2Fwp%2Fv2%2Fmedia&parent=25667"}],"wp:term":[{"taxonomy":"category","embeddable":true,"href":"https:\/\/atecordoba.org\/index.php?rest_route=%2Fwp%2Fv2%2Fcategories&post=25667"},{"taxonomy":"post_tag","embeddable":true,"href":"https:\/\/atecordoba.org\/index.php?rest_route=%2Fwp%2Fv2%2Ftags&post=25667"}],"curies":[{"name":"wp","href":"https:\/\/api.w.org\/{rel}","templated":true}]}}