{"id":25663,"date":"2021-05-03T12:11:45","date_gmt":"2021-05-03T15:11:45","guid":{"rendered":"https:\/\/atecordoba.org\/?p=25663"},"modified":"2021-05-03T12:11:45","modified_gmt":"2021-05-03T15:11:45","slug":"polo-de-la-mujer-despidos-descuentos-y-traslados-compulsivos-quien-cuida-a-quienes-cuidamos","status":"publish","type":"post","link":"https:\/\/atecordoba.org\/?p=25663","title":{"rendered":"Polo de la Mujer: Despidos, descuentos y traslados compulsivos \u00bfQui\u00e9n cuida a quienes cuidamos?"},"content":{"rendered":"<p><img loading=\"lazy\" decoding=\"async\" class=\" wp-image-25664 aligncenter\" src=\"https:\/\/atecordoba.org\/wp-content\/uploads\/2021\/05\/WhatsApp-Image-2020-12-21-at-14.40.53-1-300x169.jpeg\" alt=\"\" width=\"717\" height=\"404\" srcset=\"https:\/\/atecordoba.org\/wp-content\/uploads\/2021\/05\/WhatsApp-Image-2020-12-21-at-14.40.53-1-300x169.jpeg 300w, https:\/\/atecordoba.org\/wp-content\/uploads\/2021\/05\/WhatsApp-Image-2020-12-21-at-14.40.53-1-768x432.jpeg 768w, https:\/\/atecordoba.org\/wp-content\/uploads\/2021\/05\/WhatsApp-Image-2020-12-21-at-14.40.53-1-750x422.jpeg 750w, https:\/\/atecordoba.org\/wp-content\/uploads\/2021\/05\/WhatsApp-Image-2020-12-21-at-14.40.53-1.jpeg 1000w\" sizes=\"auto, (max-width: 717px) 100vw, 717px\" \/>De cara al pasado 8 de marzo, las trabajadoras del Polo de la Mujer exigimos el aumento de personal, denunciando el incremento de la demanda. Luego de esto, logramos la incorporaci\u00f3n de 14 profesionales, quienes inexplicablemente fueron despedidxs hace pocos d\u00edas. Despidos que ponen una vez m\u00e1s sobre el tapete las condiciones de suma precariedad en las cuales trabajamos, ya que estxs compa\u00f1erxs ingresaron mediante supuestos convenios que nunca lograron efectivizarse. Lamentablemente en la segunda provincia del pa\u00eds con mayor \u00edndice de femicidios, el gobierno despide injustamente a trabajadorxs de este ministerio.<\/p>\n<p>Las trabajadoras somos las primeras en saber lo esencial de nuestro trabajo, las mujeres necesitan de nuestro acompa\u00f1amiento para poder salir de las cada vez m\u00e1s extremas situaciones de violencias. Las funcionarias han dejado deslizar que estos despidos son nuestra responsabilidad, al haber hecho de p\u00fablico conocimiento las condiciones de precariedad. Consideramos este un argumento machista y patriarcal, apostando al secreto y al silencio como mecanismo de coerci\u00f3n. Somos nosotras quienes todos los d\u00edas buscamos que las mujeres rompan el silencio, se animen a exponer su situaci\u00f3n para comenzar una vida libre de violencias. Por eso decimos con claridad que la asistencia a mujeres se ve perjudicada por una decisi\u00f3n pol\u00edtica del gobierno de turno, de explotarnos, precarizarnos, e invisibilizarnos. Seguimos organizadas, exigiendo la inmediata reincorporaci\u00f3n de lxs compa\u00f1erxs despedidxs en condiciones laborales dignas, junto con el pase a planta de todxs lxs trabajadorxs.<\/p>\n<p>Sin embargo, la cr\u00edtica situaci\u00f3n de esta instituci\u00f3n no termina aqu\u00ed. Luego de la lucha que dimos semanas atr\u00e1s, con asambleas y paros de dos horas por turno, s\u00f3lo conseguimos un aumento del 17% para las trabajadoras monotributistas, aumento muy desligado de la realidad inflacionaria de nuestro pa\u00eds, manteniendo nuestros salarios por debajo de la l\u00ednea de pobreza. La gesti\u00f3n de Claudia Mart\u00ednez contin\u00faa con el ejercicio de la violencia, descontando los d\u00edas de asamblea y paros, intimidando a nuestra delegada y realizando traslados compulsivos de \u00e1reas sin ning\u00fan tipo de criterio profesional. Mecanismos hartamente conocidos para desarticularnos, dividirnos e imponer el miedo como regla. En este marco, hemos impulsado un fondo de huelga para recolectar el dinero descontado de nuestros sueldos, colecta que ha comenzado por las mismas compa\u00f1eras y extendemos a la sociedad en general.<\/p>\n<p>No estamos dispuestas a trabajar priorizando cantidad por sobre calidad. Nosotras no prestamos un servicio, sino que garantizamos derechos a las mujeres. Por ello, proclamamos nuestro derecho a vivir una vida libre de violencias, vi\u00e9ndonos obligadas a nombrar una vez m\u00e1s que precarizar es violencia, y en este caso que es el gobierno provincial quien nos violenta. Como colectivo estamos siempre dispuestas al di\u00e1logo, por eso venimos exigiendo y propiciando esas instancias desde hace a\u00f1os, lamentablemente sin haber encontrado respuestas favorables.<\/p>\n<p>Solicitamos la m\u00e1s amplia solidaridad y acompa\u00f1amiento de la sociedad, organizaciones sociales, feministas, pol\u00edticas y otras mediante adhesiones, fotos, videos para difundir nuestra lucha.<\/p>\n<ul>\n<li>Reincorporaci\u00f3n inmediata de lxs compa\u00f1erxs despedidxs<\/li>\n<li>Abajo los descuentos por paros y asambleas. No a los traslados compulsivos.<\/li>\n<li>Pase a planta permanente de todas las trabajadoras. Aumento salarial de emergencia de acuerdo a la canasta familiar.<\/li>\n<li>Reconocimiento del r\u00e9gimen especial por tarea de riesgo psico social<\/li>\n<li>\u00bfQui\u00e9n cuida a quienes cuidamos?<\/li>\n<li>\u00a1Precarizar es violencia!<\/li>\n<\/ul>\n<p>Contacto:<\/p>\n<p>Bel\u00e9n Valletto. Delegada ATE: 3516606928<\/p>\n<p>Sandra C\u00e1ceres. Delegada ATE: 3512346979<\/p>\n","protected":false},"excerpt":{"rendered":"<p>De cara al pasado 8 de marzo, las trabajadoras del Polo de la Mujer exigimos el aumento de personal, denunciando el incremento de la demanda. Luego de esto, logramos la incorporaci\u00f3n de 14 profesionales, quienes inexplicablemente fueron despedidxs hace pocos d\u00edas. Despidos que ponen una vez m\u00e1s sobre el tapete las condiciones de suma precariedad [&hellip;]<\/p>\n","protected":false},"author":7,"featured_media":25664,"comment_status":"open","ping_status":"open","sticky":true,"template":"","format":"standard","meta":{"_exactmetrics_skip_tracking":false,"_exactmetrics_sitenote_active":false,"_exactmetrics_sitenote_note":"","_exactmetrics_sitenote_category":0,"jnews-multi-image_gallery":[],"jnews_single_post":{"source_name":"","source_url":"","via_name":"","via_url":"","override_template":"0","override":[{"template":"1","single_blog_custom":"","parallax":"1","fullscreen":"0","layout":"right-sidebar","sidebar":"default-sidebar","second_sidebar":"default-sidebar","sticky_sidebar":"1","share_position":"top","share_float_style":"share-monocrhome","show_share_counter":"1","show_view_counter":"1","show_featured":"1","show_post_meta":"1","show_post_author":"1","show_post_author_image":"1","show_post_date":"1","post_date_format":"default","post_date_format_custom":"Y\/m\/d","show_post_category":"1","show_post_reading_time":"0","post_reading_time_wpm":"300","show_zoom_button":"0","zoom_button_out_step":"2","zoom_button_in_step":"3","show_post_tag":"1","show_prev_next_post":"1","show_popup_post":"1","number_popup_post":"1","show_author_box":"0","show_post_related":"0","show_inline_post_related":"0"}],"override_image_size":"0","image_override":[{"single_post_thumbnail_size":"crop-500","single_post_gallery_size":"crop-500"}],"trending_post":"0","trending_post_position":"meta","trending_post_label":"Trending","sponsored_post":"0","sponsored_post_label":"Sponsored by","sponsored_post_name":"","sponsored_post_url":"","sponsored_post_logo_enable":"0","sponsored_post_logo":"","sponsored_post_desc":"","subtitle":"Las trabajadoras del Ministerio de la Mujer denuncian la grave situaci\u00f3n que sufren en el organismo.","format":"standard"},"jnews_primary_category":{"id":""},"jnews_social_meta":{"fb_title":"","fb_description":"","fb_image":"","twitter_title":"","twitter_description":"","twitter_image":""},"jnews_review":[],"enable_review":"0","type":"percentage","name":"","summary":"","brand":"","sku":"","good":[{"good_text":""}],"bad":[{"bad_text":""}],"score_override":"","override_value":"","rating":[{"rating_text":"","rating_number":"10"}],"price":[{"shop":"","price":"","link":"","icon":""}],"jnews_override_counter":{"override_view_counter":"0","view_counter_number":"0","override_share_counter":"0","share_counter_number":"0","override_like_counter":"0","like_counter_number":"0","override_dislike_counter":"0","dislike_counter_number":"0"},"jnews_post_split":{"enable_post_split":"0","post_split":[{"template":"1","tag":"h2","numbering":"asc","mode":"normal"}]},"footnotes":""},"categories":[8],"tags":[747],"class_list":["post-25663","post","type-post","status-publish","format-standard","has-post-thumbnail","hentry","category-provinciales","tag-polo-de-la-mujer"],"jetpack_featured_media_url":"https:\/\/atecordoba.org\/wp-content\/uploads\/2021\/05\/WhatsApp-Image-2020-12-21-at-14.40.53-1.jpeg","_links":{"self":[{"href":"https:\/\/atecordoba.org\/index.php?rest_route=\/wp\/v2\/posts\/25663","targetHints":{"allow":["GET"]}}],"collection":[{"href":"https:\/\/atecordoba.org\/index.php?rest_route=\/wp\/v2\/posts"}],"about":[{"href":"https:\/\/atecordoba.org\/index.php?rest_route=\/wp\/v2\/types\/post"}],"author":[{"embeddable":true,"href":"https:\/\/atecordoba.org\/index.php?rest_route=\/wp\/v2\/users\/7"}],"replies":[{"embeddable":true,"href":"https:\/\/atecordoba.org\/index.php?rest_route=%2Fwp%2Fv2%2Fcomments&post=25663"}],"version-history":[{"count":1,"href":"https:\/\/atecordoba.org\/index.php?rest_route=\/wp\/v2\/posts\/25663\/revisions"}],"predecessor-version":[{"id":25666,"href":"https:\/\/atecordoba.org\/index.php?rest_route=\/wp\/v2\/posts\/25663\/revisions\/25666"}],"wp:featuredmedia":[{"embeddable":true,"href":"https:\/\/atecordoba.org\/index.php?rest_route=\/wp\/v2\/media\/25664"}],"wp:attachment":[{"href":"https:\/\/atecordoba.org\/index.php?rest_route=%2Fwp%2Fv2%2Fmedia&parent=25663"}],"wp:term":[{"taxonomy":"category","embeddable":true,"href":"https:\/\/atecordoba.org\/index.php?rest_route=%2Fwp%2Fv2%2Fcategories&post=25663"},{"taxonomy":"post_tag","embeddable":true,"href":"https:\/\/atecordoba.org\/index.php?rest_route=%2Fwp%2Fv2%2Ftags&post=25663"}],"curies":[{"name":"wp","href":"https:\/\/api.w.org\/{rel}","templated":true}]}}