{"id":25655,"date":"2021-05-03T12:01:42","date_gmt":"2021-05-03T15:01:42","guid":{"rendered":"https:\/\/atecordoba.org\/?p=25655"},"modified":"2021-05-03T12:44:36","modified_gmt":"2021-05-03T15:44:36","slug":"encuentro-virtual-extractivismo-y-feminismo","status":"publish","type":"post","link":"https:\/\/atecordoba.org\/?p=25655","title":{"rendered":"Encuentro virtual: extractivismo y feminismo"},"content":{"rendered":"<p><a href=\"https:\/\/atecordoba.org\/wp-content\/uploads\/2021\/05\/30-04-Extractivismo-y-feminismo.jpeg\"><img loading=\"lazy\" decoding=\"async\" class=\"aligncenter size-full wp-image-25676\" src=\"https:\/\/atecordoba.org\/wp-content\/uploads\/2021\/05\/30-04-Extractivismo-y-feminismo.jpeg\" alt=\"\" width=\"589\" height=\"307\" srcset=\"https:\/\/atecordoba.org\/wp-content\/uploads\/2021\/05\/30-04-Extractivismo-y-feminismo.jpeg 589w, https:\/\/atecordoba.org\/wp-content\/uploads\/2021\/05\/30-04-Extractivismo-y-feminismo-300x156.jpeg 300w\" sizes=\"auto, (max-width: 589px) 100vw, 589px\" \/><\/a><\/p>\n<p>La semana pasada se llev\u00f3 a cabo una charla virtual titulada &#8220;Extractivismo y feminismo&#8221;, convocada por el Departamento de G\u00e9neros y Diversidades del Consejo Directivo Provincial, que cont\u00f3 con la participaci\u00f3n de compa\u00f1eras estatales de diversos puntos del pa\u00eds.<\/p>\n<p>A la presentaci\u00f3n y coordinaci\u00f3n de la responsable del Departamento, la secretaria de Actas del CDP Mar\u00eda Sotti, se sum\u00f3 la presencia de las compa\u00f1eras Claudia Barrionuevo, de ATE Chubut, Victoria Gauna, del Movimiento Campesino de C\u00f3rdoba y Melina Zocchi, de ATE Catamarca.<\/p>\n<p>La intensi\u00f3n es constituir un espacio org\u00e1nico donde tenga protagonismo el debate sobre feminismo y las cr\u00edticas al modelo extrativista, tomando como experiencia constitutiva la Mesa Federal de G\u00e9nero.<\/p>\n<p><img loading=\"lazy\" decoding=\"async\" class=\" wp-image-25658 alignright\" src=\"https:\/\/atecordoba.org\/wp-content\/uploads\/2021\/05\/maria-sotti-300x149.png\" alt=\"\" width=\"554\" height=\"275\" srcset=\"https:\/\/atecordoba.org\/wp-content\/uploads\/2021\/05\/maria-sotti-300x149.png 300w, https:\/\/atecordoba.org\/wp-content\/uploads\/2021\/05\/maria-sotti-1024x510.png 1024w, https:\/\/atecordoba.org\/wp-content\/uploads\/2021\/05\/maria-sotti-768x383.png 768w, https:\/\/atecordoba.org\/wp-content\/uploads\/2021\/05\/maria-sotti-360x180.png 360w, https:\/\/atecordoba.org\/wp-content\/uploads\/2021\/05\/maria-sotti-750x374.png 750w, https:\/\/atecordoba.org\/wp-content\/uploads\/2021\/05\/maria-sotti.png 1084w\" sizes=\"auto, (max-width: 554px) 100vw, 554px\" \/><\/p>\n<p>Sotti introdujo la charla afirmando que &#8220;pensamos esta articulaci\u00f3n como una alianza de trabajadoras del Estado, tejiendo redes para visibilizar el tipo de luchas y resistencias que llevamos adelante en los territorios y espacios de militancia, y tambi\u00e9n para visibilizar situaciones de injusticia vinculadas al extractivismo de los bienes comunes ,que impacta de forma devastadora en la vida de los pueblos en su conjunto, siendo las mujeres las m\u00e1s despojadas de derechos, de bienes, de la vida&#8221;.<\/p>\n<p>&nbsp;<\/p>\n<p>La directora de G\u00e9neros y Diversidades del CDP ampli\u00f3 diciendo que &#8220;con este debate pretendemos aportar a la comprensi\u00f3n y visibilizaci\u00f3n de las vulneraciones de derechos en contexto de conflictos, producto del estractivismo minero, sojero e hidrocarbur\u00edfero, desde una mirada del conjunto de las mujeres, que venimos militando el conjunto de las trabajadoras en nuestros territorios&#8221;.<\/p>\n<p><img loading=\"lazy\" decoding=\"async\" class=\" wp-image-25657 aligncenter\" src=\"https:\/\/atecordoba.org\/wp-content\/uploads\/2021\/05\/barrionuevo-300x157.png\" alt=\"\" width=\"709\" height=\"371\" srcset=\"https:\/\/atecordoba.org\/wp-content\/uploads\/2021\/05\/barrionuevo-300x157.png 300w, https:\/\/atecordoba.org\/wp-content\/uploads\/2021\/05\/barrionuevo-768x402.png 768w, https:\/\/atecordoba.org\/wp-content\/uploads\/2021\/05\/barrionuevo-750x393.png 750w, https:\/\/atecordoba.org\/wp-content\/uploads\/2021\/05\/barrionuevo.png 999w\" sizes=\"auto, (max-width: 709px) 100vw, 709px\" \/><\/p>\n<p>&#8220;Creemos que va a ser muy fruct\u00edfero el intercambio para poner en discusi\u00f3n esto desde el mundo sindical, desde los trabajadores organizados&#8221;, concluy\u00f3.<\/p>\n<p><img loading=\"lazy\" decoding=\"async\" class=\" wp-image-25659 alignleft\" src=\"https:\/\/atecordoba.org\/wp-content\/uploads\/2021\/05\/claudia-barrionuevo-300x156.png\" alt=\"\" width=\"494\" height=\"257\" srcset=\"https:\/\/atecordoba.org\/wp-content\/uploads\/2021\/05\/claudia-barrionuevo-300x156.png 300w, https:\/\/atecordoba.org\/wp-content\/uploads\/2021\/05\/claudia-barrionuevo-1024x533.png 1024w, https:\/\/atecordoba.org\/wp-content\/uploads\/2021\/05\/claudia-barrionuevo-768x400.png 768w, https:\/\/atecordoba.org\/wp-content\/uploads\/2021\/05\/claudia-barrionuevo-750x390.png 750w, https:\/\/atecordoba.org\/wp-content\/uploads\/2021\/05\/claudia-barrionuevo-1140x593.png 1140w, https:\/\/atecordoba.org\/wp-content\/uploads\/2021\/05\/claudia-barrionuevo.png 1174w\" sizes=\"auto, (max-width: 494px) 100vw, 494px\" \/>Seguidamente tom\u00f3 la palabra Claudia Barrionuevo, secretaria de Finanzas de CDP Chubut y secretaria Adjunta de la CTAA Chubut, integrante de la uni\u00f3n de asambleas de comunidades y miembro de la comisi\u00f3n contra la impunidad e injusticia de Chubut y de la organizaci\u00f3n transfeminista Las Rebeldes Auca Curruf.<\/p>\n<p>Barrionuevo celebr\u00f3 que &#8220;se retomen estas discusiones que en nuestras organizaciones van quedando de lado porque la coyuntura nos hace atender lo urgente y no lo tan importante&#8221;. &#8220;Creemos que va a ser muy fruct\u00edfero el intercambio para poner en discusi\u00f3n esto desde el mundo sindical, desde los trabajadores organizados&#8221;, afirm\u00f3.<\/p>\n<p>La dirigente describi\u00f3 caracter\u00edsticas clim\u00e1ticas, geogr\u00e1ficas y ambientales diversas de la provincia que dan marco a las luchas ambientales y de g\u00e9nero.\u00a0 \u201cNuestro principal ingreso son las regal\u00eda hidrocarbur\u00edferas por la extracci\u00f3n de petr\u00f3leo, aportando el 32% del recurso nacional, junto con el gas butano que alcanza el 3% del total; en tanto la pesca aporta el 32% del total, valores informados por las propias industrias que lo explotan a sola declaraci\u00f3n jurada. Esto es un punto muy importante al hablar de soberan\u00eda nacional y soberan\u00eda de los recursos. Muchas veces esas declaraciones son muy inferiores a lo que realmente est\u00e1n explotando&#8221;.<\/p>\n<p>Tras dar un racconto hist\u00f3rico de las luchas ambientales realizadas en la provincia, describi\u00f3 el impacto socioecon\u00f3mico de la explotaci\u00f3n descontrolada que aplica el estractivismo y el impacto concreto sobre las mujeres \u201cque se limita a trabajos de cuidado o la promoci\u00f3n de la prostituci\u00f3n. Por eso decimos que la depredaci\u00f3n es a todos niveles&#8221;.<\/p>\n<p>Tras abordar diversos puntos de inter\u00e9s de la situaci\u00f3n en Chubut, cedi\u00f3 la palabra a Victoria Gauna, trabajadora de la Secretar\u00eda de Agricultura Familiar despedida por el r\u00e9gimen macrista y militante del Movimiento Campesino de C\u00f3rdoba. Gauna es abogada y est\u00e1 integrada a la lucha que lleva adelante la productora del norte provincial Ramona Bustamante, que resiste un desalojo hace 20 a\u00f1os de su campo en la localidad de Sebasti\u00e1n Elcano, a mas de 100 kil\u00f3metros de la capital provincial.<\/p>\n<p><img loading=\"lazy\" decoding=\"async\" class=\" wp-image-25660 alignright\" src=\"https:\/\/atecordoba.org\/wp-content\/uploads\/2021\/05\/vicotria-gauna-300x152.png\" alt=\"\" width=\"543\" height=\"275\" srcset=\"https:\/\/atecordoba.org\/wp-content\/uploads\/2021\/05\/vicotria-gauna-300x152.png 300w, https:\/\/atecordoba.org\/wp-content\/uploads\/2021\/05\/vicotria-gauna-1024x518.png 1024w, https:\/\/atecordoba.org\/wp-content\/uploads\/2021\/05\/vicotria-gauna-768x388.png 768w, https:\/\/atecordoba.org\/wp-content\/uploads\/2021\/05\/vicotria-gauna-750x379.png 750w, https:\/\/atecordoba.org\/wp-content\/uploads\/2021\/05\/vicotria-gauna.png 1100w\" sizes=\"auto, (max-width: 543px) 100vw, 543px\" \/>Gauna avanz\u00f3 en su intervenci\u00f3n diciendo que &#8220;las desigualdades que sufrimos como trabajadoras del Estado son dobles. La discusi\u00f3n desde el feminismo campesino popular nos dio una herramienta transversal dentro del Movimiento Campesino a nivel nacional. Nos hizo discutirnos como mujeres, en el campo, trabajadoras, con responsabilidades estatales, construyendo desde abajo para arriba, en territorios absolutamente patriarcalizados&#8221;.<\/p>\n<p>La compa\u00f1era apunt\u00f3 al sistema judicial como parte de un poder que act\u00faa &#8220;como aval del patriarcado en el campo. Hoy la pol\u00edtica de la tierra en C\u00f3rdoba es el desalojo, aplicada en los \u00faltimos 4 meses y las v\u00edctimas directas son mujeres. Las estad\u00edsticas de la secretaria hablan de 57 casos donde intervino el organismo por situaciones de desalojo en el marco de conflictos por la tierra&#8221;.<\/p>\n<p>Y agreg\u00f3 que &#8220;tenemos que mirar de otra manera, para modificar desde abajo para arriba porque al rev\u00e9s no va a pasar&#8221;.<\/p>\n<p><img loading=\"lazy\" decoding=\"async\" class=\" wp-image-25661 alignleft\" src=\"https:\/\/atecordoba.org\/wp-content\/uploads\/2021\/05\/milina-sochi-300x147.png\" alt=\"\" width=\"512\" height=\"251\" srcset=\"https:\/\/atecordoba.org\/wp-content\/uploads\/2021\/05\/milina-sochi-300x147.png 300w, https:\/\/atecordoba.org\/wp-content\/uploads\/2021\/05\/milina-sochi-1024x501.png 1024w, https:\/\/atecordoba.org\/wp-content\/uploads\/2021\/05\/milina-sochi-768x376.png 768w, https:\/\/atecordoba.org\/wp-content\/uploads\/2021\/05\/milina-sochi-750x367.png 750w, https:\/\/atecordoba.org\/wp-content\/uploads\/2021\/05\/milina-sochi-1140x558.png 1140w, https:\/\/atecordoba.org\/wp-content\/uploads\/2021\/05\/milina-sochi.png 1213w\" sizes=\"auto, (max-width: 512px) 100vw, 512px\" \/>Por \u00faltimo, habl\u00f3 Melina Zocchi, trabajadora de la Secretar\u00eda de Agricultura Familiar, referente de G\u00e9nero de ATE Catamarca, secretaria de Formaci\u00f3n del CDP ATE Catamarca y miembro de la Asamblea El Algarrobo.<\/p>\n<p>Zocchi festej\u00f3 como muy auspicioso abordar &#8220;tanto de las peleas territoriales como desde el trabajo en el Estado y c\u00f3mo se ubican los sindicatos en este contexto&#8221;.<\/p>\n<p>Y cont\u00f3 que &#8220;las mujeres estamos para dar el debate, que tiene que ver con el cuestionamiento del modelo, dejando en claro que el sistema capitalista es patriarcal. \u00a0Es un paradigma hegem\u00f3nico de opresi\u00f3n a las personas y los pueblos, sobre todo a las mujeres. Porque precisamente es dicot\u00f3mico, sexualizado y jerarquizado. En ese sentido, se nos impone relatos de blanco versus negro, de naturaleza versus cultura o productividad versus no desarrollo, falsos relatos que el mismo Estado, los medios de comunicaci\u00f3n y los poderes hegem\u00f3nicos van queriendo imponer para que pensemos que estamos de un lado o del otro. En realidad cuando vemos que el sistema es el germen de todas las desigualdades, y por lo tanto de las opresiones, nos manifestamos ante este paradigma&#8221;.<\/p>\n<p>Desde Catamarca, Zocchi dijo que &#8220;hace mucho tiempo hay otros paradigmas que se est\u00e1n practicando, incluso relacionados con las cosmovisiones andinas y muchas formas de vida y de organizaci\u00f3n, desde abajo y desde los territorios siempre, reproduci\u00e9ndose. Que el sistema las calle, no significa que no est\u00e9n y que no tengan sus poderes. Las resistencias y las luchas que se desarrollan en Andalgal\u00e1, en Chubut o en las comunidades campesinas de C\u00f3rdoba son un ejemplo de ello&#8221;.<\/p>\n<p>Y alent\u00f3 a que &#8220;ante la explotaci\u00f3n extrativista nosotras debemos darnos el debate, reaccionar,\u00a0 ser insurgente y contrahegem\u00f3nicos, porque est\u00e1 en juego la vida misma&#8221;.<\/p>\n<p><strong>La charla completa.\u00a0<\/strong><\/p>\n<div class=\"epyt-video-wrapper\"><iframe loading=\"lazy\"  style=\"display: block; margin: 0px auto;\"  id=\"_ytid_23896\"  width=\"480\" height=\"270\"  data-origwidth=\"480\" data-origheight=\"270\" src=\"https:\/\/www.youtube.com\/embed\/ZzxFeEli3ag?enablejsapi=1&autoplay=0&cc_load_policy=0&cc_lang_pref=&iv_load_policy=3&loop=0&rel=0&fs=1&playsinline=0&autohide=2&theme=dark&color=red&controls=1&disablekb=0&\" class=\"__youtube_prefs__  no-lazyload\" title=\"YouTube player\"  allow=\"fullscreen; accelerometer; autoplay; clipboard-write; encrypted-media; gyroscope; picture-in-picture; web-share\" referrerpolicy=\"strict-origin-when-cross-origin\" allowfullscreen data-no-lazy=\"1\" data-skipgform_ajax_framebjll=\"\"><\/iframe><\/div>\n<p>&nbsp;<\/p>\n<p>&nbsp;<\/p>\n<p>&nbsp;<\/p>\n","protected":false},"excerpt":{"rendered":"<p>La semana pasada se llev\u00f3 a cabo una charla virtual titulada &#8220;Extractivismo y feminismo&#8221;, convocada por el Departamento de G\u00e9neros y Diversidades del Consejo Directivo Provincial, que cont\u00f3 con la participaci\u00f3n de compa\u00f1eras estatales de diversos puntos del pa\u00eds. A la presentaci\u00f3n y coordinaci\u00f3n de la responsable del Departamento, la secretaria de Actas del CDP [&hellip;]<\/p>\n","protected":false},"author":7,"featured_media":25676,"comment_status":"open","ping_status":"open","sticky":true,"template":"","format":"standard","meta":{"_exactmetrics_skip_tracking":false,"_exactmetrics_sitenote_active":false,"_exactmetrics_sitenote_note":"","_exactmetrics_sitenote_category":0,"jnews-multi-image_gallery":[],"jnews_single_post":{"source_name":"","source_url":"","via_name":"","via_url":"","override_template":"0","override":[{"template":"1","single_blog_custom":"","parallax":"1","fullscreen":"0","layout":"right-sidebar","sidebar":"default-sidebar","second_sidebar":"default-sidebar","sticky_sidebar":"1","share_position":"top","share_float_style":"share-monocrhome","show_share_counter":"1","show_view_counter":"1","show_featured":"1","show_post_meta":"1","show_post_author":"1","show_post_author_image":"1","show_post_date":"1","post_date_format":"default","post_date_format_custom":"Y\/m\/d","show_post_category":"1","show_post_reading_time":"0","post_reading_time_wpm":"300","show_zoom_button":"0","zoom_button_out_step":"2","zoom_button_in_step":"3","show_post_tag":"1","show_prev_next_post":"1","show_popup_post":"1","number_popup_post":"1","show_author_box":"0","show_post_related":"0","show_inline_post_related":"0"}],"override_image_size":"0","image_override":[{"single_post_thumbnail_size":"crop-500","single_post_gallery_size":"crop-500"}],"trending_post":"0","trending_post_position":"meta","trending_post_label":"Trending","sponsored_post":"0","sponsored_post_label":"Sponsored by","sponsored_post_name":"","sponsored_post_url":"","sponsored_post_logo_enable":"0","sponsored_post_logo":"","sponsored_post_desc":""},"jnews_primary_category":{"id":""},"jnews_social_meta":{"fb_title":"","fb_description":"","fb_image":"","twitter_title":"","twitter_description":"","twitter_image":""},"jnews_review":[],"enable_review":"0","type":"percentage","name":"","summary":"","brand":"","sku":"","good":[{"good_text":""}],"bad":[{"bad_text":""}],"score_override":"","override_value":"","rating":[{"rating_text":"","rating_number":"10"}],"price":[{"shop":"","price":"","link":"","icon":""}],"jnews_override_counter":{"override_view_counter":"0","view_counter_number":"0","override_share_counter":"0","share_counter_number":"0","override_like_counter":"0","like_counter_number":"0","override_dislike_counter":"0","dislike_counter_number":"0"},"jnews_post_split":{"enable_post_split":"0","post_split":[{"template":"1","tag":"h2","numbering":"asc","mode":"normal"}]},"footnotes":""},"categories":[325,1],"tags":[813],"class_list":["post-25655","post","type-post","status-publish","format-standard","has-post-thumbnail","hentry","category-generos-y-diversidades","category-sin-categoria","tag-extrativismo-y-feminismo"],"jetpack_featured_media_url":"https:\/\/atecordoba.org\/wp-content\/uploads\/2021\/05\/30-04-Extractivismo-y-feminismo.jpeg","_links":{"self":[{"href":"https:\/\/atecordoba.org\/index.php?rest_route=\/wp\/v2\/posts\/25655","targetHints":{"allow":["GET"]}}],"collection":[{"href":"https:\/\/atecordoba.org\/index.php?rest_route=\/wp\/v2\/posts"}],"about":[{"href":"https:\/\/atecordoba.org\/index.php?rest_route=\/wp\/v2\/types\/post"}],"author":[{"embeddable":true,"href":"https:\/\/atecordoba.org\/index.php?rest_route=\/wp\/v2\/users\/7"}],"replies":[{"embeddable":true,"href":"https:\/\/atecordoba.org\/index.php?rest_route=%2Fwp%2Fv2%2Fcomments&post=25655"}],"version-history":[{"count":5,"href":"https:\/\/atecordoba.org\/index.php?rest_route=\/wp\/v2\/posts\/25655\/revisions"}],"predecessor-version":[{"id":25677,"href":"https:\/\/atecordoba.org\/index.php?rest_route=\/wp\/v2\/posts\/25655\/revisions\/25677"}],"wp:featuredmedia":[{"embeddable":true,"href":"https:\/\/atecordoba.org\/index.php?rest_route=\/wp\/v2\/media\/25676"}],"wp:attachment":[{"href":"https:\/\/atecordoba.org\/index.php?rest_route=%2Fwp%2Fv2%2Fmedia&parent=25655"}],"wp:term":[{"taxonomy":"category","embeddable":true,"href":"https:\/\/atecordoba.org\/index.php?rest_route=%2Fwp%2Fv2%2Fcategories&post=25655"},{"taxonomy":"post_tag","embeddable":true,"href":"https:\/\/atecordoba.org\/index.php?rest_route=%2Fwp%2Fv2%2Ftags&post=25655"}],"curies":[{"name":"wp","href":"https:\/\/api.w.org\/{rel}","templated":true}]}}