{"id":25649,"date":"2021-04-30T13:56:55","date_gmt":"2021-04-30T16:56:55","guid":{"rendered":"https:\/\/atecordoba.org\/?p=25649"},"modified":"2021-04-30T13:56:55","modified_gmt":"2021-04-30T16:56:55","slug":"1-de-mayo-dia-del-la-trabajador-a-en-la-fuerza-aerea-argentina","status":"publish","type":"post","link":"https:\/\/atecordoba.org\/?p=25649","title":{"rendered":"1\u00b0 de Mayo: D\u00eda del\/la Trabajador\/a en la Fuerza A\u00e9rea Argentina"},"content":{"rendered":"<p><img loading=\"lazy\" decoding=\"async\" class=\" wp-image-25650 alignleft\" src=\"https:\/\/atecordoba.org\/wp-content\/uploads\/2021\/04\/01-05-Bautismo-fuego-Fuerza-A\u00e9rea-150x150.jpeg\" alt=\"\" width=\"349\" height=\"349\" srcset=\"https:\/\/atecordoba.org\/wp-content\/uploads\/2021\/04\/01-05-Bautismo-fuego-Fuerza-A\u00e9rea-150x150.jpeg 150w, https:\/\/atecordoba.org\/wp-content\/uploads\/2021\/04\/01-05-Bautismo-fuego-Fuerza-A\u00e9rea-300x300.jpeg 300w, https:\/\/atecordoba.org\/wp-content\/uploads\/2021\/04\/01-05-Bautismo-fuego-Fuerza-A\u00e9rea-1024x1024.jpeg 1024w, https:\/\/atecordoba.org\/wp-content\/uploads\/2021\/04\/01-05-Bautismo-fuego-Fuerza-A\u00e9rea-768x768.jpeg 768w, https:\/\/atecordoba.org\/wp-content\/uploads\/2021\/04\/01-05-Bautismo-fuego-Fuerza-A\u00e9rea-560x560.jpeg 560w, https:\/\/atecordoba.org\/wp-content\/uploads\/2021\/04\/01-05-Bautismo-fuego-Fuerza-A\u00e9rea-75x75.jpeg 75w, https:\/\/atecordoba.org\/wp-content\/uploads\/2021\/04\/01-05-Bautismo-fuego-Fuerza-A\u00e9rea-750x750.jpeg 750w, https:\/\/atecordoba.org\/wp-content\/uploads\/2021\/04\/01-05-Bautismo-fuego-Fuerza-A\u00e9rea.jpeg 1080w\" sizes=\"auto, (max-width: 349px) 100vw, 349px\" \/>En el D\u00eda del\/la Trabajador\/a los\/as trabajadores\/as civiles de la Fuerza A\u00e9rea organizados\/as en ATE C\u00f3rdoba celebramos este d\u00eda en <strong>homenaje a los trabajadores Haymarket Square<\/strong>, en Chicago, quienes en 1886 tras cuatro intensos d\u00edas de huelga y protesta<strong> en<\/strong> reclamo por sus derechos laborales, y\u00a0 una jornada laboral de 8 horas consiguieron dicha reducci\u00f3n que es en la actualidad, la extendida mundialmente.<\/p>\n<p>En nuestro sector, nos celebramos a quienes<strong> trabajamos durante todo el a\u00f1o en las diferentes modalidades <\/strong>para sostener el funcionamiento de la Fuerza A\u00e9rea en el complejo contexto que nos toca vivir.<\/p>\n<p>Es nuestro deber adem\u00e1s p<strong>ara quienes formamos parte de la Fuerza A\u00e9rea Argentina que el 1\u00b0 de Mayo de 1982, nuestros pilotos surcaron el helado aire de los mares del sur, en defensa de la Soberan\u00eda sobre el territorio argentino usurpado por el invasor ingl\u00e9s.<\/strong> Por eso conmemoramos y homenajeamos tambi\u00e9n a nuestros h\u00e9roes oficiales, suboficiales, soldados y civiles que demostraron valor y coraje al ofrecer su vida por la Defensa de la Patria y la Soberan\u00eda Nacional.<\/p>\n","protected":false},"excerpt":{"rendered":"<p>En el D\u00eda del\/la Trabajador\/a los\/as trabajadores\/as civiles de la Fuerza A\u00e9rea organizados\/as en ATE C\u00f3rdoba celebramos este d\u00eda en homenaje a los trabajadores Haymarket Square, en Chicago, quienes en 1886 tras cuatro intensos d\u00edas de huelga y protesta en reclamo por sus derechos laborales, y\u00a0 una jornada laboral de 8 horas consiguieron dicha reducci\u00f3n [&hellip;]<\/p>\n","protected":false},"author":3,"featured_media":25650,"comment_status":"open","ping_status":"open","sticky":false,"template":"","format":"standard","meta":{"_exactmetrics_skip_tracking":false,"_exactmetrics_sitenote_active":false,"_exactmetrics_sitenote_note":"","_exactmetrics_sitenote_category":0,"jnews-multi-image_gallery":[],"jnews_single_post":{"source_name":"","source_url":"","via_name":"","via_url":"","override_template":"0","override":[{"template":"1","single_blog_custom":"","parallax":"1","fullscreen":"0","layout":"right-sidebar","sidebar":"default-sidebar","second_sidebar":"default-sidebar","sticky_sidebar":"1","share_position":"top","share_float_style":"share-monocrhome","show_share_counter":"1","show_view_counter":"1","show_featured":"1","show_post_meta":"1","show_post_author":"1","show_post_author_image":"1","show_post_date":"1","post_date_format":"default","post_date_format_custom":"Y\/m\/d","show_post_category":"1","show_post_reading_time":"0","post_reading_time_wpm":"300","show_zoom_button":"0","zoom_button_out_step":"2","zoom_button_in_step":"3","show_post_tag":"1","show_prev_next_post":"1","show_popup_post":"1","number_popup_post":"1","show_author_box":"0","show_post_related":"0","show_inline_post_related":"0"}],"override_image_size":"0","image_override":[{"single_post_thumbnail_size":"crop-500","single_post_gallery_size":"crop-500"}],"trending_post":"0","trending_post_position":"meta","trending_post_label":"Trending","sponsored_post":"0","sponsored_post_label":"Sponsored by","sponsored_post_name":"","sponsored_post_url":"","sponsored_post_logo_enable":"0","sponsored_post_logo":"","sponsored_post_desc":""},"jnews_primary_category":{"id":""},"jnews_social_meta":{"fb_title":"","fb_description":"","fb_image":"","twitter_title":"","twitter_description":"","twitter_image":""},"jnews_review":[],"enable_review":"0","type":"percentage","name":"","summary":"","brand":"","sku":"","good":[{"good_text":""}],"bad":[{"bad_text":""}],"score_override":"","override_value":"","rating":[{"rating_text":"","rating_number":"10"}],"price":[{"shop":"","price":"","link":"","icon":""}],"jnews_override_counter":{"override_view_counter":"0","view_counter_number":"0","override_share_counter":"0","share_counter_number":"0","override_like_counter":"0","like_counter_number":"0","override_dislike_counter":"0","dislike_counter_number":"0"},"jnews_post_split":{"enable_post_split":"0","post_split":[{"template":"1","tag":"h2","numbering":"asc","mode":"normal"}]},"footnotes":""},"categories":[75,53,341],"tags":[],"class_list":["post-25649","post","type-post","status-publish","format-standard","has-post-thumbnail","hentry","category-accion-social","category-comunicados-de-prensa","category-cdp"],"jetpack_featured_media_url":"https:\/\/atecordoba.org\/wp-content\/uploads\/2021\/04\/01-05-Bautismo-fuego-Fuerza-A\u00e9rea.jpeg","_links":{"self":[{"href":"https:\/\/atecordoba.org\/index.php?rest_route=\/wp\/v2\/posts\/25649","targetHints":{"allow":["GET"]}}],"collection":[{"href":"https:\/\/atecordoba.org\/index.php?rest_route=\/wp\/v2\/posts"}],"about":[{"href":"https:\/\/atecordoba.org\/index.php?rest_route=\/wp\/v2\/types\/post"}],"author":[{"embeddable":true,"href":"https:\/\/atecordoba.org\/index.php?rest_route=\/wp\/v2\/users\/3"}],"replies":[{"embeddable":true,"href":"https:\/\/atecordoba.org\/index.php?rest_route=%2Fwp%2Fv2%2Fcomments&post=25649"}],"version-history":[{"count":1,"href":"https:\/\/atecordoba.org\/index.php?rest_route=\/wp\/v2\/posts\/25649\/revisions"}],"predecessor-version":[{"id":25651,"href":"https:\/\/atecordoba.org\/index.php?rest_route=\/wp\/v2\/posts\/25649\/revisions\/25651"}],"wp:featuredmedia":[{"embeddable":true,"href":"https:\/\/atecordoba.org\/index.php?rest_route=\/wp\/v2\/media\/25650"}],"wp:attachment":[{"href":"https:\/\/atecordoba.org\/index.php?rest_route=%2Fwp%2Fv2%2Fmedia&parent=25649"}],"wp:term":[{"taxonomy":"category","embeddable":true,"href":"https:\/\/atecordoba.org\/index.php?rest_route=%2Fwp%2Fv2%2Fcategories&post=25649"},{"taxonomy":"post_tag","embeddable":true,"href":"https:\/\/atecordoba.org\/index.php?rest_route=%2Fwp%2Fv2%2Ftags&post=25649"}],"curies":[{"name":"wp","href":"https:\/\/api.w.org\/{rel}","templated":true}]}}