{"id":2559,"date":"2013-04-08T16:00:10","date_gmt":"2013-04-08T19:00:10","guid":{"rendered":"http:\/\/www.atecordoba.org\/?p=2559"},"modified":"2013-04-08T16:00:10","modified_gmt":"2013-04-08T19:00:10","slug":"mestre-siempre-en-contra-de-los-trabajadores","status":"publish","type":"post","link":"https:\/\/atecordoba.org\/?p=2559","title":{"rendered":"Mestre, siempre en contra de los trabajadores"},"content":{"rendered":"<p><a href=\"http:\/\/www.atecordoba.org\/wp-content\/uploads\/2013\/04\/ramon_mestre.jpg\"><img loading=\"lazy\" decoding=\"async\" class=\"aligncenter size-full wp-image-2560\" title=\"ramon_mestre\" src=\"http:\/\/www.atecordoba.org\/wp-content\/uploads\/2013\/04\/ramon_mestre.jpg\" alt=\"\" width=\"400\" height=\"253\" \/><\/a><\/p>\n<p>El maltrato permanente durante los \u00faltimos a\u00f1os hacia los trabajadores municipales de la ciudad de C\u00f3rdoba llega al extremo con el gobierno de Ram\u00f3n Mestre (h).<\/p>\n<p>Mientras se pone en tela de juicio la validez de las carpetas m\u00e9dicas que el propio municipio otorga a los compa\u00f1eros, el intendente aprovecha la coyuntura para tercerizar el servicio m\u00e9dico, uniendo menosprecio al trabajador con el negocio para empresas privadas en el \u00e1mbito del Estado.<\/p>\n<p>Esta situaci\u00f3n evidencia un denominador en com\u00fan con la d\u00e9cada de los \u201990, m\u00e1s vigente que nunca en nuestra C\u00f3rdoba. Vemos manifestaciones similares en la mayor\u00eda de los intendentes de la provincia, con la diferencia que en la capital los salarios son sustancialmente mejores.<\/p>\n<p>Pero la l\u00ednea de pensamiento de Mestre es similar a la de sus colegas del interior: el trabajador siempre tiene la culpa y es motivo para privatizar funciones propias del Estado, como es en este caso otorgar licencias m\u00e9dicas y controlar su cumplimiento. Todo huele a demonizaci\u00f3n y negociado, para levantar cortinas de humo -muy densas- que oculten la falta de gesti\u00f3n sobre los problemas concretos que ven a diario los vecinos de la ciudad: baches, luminarias, cloacas, desag\u00fces, dispensarios abandonados, etc.<\/p>\n<p>Desde ATE nos solidarizamos con todos y cada uno de los compa\u00f1eros municipales de C\u00f3rdoba, entendiendo que el respecto a la dignidad del trabajador es el primer escal\u00f3n para cualquier gesti\u00f3n que se precie de mejorar la calidad de los servicios que brinda el Estado. Lamentablemente, este Mestre emula a su padre en el desprecio a los trabajadores pero carece, al mismo tiempo, de la obra p\u00fablica que caracteriz\u00f3 el gobierno de su progenitor.<\/p>\n<p align=\"right\">Mar\u00eda Teresa Romero<\/p>\n<p align=\"right\">Secretaria General<\/p>\n<p align=\"right\">ATE C\u00f3rdoba<\/p>\n","protected":false},"excerpt":{"rendered":"<p>El maltrato permanente durante los \u00faltimos a\u00f1os hacia los trabajadores municipales de la ciudad de C\u00f3rdoba llega al extremo con el gobierno de Ram\u00f3n Mestre (h). Mientras se pone en tela de juicio la validez de las carpetas m\u00e9dicas que el propio municipio otorga a los compa\u00f1eros, el intendente aprovecha la coyuntura para tercerizar el [&hellip;]<\/p>\n","protected":false},"author":1,"featured_media":19220,"comment_status":"open","ping_status":"open","sticky":false,"template":"","format":"standard","meta":{"_exactmetrics_skip_tracking":false,"_exactmetrics_sitenote_active":false,"_exactmetrics_sitenote_note":"","_exactmetrics_sitenote_category":0,"jnews-multi-image_gallery":[],"jnews_single_post":[],"jnews_primary_category":[],"jnews_social_meta":[],"jnews_review":[],"enable_review":"","type":"","name":"","summary":"","brand":"","sku":"","good":[],"bad":[],"score_override":"","override_value":"","rating":[],"price":[],"jnews_override_counter":[],"jnews_post_split":[],"footnotes":""},"categories":[20],"tags":[],"class_list":["post-2559","post","type-post","status-publish","format-standard","has-post-thumbnail","hentry","category-municipales"],"jetpack_featured_media_url":"https:\/\/atecordoba.org\/wp-content\/uploads\/2020\/05\/logo-nuevochico-e1561581322808.png","_links":{"self":[{"href":"https:\/\/atecordoba.org\/index.php?rest_route=\/wp\/v2\/posts\/2559","targetHints":{"allow":["GET"]}}],"collection":[{"href":"https:\/\/atecordoba.org\/index.php?rest_route=\/wp\/v2\/posts"}],"about":[{"href":"https:\/\/atecordoba.org\/index.php?rest_route=\/wp\/v2\/types\/post"}],"author":[{"embeddable":true,"href":"https:\/\/atecordoba.org\/index.php?rest_route=\/wp\/v2\/users\/1"}],"replies":[{"embeddable":true,"href":"https:\/\/atecordoba.org\/index.php?rest_route=%2Fwp%2Fv2%2Fcomments&post=2559"}],"version-history":[{"count":0,"href":"https:\/\/atecordoba.org\/index.php?rest_route=\/wp\/v2\/posts\/2559\/revisions"}],"wp:featuredmedia":[{"embeddable":true,"href":"https:\/\/atecordoba.org\/index.php?rest_route=\/wp\/v2\/media\/19220"}],"wp:attachment":[{"href":"https:\/\/atecordoba.org\/index.php?rest_route=%2Fwp%2Fv2%2Fmedia&parent=2559"}],"wp:term":[{"taxonomy":"category","embeddable":true,"href":"https:\/\/atecordoba.org\/index.php?rest_route=%2Fwp%2Fv2%2Fcategories&post=2559"},{"taxonomy":"post_tag","embeddable":true,"href":"https:\/\/atecordoba.org\/index.php?rest_route=%2Fwp%2Fv2%2Ftags&post=2559"}],"curies":[{"name":"wp","href":"https:\/\/api.w.org\/{rel}","templated":true}]}}