{"id":25581,"date":"2021-04-28T11:50:51","date_gmt":"2021-04-28T14:50:51","guid":{"rendered":"https:\/\/atecordoba.org\/?p=25581"},"modified":"2021-04-28T14:37:47","modified_gmt":"2021-04-28T17:37:47","slug":"en-la-semana-de-la-seguridad-y-salud-en-el-trabajo-ate-cordoba-elaboro-campana-de-concientizacion","status":"publish","type":"post","link":"https:\/\/atecordoba.org\/?p=25581","title":{"rendered":"En la semana de la Seguridad y Salud en el Trabajo, ATE C\u00f3rdoba elabor\u00f3 campa\u00f1a de concientizaci\u00f3n"},"content":{"rendered":"<div id='gallery_1' class='gallery galleryid-25581 gallery-columns-5 gallery-size-thumbnail'><figure class='gallery-item'>\n                <div class='gallery-icon portrait'>\n                    <a href='https:\/\/atecordoba.org\/wp-content\/uploads\/2021\/04\/Campa\u00f1a-Salud-Laboral-Ambientes-sano.jpg'><img loading=\"lazy\" decoding=\"async\" width=\"150\" height=\"150\" src=\"\" class=\"attachment-thumbnail size-thumbnail lazyload\" alt=\"\" data-src=\"https:\/\/atecordoba.org\/wp-content\/uploads\/2021\/04\/Campa\u00f1a-Salud-Laboral-Ambientes-sano-150x150.jpg\" data-sizes=\"auto\" data-srcset=\"https:\/\/atecordoba.org\/wp-content\/uploads\/2021\/04\/Campa\u00f1a-Salud-Laboral-Ambientes-sano-150x150.jpg 150w, https:\/\/atecordoba.org\/wp-content\/uploads\/2021\/04\/Campa\u00f1a-Salud-Laboral-Ambientes-sano-300x300.jpg 300w, https:\/\/atecordoba.org\/wp-content\/uploads\/2021\/04\/Campa\u00f1a-Salud-Laboral-Ambientes-sano-1024x1024.jpg 1024w, https:\/\/atecordoba.org\/wp-content\/uploads\/2021\/04\/Campa\u00f1a-Salud-Laboral-Ambientes-sano-768x769.jpg 768w, https:\/\/atecordoba.org\/wp-content\/uploads\/2021\/04\/Campa\u00f1a-Salud-Laboral-Ambientes-sano-560x560.jpg 560w, https:\/\/atecordoba.org\/wp-content\/uploads\/2021\/04\/Campa\u00f1a-Salud-Laboral-Ambientes-sano-75x75.jpg 75w, https:\/\/atecordoba.org\/wp-content\/uploads\/2021\/04\/Campa\u00f1a-Salud-Laboral-Ambientes-sano-750x751.jpg 750w, https:\/\/atecordoba.org\/wp-content\/uploads\/2021\/04\/Campa\u00f1a-Salud-Laboral-Ambientes-sano.jpg 1080w\" data-expand=\"700\" \/><\/a>\n                <\/div><\/figure><figure class='gallery-item'>\n                <div class='gallery-icon landscape'>\n                    <a href='https:\/\/atecordoba.org\/wp-content\/uploads\/2021\/04\/Campa\u00f1a-Salud-Laboral-Contagio.jpg'><img loading=\"lazy\" decoding=\"async\" width=\"150\" height=\"150\" src=\"\" class=\"attachment-thumbnail size-thumbnail lazyload\" alt=\"\" data-src=\"https:\/\/atecordoba.org\/wp-content\/uploads\/2021\/04\/Campa\u00f1a-Salud-Laboral-Contagio-150x150.jpg\" data-sizes=\"auto\" data-srcset=\"https:\/\/atecordoba.org\/wp-content\/uploads\/2021\/04\/Campa\u00f1a-Salud-Laboral-Contagio-150x150.jpg 150w, https:\/\/atecordoba.org\/wp-content\/uploads\/2021\/04\/Campa\u00f1a-Salud-Laboral-Contagio-300x300.jpg 300w, https:\/\/atecordoba.org\/wp-content\/uploads\/2021\/04\/Campa\u00f1a-Salud-Laboral-Contagio-1024x1024.jpg 1024w, https:\/\/atecordoba.org\/wp-content\/uploads\/2021\/04\/Campa\u00f1a-Salud-Laboral-Contagio-768x768.jpg 768w, https:\/\/atecordoba.org\/wp-content\/uploads\/2021\/04\/Campa\u00f1a-Salud-Laboral-Contagio-560x560.jpg 560w, https:\/\/atecordoba.org\/wp-content\/uploads\/2021\/04\/Campa\u00f1a-Salud-Laboral-Contagio-75x75.jpg 75w, https:\/\/atecordoba.org\/wp-content\/uploads\/2021\/04\/Campa\u00f1a-Salud-Laboral-Contagio-750x750.jpg 750w, https:\/\/atecordoba.org\/wp-content\/uploads\/2021\/04\/Campa\u00f1a-Salud-Laboral-Contagio.jpg 1081w\" data-expand=\"700\" \/><\/a>\n                <\/div><\/figure><figure class='gallery-item'>\n                <div class='gallery-icon portrait'>\n                    <a href='https:\/\/atecordoba.org\/wp-content\/uploads\/2021\/04\/Campa\u00f1a-Salud-Laboral-Cual-ART.jpg'><img loading=\"lazy\" decoding=\"async\" width=\"150\" height=\"150\" src=\"\" class=\"attachment-thumbnail size-thumbnail lazyload\" alt=\"\" data-src=\"https:\/\/atecordoba.org\/wp-content\/uploads\/2021\/04\/Campa\u00f1a-Salud-Laboral-Cual-ART-150x150.jpg\" data-sizes=\"auto\" data-srcset=\"https:\/\/atecordoba.org\/wp-content\/uploads\/2021\/04\/Campa\u00f1a-Salud-Laboral-Cual-ART-150x150.jpg 150w, https:\/\/atecordoba.org\/wp-content\/uploads\/2021\/04\/Campa\u00f1a-Salud-Laboral-Cual-ART-300x300.jpg 300w, https:\/\/atecordoba.org\/wp-content\/uploads\/2021\/04\/Campa\u00f1a-Salud-Laboral-Cual-ART-1024x1024.jpg 1024w, https:\/\/atecordoba.org\/wp-content\/uploads\/2021\/04\/Campa\u00f1a-Salud-Laboral-Cual-ART-768x769.jpg 768w, https:\/\/atecordoba.org\/wp-content\/uploads\/2021\/04\/Campa\u00f1a-Salud-Laboral-Cual-ART-560x560.jpg 560w, https:\/\/atecordoba.org\/wp-content\/uploads\/2021\/04\/Campa\u00f1a-Salud-Laboral-Cual-ART-75x75.jpg 75w, https:\/\/atecordoba.org\/wp-content\/uploads\/2021\/04\/Campa\u00f1a-Salud-Laboral-Cual-ART-750x751.jpg 750w, https:\/\/atecordoba.org\/wp-content\/uploads\/2021\/04\/Campa\u00f1a-Salud-Laboral-Cual-ART.jpg 1080w\" data-expand=\"700\" \/><\/a>\n                <\/div><\/figure><figure class='gallery-item'>\n                <div class='gallery-icon landscape'>\n                    <a href='https:\/\/atecordoba.org\/wp-content\/uploads\/2021\/04\/Campa\u00f1a-Salud-Laboral-EPP-copia-7-80.jpg'><img loading=\"lazy\" decoding=\"async\" width=\"150\" height=\"150\" src=\"\" class=\"attachment-thumbnail size-thumbnail lazyload\" alt=\"\" data-src=\"https:\/\/atecordoba.org\/wp-content\/uploads\/2021\/04\/Campa\u00f1a-Salud-Laboral-EPP-copia-7-80-150x150.jpg\" data-sizes=\"auto\" data-srcset=\"https:\/\/atecordoba.org\/wp-content\/uploads\/2021\/04\/Campa\u00f1a-Salud-Laboral-EPP-copia-7-80-150x150.jpg 150w, https:\/\/atecordoba.org\/wp-content\/uploads\/2021\/04\/Campa\u00f1a-Salud-Laboral-EPP-copia-7-80-300x300.jpg 300w, https:\/\/atecordoba.org\/wp-content\/uploads\/2021\/04\/Campa\u00f1a-Salud-Laboral-EPP-copia-7-80-1024x1024.jpg 1024w, https:\/\/atecordoba.org\/wp-content\/uploads\/2021\/04\/Campa\u00f1a-Salud-Laboral-EPP-copia-7-80-768x768.jpg 768w, https:\/\/atecordoba.org\/wp-content\/uploads\/2021\/04\/Campa\u00f1a-Salud-Laboral-EPP-copia-7-80-560x560.jpg 560w, https:\/\/atecordoba.org\/wp-content\/uploads\/2021\/04\/Campa\u00f1a-Salud-Laboral-EPP-copia-7-80-75x75.jpg 75w, https:\/\/atecordoba.org\/wp-content\/uploads\/2021\/04\/Campa\u00f1a-Salud-Laboral-EPP-copia-7-80-750x750.jpg 750w, https:\/\/atecordoba.org\/wp-content\/uploads\/2021\/04\/Campa\u00f1a-Salud-Laboral-EPP-copia-7-80.jpg 1081w\" data-expand=\"700\" \/><\/a>\n                <\/div><\/figure><figure class='gallery-item'>\n                <div class='gallery-icon landscape'>\n                    <a href='https:\/\/atecordoba.org\/wp-content\/uploads\/2021\/04\/Campa\u00f1a-Salud-Laboral-EPP-copia-8-80.jpg'><img loading=\"lazy\" decoding=\"async\" width=\"150\" height=\"150\" src=\"\" class=\"attachment-thumbnail size-thumbnail lazyload\" alt=\"\" data-src=\"https:\/\/atecordoba.org\/wp-content\/uploads\/2021\/04\/Campa\u00f1a-Salud-Laboral-EPP-copia-8-80-150x150.jpg\" data-sizes=\"auto\" data-srcset=\"https:\/\/atecordoba.org\/wp-content\/uploads\/2021\/04\/Campa\u00f1a-Salud-Laboral-EPP-copia-8-80-150x150.jpg 150w, https:\/\/atecordoba.org\/wp-content\/uploads\/2021\/04\/Campa\u00f1a-Salud-Laboral-EPP-copia-8-80-300x300.jpg 300w, https:\/\/atecordoba.org\/wp-content\/uploads\/2021\/04\/Campa\u00f1a-Salud-Laboral-EPP-copia-8-80-1024x1024.jpg 1024w, https:\/\/atecordoba.org\/wp-content\/uploads\/2021\/04\/Campa\u00f1a-Salud-Laboral-EPP-copia-8-80-768x768.jpg 768w, https:\/\/atecordoba.org\/wp-content\/uploads\/2021\/04\/Campa\u00f1a-Salud-Laboral-EPP-copia-8-80-560x560.jpg 560w, https:\/\/atecordoba.org\/wp-content\/uploads\/2021\/04\/Campa\u00f1a-Salud-Laboral-EPP-copia-8-80-75x75.jpg 75w, https:\/\/atecordoba.org\/wp-content\/uploads\/2021\/04\/Campa\u00f1a-Salud-Laboral-EPP-copia-8-80-750x750.jpg 750w, https:\/\/atecordoba.org\/wp-content\/uploads\/2021\/04\/Campa\u00f1a-Salud-Laboral-EPP-copia-8-80.jpg 1081w\" data-expand=\"700\" \/><\/a>\n                <\/div><\/figure><br style=\"clear: both\" \/><figure class='gallery-item'>\n                <div class='gallery-icon landscape'>\n                    <a href='https:\/\/atecordoba.org\/wp-content\/uploads\/2021\/04\/Campa\u00f1a-Salud-Laboral-EPP-copia-10-80.jpg'><img loading=\"lazy\" decoding=\"async\" width=\"150\" height=\"150\" src=\"\" class=\"attachment-thumbnail size-thumbnail lazyload\" alt=\"\" data-src=\"https:\/\/atecordoba.org\/wp-content\/uploads\/2021\/04\/Campa\u00f1a-Salud-Laboral-EPP-copia-10-80-150x150.jpg\" data-sizes=\"auto\" data-srcset=\"https:\/\/atecordoba.org\/wp-content\/uploads\/2021\/04\/Campa\u00f1a-Salud-Laboral-EPP-copia-10-80-150x150.jpg 150w, https:\/\/atecordoba.org\/wp-content\/uploads\/2021\/04\/Campa\u00f1a-Salud-Laboral-EPP-copia-10-80-300x300.jpg 300w, https:\/\/atecordoba.org\/wp-content\/uploads\/2021\/04\/Campa\u00f1a-Salud-Laboral-EPP-copia-10-80-1024x1024.jpg 1024w, https:\/\/atecordoba.org\/wp-content\/uploads\/2021\/04\/Campa\u00f1a-Salud-Laboral-EPP-copia-10-80-768x768.jpg 768w, https:\/\/atecordoba.org\/wp-content\/uploads\/2021\/04\/Campa\u00f1a-Salud-Laboral-EPP-copia-10-80-560x560.jpg 560w, https:\/\/atecordoba.org\/wp-content\/uploads\/2021\/04\/Campa\u00f1a-Salud-Laboral-EPP-copia-10-80-75x75.jpg 75w, https:\/\/atecordoba.org\/wp-content\/uploads\/2021\/04\/Campa\u00f1a-Salud-Laboral-EPP-copia-10-80-750x750.jpg 750w, https:\/\/atecordoba.org\/wp-content\/uploads\/2021\/04\/Campa\u00f1a-Salud-Laboral-EPP-copia-10-80.jpg 1081w\" data-expand=\"700\" \/><\/a>\n                <\/div><\/figure><figure class='gallery-item'>\n                <div class='gallery-icon landscape'>\n                    <a href='https:\/\/atecordoba.org\/wp-content\/uploads\/2021\/04\/Campa\u00f1a-Salud-Laboral-EPP-80-1.jpg'><img loading=\"lazy\" decoding=\"async\" width=\"150\" height=\"150\" src=\"\" class=\"attachment-thumbnail size-thumbnail lazyload\" alt=\"\" data-src=\"https:\/\/atecordoba.org\/wp-content\/uploads\/2021\/04\/Campa\u00f1a-Salud-Laboral-EPP-80-1-150x150.jpg\" data-sizes=\"auto\" data-srcset=\"https:\/\/atecordoba.org\/wp-content\/uploads\/2021\/04\/Campa\u00f1a-Salud-Laboral-EPP-80-1-150x150.jpg 150w, https:\/\/atecordoba.org\/wp-content\/uploads\/2021\/04\/Campa\u00f1a-Salud-Laboral-EPP-80-1-300x300.jpg 300w, https:\/\/atecordoba.org\/wp-content\/uploads\/2021\/04\/Campa\u00f1a-Salud-Laboral-EPP-80-1-1024x1024.jpg 1024w, https:\/\/atecordoba.org\/wp-content\/uploads\/2021\/04\/Campa\u00f1a-Salud-Laboral-EPP-80-1-768x768.jpg 768w, https:\/\/atecordoba.org\/wp-content\/uploads\/2021\/04\/Campa\u00f1a-Salud-Laboral-EPP-80-1-560x560.jpg 560w, https:\/\/atecordoba.org\/wp-content\/uploads\/2021\/04\/Campa\u00f1a-Salud-Laboral-EPP-80-1-75x75.jpg 75w, https:\/\/atecordoba.org\/wp-content\/uploads\/2021\/04\/Campa\u00f1a-Salud-Laboral-EPP-80-1-750x750.jpg 750w, https:\/\/atecordoba.org\/wp-content\/uploads\/2021\/04\/Campa\u00f1a-Salud-Laboral-EPP-80-1.jpg 1080w\" data-expand=\"700\" \/><\/a>\n                <\/div><\/figure><figure class='gallery-item'>\n                <div class='gallery-icon portrait'>\n                    <a href='https:\/\/atecordoba.org\/wp-content\/uploads\/2021\/04\/Campa\u00f1a-Salud-Laboral-Estado-Pliticas-Salud.jpg'><img loading=\"lazy\" decoding=\"async\" width=\"150\" height=\"150\" src=\"\" class=\"attachment-thumbnail size-thumbnail lazyload\" alt=\"\" data-src=\"https:\/\/atecordoba.org\/wp-content\/uploads\/2021\/04\/Campa\u00f1a-Salud-Laboral-Estado-Pliticas-Salud-150x150.jpg\" data-sizes=\"auto\" data-srcset=\"https:\/\/atecordoba.org\/wp-content\/uploads\/2021\/04\/Campa\u00f1a-Salud-Laboral-Estado-Pliticas-Salud-150x150.jpg 150w, https:\/\/atecordoba.org\/wp-content\/uploads\/2021\/04\/Campa\u00f1a-Salud-Laboral-Estado-Pliticas-Salud-300x300.jpg 300w, https:\/\/atecordoba.org\/wp-content\/uploads\/2021\/04\/Campa\u00f1a-Salud-Laboral-Estado-Pliticas-Salud-1024x1024.jpg 1024w, https:\/\/atecordoba.org\/wp-content\/uploads\/2021\/04\/Campa\u00f1a-Salud-Laboral-Estado-Pliticas-Salud-768x769.jpg 768w, https:\/\/atecordoba.org\/wp-content\/uploads\/2021\/04\/Campa\u00f1a-Salud-Laboral-Estado-Pliticas-Salud-560x560.jpg 560w, https:\/\/atecordoba.org\/wp-content\/uploads\/2021\/04\/Campa\u00f1a-Salud-Laboral-Estado-Pliticas-Salud-75x75.jpg 75w, https:\/\/atecordoba.org\/wp-content\/uploads\/2021\/04\/Campa\u00f1a-Salud-Laboral-Estado-Pliticas-Salud-750x751.jpg 750w, https:\/\/atecordoba.org\/wp-content\/uploads\/2021\/04\/Campa\u00f1a-Salud-Laboral-Estado-Pliticas-Salud.jpg 1080w\" data-expand=\"700\" \/><\/a>\n                <\/div><\/figure><figure class='gallery-item'>\n                <div class='gallery-icon landscape'>\n                    <a href='https:\/\/atecordoba.org\/wp-content\/uploads\/2021\/04\/Campa\u00f1a-Salud-Laboral-Escuelas.jpg'><img loading=\"lazy\" decoding=\"async\" width=\"150\" height=\"150\" src=\"\" class=\"attachment-thumbnail size-thumbnail lazyload\" alt=\"\" data-src=\"https:\/\/atecordoba.org\/wp-content\/uploads\/2021\/04\/Campa\u00f1a-Salud-Laboral-Escuelas-150x150.jpg\" data-sizes=\"auto\" data-srcset=\"https:\/\/atecordoba.org\/wp-content\/uploads\/2021\/04\/Campa\u00f1a-Salud-Laboral-Escuelas-150x150.jpg 150w, https:\/\/atecordoba.org\/wp-content\/uploads\/2021\/04\/Campa\u00f1a-Salud-Laboral-Escuelas-300x300.jpg 300w, https:\/\/atecordoba.org\/wp-content\/uploads\/2021\/04\/Campa\u00f1a-Salud-Laboral-Escuelas-1024x1024.jpg 1024w, https:\/\/atecordoba.org\/wp-content\/uploads\/2021\/04\/Campa\u00f1a-Salud-Laboral-Escuelas-768x768.jpg 768w, https:\/\/atecordoba.org\/wp-content\/uploads\/2021\/04\/Campa\u00f1a-Salud-Laboral-Escuelas-560x560.jpg 560w, https:\/\/atecordoba.org\/wp-content\/uploads\/2021\/04\/Campa\u00f1a-Salud-Laboral-Escuelas-75x75.jpg 75w, https:\/\/atecordoba.org\/wp-content\/uploads\/2021\/04\/Campa\u00f1a-Salud-Laboral-Escuelas-750x750.jpg 750w, https:\/\/atecordoba.org\/wp-content\/uploads\/2021\/04\/Campa\u00f1a-Salud-Laboral-Escuelas.jpg 1081w\" data-expand=\"700\" \/><\/a>\n                <\/div><\/figure><figure class='gallery-item'>\n                <div class='gallery-icon landscape'>\n                    <a href='https:\/\/atecordoba.org\/wp-content\/uploads\/2021\/04\/Campa\u00f1a-Salud-Laboral-ART-Prestaciones.jpg'><img loading=\"lazy\" decoding=\"async\" width=\"150\" height=\"150\" src=\"\" class=\"attachment-thumbnail size-thumbnail lazyload\" alt=\"\" data-src=\"https:\/\/atecordoba.org\/wp-content\/uploads\/2021\/04\/Campa\u00f1a-Salud-Laboral-ART-Prestaciones-150x150.jpg\" data-sizes=\"auto\" data-srcset=\"https:\/\/atecordoba.org\/wp-content\/uploads\/2021\/04\/Campa\u00f1a-Salud-Laboral-ART-Prestaciones-150x150.jpg 150w, https:\/\/atecordoba.org\/wp-content\/uploads\/2021\/04\/Campa\u00f1a-Salud-Laboral-ART-Prestaciones-300x300.jpg 300w, https:\/\/atecordoba.org\/wp-content\/uploads\/2021\/04\/Campa\u00f1a-Salud-Laboral-ART-Prestaciones-1024x1024.jpg 1024w, https:\/\/atecordoba.org\/wp-content\/uploads\/2021\/04\/Campa\u00f1a-Salud-Laboral-ART-Prestaciones-768x768.jpg 768w, https:\/\/atecordoba.org\/wp-content\/uploads\/2021\/04\/Campa\u00f1a-Salud-Laboral-ART-Prestaciones-560x560.jpg 560w, https:\/\/atecordoba.org\/wp-content\/uploads\/2021\/04\/Campa\u00f1a-Salud-Laboral-ART-Prestaciones-75x75.jpg 75w, https:\/\/atecordoba.org\/wp-content\/uploads\/2021\/04\/Campa\u00f1a-Salud-Laboral-ART-Prestaciones-750x750.jpg 750w, https:\/\/atecordoba.org\/wp-content\/uploads\/2021\/04\/Campa\u00f1a-Salud-Laboral-ART-Prestaciones.jpg 1081w\" data-expand=\"700\" \/><\/a>\n                <\/div><\/figure><br style=\"clear: both\" \/><figure class='gallery-item'>\n                <div class='gallery-icon landscape'>\n                    <a href='https:\/\/atecordoba.org\/wp-content\/uploads\/2021\/04\/Campa\u00f1a-Salud-Laboral-Victimas-ART.jpg'><img loading=\"lazy\" decoding=\"async\" width=\"150\" height=\"150\" src=\"\" class=\"attachment-thumbnail size-thumbnail lazyload\" alt=\"\" data-src=\"https:\/\/atecordoba.org\/wp-content\/uploads\/2021\/04\/Campa\u00f1a-Salud-Laboral-Victimas-ART-150x150.jpg\" data-sizes=\"auto\" data-srcset=\"https:\/\/atecordoba.org\/wp-content\/uploads\/2021\/04\/Campa\u00f1a-Salud-Laboral-Victimas-ART-150x150.jpg 150w, https:\/\/atecordoba.org\/wp-content\/uploads\/2021\/04\/Campa\u00f1a-Salud-Laboral-Victimas-ART-300x300.jpg 300w, https:\/\/atecordoba.org\/wp-content\/uploads\/2021\/04\/Campa\u00f1a-Salud-Laboral-Victimas-ART-1024x1024.jpg 1024w, https:\/\/atecordoba.org\/wp-content\/uploads\/2021\/04\/Campa\u00f1a-Salud-Laboral-Victimas-ART-768x768.jpg 768w, https:\/\/atecordoba.org\/wp-content\/uploads\/2021\/04\/Campa\u00f1a-Salud-Laboral-Victimas-ART-560x560.jpg 560w, https:\/\/atecordoba.org\/wp-content\/uploads\/2021\/04\/Campa\u00f1a-Salud-Laboral-Victimas-ART-75x75.jpg 75w, https:\/\/atecordoba.org\/wp-content\/uploads\/2021\/04\/Campa\u00f1a-Salud-Laboral-Victimas-ART-750x750.jpg 750w, https:\/\/atecordoba.org\/wp-content\/uploads\/2021\/04\/Campa\u00f1a-Salud-Laboral-Victimas-ART.jpg 1081w\" data-expand=\"700\" \/><\/a>\n                <\/div><\/figure><figure class='gallery-item'>\n                <div class='gallery-icon portrait'>\n                    <a href='https:\/\/atecordoba.org\/wp-content\/uploads\/2021\/04\/Campa\u00f1a-Salud-Laboral-Teletrabajo.jpg'><img loading=\"lazy\" decoding=\"async\" width=\"150\" height=\"150\" src=\"\" class=\"attachment-thumbnail size-thumbnail lazyload\" alt=\"\" data-src=\"https:\/\/atecordoba.org\/wp-content\/uploads\/2021\/04\/Campa\u00f1a-Salud-Laboral-Teletrabajo-150x150.jpg\" data-sizes=\"auto\" data-srcset=\"https:\/\/atecordoba.org\/wp-content\/uploads\/2021\/04\/Campa\u00f1a-Salud-Laboral-Teletrabajo-150x150.jpg 150w, https:\/\/atecordoba.org\/wp-content\/uploads\/2021\/04\/Campa\u00f1a-Salud-Laboral-Teletrabajo-300x300.jpg 300w, https:\/\/atecordoba.org\/wp-content\/uploads\/2021\/04\/Campa\u00f1a-Salud-Laboral-Teletrabajo-1024x1024.jpg 1024w, https:\/\/atecordoba.org\/wp-content\/uploads\/2021\/04\/Campa\u00f1a-Salud-Laboral-Teletrabajo-768x769.jpg 768w, https:\/\/atecordoba.org\/wp-content\/uploads\/2021\/04\/Campa\u00f1a-Salud-Laboral-Teletrabajo-560x560.jpg 560w, https:\/\/atecordoba.org\/wp-content\/uploads\/2021\/04\/Campa\u00f1a-Salud-Laboral-Teletrabajo-75x75.jpg 75w, https:\/\/atecordoba.org\/wp-content\/uploads\/2021\/04\/Campa\u00f1a-Salud-Laboral-Teletrabajo-750x751.jpg 750w, https:\/\/atecordoba.org\/wp-content\/uploads\/2021\/04\/Campa\u00f1a-Salud-Laboral-Teletrabajo.jpg 1080w\" data-expand=\"700\" \/><\/a>\n                <\/div><\/figure><figure class='gallery-item'>\n                <div class='gallery-icon portrait'>\n                    <a href='https:\/\/atecordoba.org\/wp-content\/uploads\/2021\/04\/Campa\u00f1a-Salud-Laboral-Maltrato.jpg'><img loading=\"lazy\" decoding=\"async\" width=\"150\" height=\"150\" src=\"\" class=\"attachment-thumbnail size-thumbnail lazyload\" alt=\"\" data-src=\"https:\/\/atecordoba.org\/wp-content\/uploads\/2021\/04\/Campa\u00f1a-Salud-Laboral-Maltrato-150x150.jpg\" data-sizes=\"auto\" data-srcset=\"https:\/\/atecordoba.org\/wp-content\/uploads\/2021\/04\/Campa\u00f1a-Salud-Laboral-Maltrato-150x150.jpg 150w, https:\/\/atecordoba.org\/wp-content\/uploads\/2021\/04\/Campa\u00f1a-Salud-Laboral-Maltrato-300x300.jpg 300w, https:\/\/atecordoba.org\/wp-content\/uploads\/2021\/04\/Campa\u00f1a-Salud-Laboral-Maltrato-1024x1024.jpg 1024w, https:\/\/atecordoba.org\/wp-content\/uploads\/2021\/04\/Campa\u00f1a-Salud-Laboral-Maltrato-768x769.jpg 768w, https:\/\/atecordoba.org\/wp-content\/uploads\/2021\/04\/Campa\u00f1a-Salud-Laboral-Maltrato-560x560.jpg 560w, https:\/\/atecordoba.org\/wp-content\/uploads\/2021\/04\/Campa\u00f1a-Salud-Laboral-Maltrato-75x75.jpg 75w, https:\/\/atecordoba.org\/wp-content\/uploads\/2021\/04\/Campa\u00f1a-Salud-Laboral-Maltrato-750x751.jpg 750w, https:\/\/atecordoba.org\/wp-content\/uploads\/2021\/04\/Campa\u00f1a-Salud-Laboral-Maltrato.jpg 1080w\" data-expand=\"700\" \/><\/a>\n                <\/div><\/figure><figure class='gallery-item'>\n                <div class='gallery-icon landscape'>\n                    <a href='https:\/\/atecordoba.org\/wp-content\/uploads\/2021\/04\/Campa\u00f1a-Salud-Laboral-Libertad-Sindical.jpg'><img loading=\"lazy\" decoding=\"async\" width=\"150\" height=\"150\" src=\"\" class=\"attachment-thumbnail size-thumbnail lazyload\" alt=\"\" data-src=\"https:\/\/atecordoba.org\/wp-content\/uploads\/2021\/04\/Campa\u00f1a-Salud-Laboral-Libertad-Sindical-150x150.jpg\" data-sizes=\"auto\" data-srcset=\"https:\/\/atecordoba.org\/wp-content\/uploads\/2021\/04\/Campa\u00f1a-Salud-Laboral-Libertad-Sindical-150x150.jpg 150w, https:\/\/atecordoba.org\/wp-content\/uploads\/2021\/04\/Campa\u00f1a-Salud-Laboral-Libertad-Sindical-300x300.jpg 300w, https:\/\/atecordoba.org\/wp-content\/uploads\/2021\/04\/Campa\u00f1a-Salud-Laboral-Libertad-Sindical-1024x1024.jpg 1024w, https:\/\/atecordoba.org\/wp-content\/uploads\/2021\/04\/Campa\u00f1a-Salud-Laboral-Libertad-Sindical-768x768.jpg 768w, https:\/\/atecordoba.org\/wp-content\/uploads\/2021\/04\/Campa\u00f1a-Salud-Laboral-Libertad-Sindical-560x560.jpg 560w, https:\/\/atecordoba.org\/wp-content\/uploads\/2021\/04\/Campa\u00f1a-Salud-Laboral-Libertad-Sindical-75x75.jpg 75w, https:\/\/atecordoba.org\/wp-content\/uploads\/2021\/04\/Campa\u00f1a-Salud-Laboral-Libertad-Sindical-750x750.jpg 750w, https:\/\/atecordoba.org\/wp-content\/uploads\/2021\/04\/Campa\u00f1a-Salud-Laboral-Libertad-Sindical.jpg 1081w\" data-expand=\"700\" \/><\/a>\n                <\/div><\/figure>\n                <br style='clear: both' \/>\n            <\/div>\n\n<p>En la semana de la Salud Laboral, ATE C\u00f3rdoba elabor\u00f3 campa\u00f1a de concientizaci\u00f3n con una serie de materiales gr\u00e1ficos y consignas que compartimos a continuaci\u00f3n.<\/p>\n<p>1-) Los Elementos de Protecci\u00f3n Personal (EPP), incluida la ropa de trabajo, deben ser suministrados y mantenidos por la patronal (Ley 19587). Su uso adecuado es importante para prevenir riesgos laborales. OrganizATE para defender tus derechos.<\/p>\n<p>2-) El maltrato, la persecuci\u00f3n sindical, la desigualdad, la discriminaci\u00f3n y la inestabilidad laboral, son violencia. Est\u00e1 vigente el Convenio 190 OIT que fija un marco para prevenirlas y abordarlas de manera integral. En ATE nos organizamos y luchamos contra todo tipo de violencia y acoso.<\/p>\n<p>3-) En pandemia muchxs trabajadorxs realizan tareas remotas. Para que sea en condiciones adecuadas y con los medios correspondientes, la regulaci\u00f3n del Teletrabajo debe ser con la participaci\u00f3n de lxs trabajadores. Para ATE, la salud no se vende: se defiende.<\/p>\n<p>4-) Lxs trabajadorxs tenemos derecho a trabajar en un ambiente sano y seguro, recibir capacitaciones sobre prevenci\u00f3n y suspender tareas en caso de riesgo grave e inminente. Parar opinar, decidir, pelear y defender nuestros derechos, afiliATE.<\/p>\n<p>5-) Cumplimiento pleno de los Convenios 155 y 187 de OIT que obligan al Estado a implementar pol\u00edticas de Salud y Seguridad en el Trabajo con la participaci\u00f3n de lxs trabajadorxs. Esto no es posible sin Comit\u00e9s Mixtos y la instauraci\u00f3n de la figura dxl Delegadx de Prevenci\u00f3n. ATE Siempre est\u00e1.<\/p>\n<p>6-) Ten\u00e9s derecho a saber cu\u00e1l es tu ART. La patronal debe entregarte una credencial con los datos de la misma. Es con ATE, es con Vos.<\/p>\n<p>7-) La Constituci\u00f3n y la legislaci\u00f3n laboral prev\u00e9n la libertad de asociaci\u00f3n y afiliaci\u00f3n sindical. El derecho a la huelga est\u00e1 previsto en la Constituci\u00f3n y regulado por la Ley de Asociaciones Sindicales N\u00b0 23.551. La patronal no te puede sancionar por organizarte y parar. Para ampliar el poder de negociaci\u00f3n y defender las condiciones y medio ambiente de trabajo, af\u00edliATE.<\/p>\n<p>8) Frente al negocio de las ART lxs trabajadorxs seguimos siendo las v\u00edctimas. Las muertes por trabajo son un crimen. ATE es organizaci\u00f3n colectiva que defiende tus derechos.<\/p>\n<p>9-) Sin protocolos sanitarios de prevenci\u00f3n no se puede trabajar, y no hay protocolo seguro sin la participaci\u00f3n real de lxs trabajadorxs. OrganizATE para pelear por nuestros derechos.<\/p>\n<p>10-) Se ampli\u00f3 hasta el 31\/05\/21 la cobertura del COVID-19 como Enfermedad Profesional (no listada). Si te contagiaste en el trabajo, denunci\u00e1 a la ART o Empleador Autoasegurado. Necesitas el diagn\u00f3stico expedido por entidad sanitaria registrada con resultado positivo firmado por profesional matriculado; descripci\u00f3n del puesto de trabajo y tareas realizadas entre los d\u00edas 3 y 14 previos a los s\u00edntomas; constancia emitida por el empleador para certificar la prestaci\u00f3n efectiva de tareas en el lugar de trabajo (Anexo I Res. 10\/2021 SRT); nombre completo y DNI del trabajador. ATE siempre est\u00e1.<\/p>\n<p>11-) Para una prevenci\u00f3n m\u00e1s efectiva del COVID-19, la ventilaci\u00f3n debe ser Constante, Cruzada y m\u00ednimo de Cinco cent\u00edmetros de apertura. Evitar ambientes cerrados, espacios concurridos y contacto cercano. ATE siempre est\u00e1.<\/p>\n<p>12-) Si sufriste un accidente laboral o una enfermedad profesional, ten\u00e9s que dar aviso a tu empleador, ART o dirigirte a un Centro M\u00e9dico Prestador. La ART tiene la obligaci\u00f3n de brindarte todas las prestaciones correspondientes. Es con ATE, es con Vos.<\/p>\n<p>13-) Por la construcci\u00f3n y promulgaci\u00f3n de una norma que regule la Salud y Seguridad en el Trabajo para el Sector Sanitario. ATE es organizaci\u00f3n colectiva.<\/p>\n<p>14-) Por el cumplimiento real de protocolos sanitarios en las escuelas. Condiciones y medio ambiente de trabajo dignos para docentes y auxiliares. OrganizATE para defender nuestros derechos.<\/p>\n","protected":false},"excerpt":{"rendered":"<p>En la semana de la Salud Laboral, ATE C\u00f3rdoba elabor\u00f3 campa\u00f1a de concientizaci\u00f3n con una serie de materiales gr\u00e1ficos y consignas que compartimos a continuaci\u00f3n. 1-) Los Elementos de Protecci\u00f3n Personal (EPP), incluida la ropa de trabajo, deben ser suministrados y mantenidos por la patronal (Ley 19587). Su uso adecuado es importante para prevenir riesgos [&hellip;]<\/p>\n","protected":false},"author":6,"featured_media":25592,"comment_status":"open","ping_status":"open","sticky":false,"template":"","format":"standard","meta":{"_exactmetrics_skip_tracking":false,"_exactmetrics_sitenote_active":false,"_exactmetrics_sitenote_note":"","_exactmetrics_sitenote_category":0,"jnews-multi-image_gallery":[],"jnews_single_post":{"source_name":"","source_url":"","via_name":"","via_url":"","override_template":"0","override":[{"template":"1","single_blog_custom":"","parallax":"1","fullscreen":"0","layout":"right-sidebar","sidebar":"default-sidebar","second_sidebar":"default-sidebar","sticky_sidebar":"1","share_position":"top","share_float_style":"share-monocrhome","show_share_counter":"1","show_view_counter":"1","show_featured":"1","show_post_meta":"1","show_post_author":"1","show_post_author_image":"1","show_post_date":"1","post_date_format":"default","post_date_format_custom":"Y\/m\/d","show_post_category":"1","show_post_reading_time":"0","post_reading_time_wpm":"300","show_zoom_button":"0","zoom_button_out_step":"2","zoom_button_in_step":"3","show_post_tag":"1","show_prev_next_post":"1","show_popup_post":"1","number_popup_post":"1","show_author_box":"0","show_post_related":"0","show_inline_post_related":"0"}],"override_image_size":"0","image_override":[{"single_post_thumbnail_size":"crop-500","single_post_gallery_size":"crop-500"}],"trending_post":"0","trending_post_position":"meta","trending_post_label":"Trending","sponsored_post":"0","sponsored_post_label":"Sponsored by","sponsored_post_name":"","sponsored_post_url":"","sponsored_post_logo_enable":"0","sponsored_post_logo":"","sponsored_post_desc":""},"jnews_primary_category":{"id":""},"jnews_social_meta":{"fb_title":"","fb_description":"","fb_image":"","twitter_title":"","twitter_description":"","twitter_image":""},"jnews_review":[],"enable_review":"0","type":"percentage","name":"","summary":"","brand":"","sku":"","good":[{"good_text":""}],"bad":[{"bad_text":""}],"score_override":"","override_value":"","rating":[{"rating_text":"","rating_number":"10"}],"price":[{"shop":"","price":"","link":"","icon":""}],"jnews_override_counter":{"override_view_counter":"0","view_counter_number":"0","override_share_counter":"0","share_counter_number":"0","override_like_counter":"0","like_counter_number":"0","override_dislike_counter":"0","dislike_counter_number":"0"},"jnews_post_split":{"enable_post_split":"0","post_split":[{"template":"1","tag":"h2","numbering":"asc","mode":"normal"}]},"footnotes":""},"categories":[341,104],"tags":[],"class_list":["post-25581","post","type-post","status-publish","format-standard","has-post-thumbnail","hentry","category-cdp","category-departamento-de-salud"],"jetpack_featured_media_url":"https:\/\/atecordoba.org\/wp-content\/uploads\/2021\/04\/Campa\u00f1a-Salud-Laboral-EPP-80-1.jpg","_links":{"self":[{"href":"https:\/\/atecordoba.org\/index.php?rest_route=\/wp\/v2\/posts\/25581","targetHints":{"allow":["GET"]}}],"collection":[{"href":"https:\/\/atecordoba.org\/index.php?rest_route=\/wp\/v2\/posts"}],"about":[{"href":"https:\/\/atecordoba.org\/index.php?rest_route=\/wp\/v2\/types\/post"}],"author":[{"embeddable":true,"href":"https:\/\/atecordoba.org\/index.php?rest_route=\/wp\/v2\/users\/6"}],"replies":[{"embeddable":true,"href":"https:\/\/atecordoba.org\/index.php?rest_route=%2Fwp%2Fv2%2Fcomments&post=25581"}],"version-history":[{"count":4,"href":"https:\/\/atecordoba.org\/index.php?rest_route=\/wp\/v2\/posts\/25581\/revisions"}],"predecessor-version":[{"id":25601,"href":"https:\/\/atecordoba.org\/index.php?rest_route=\/wp\/v2\/posts\/25581\/revisions\/25601"}],"wp:featuredmedia":[{"embeddable":true,"href":"https:\/\/atecordoba.org\/index.php?rest_route=\/wp\/v2\/media\/25592"}],"wp:attachment":[{"href":"https:\/\/atecordoba.org\/index.php?rest_route=%2Fwp%2Fv2%2Fmedia&parent=25581"}],"wp:term":[{"taxonomy":"category","embeddable":true,"href":"https:\/\/atecordoba.org\/index.php?rest_route=%2Fwp%2Fv2%2Fcategories&post=25581"},{"taxonomy":"post_tag","embeddable":true,"href":"https:\/\/atecordoba.org\/index.php?rest_route=%2Fwp%2Fv2%2Ftags&post=25581"}],"curies":[{"name":"wp","href":"https:\/\/api.w.org\/{rel}","templated":true}]}}