{"id":25555,"date":"2021-04-27T10:30:07","date_gmt":"2021-04-27T13:30:07","guid":{"rendered":"https:\/\/atecordoba.org\/?p=25555"},"modified":"2021-04-27T10:30:07","modified_gmt":"2021-04-27T13:30:07","slug":"municipales-del-sur-de-cordoba-organizacion-y-logros","status":"publish","type":"post","link":"https:\/\/atecordoba.org\/?p=25555","title":{"rendered":"Municipales del sur de C\u00f3rdoba: organizaci\u00f3n y logros"},"content":{"rendered":"<div class=\"\" dir=\"auto\">\n<div id=\"jsc_c_ws\" class=\"ecm0bbzt hv4rvrfc ihqw7lf3 dati1w0a\" data-ad-comet-preview=\"message\" data-ad-preview=\"message\">\n<div class=\"j83agx80 cbu4d94t ew0dbk1b irj2b8pg\">\n<div class=\"qzhwtbm6 knvmm38d\">\n<div class=\"kvgmc6g5 cxmmr5t8 oygrvhab hcukyx3x c1et5uql ii04i59q\">\n<div dir=\"auto\">\n<p>\u201cComo sindicato entendemos que la organizaci\u00f3n somos todxs, y que en ese marco el rol que cumplen las y los delegados es un pilar imprescindible de ATE. Bajo esa concepci\u00f3n, permanentemente la comisi\u00f3n directiva genera espacios para el debate como los plenarios de delegados municipales, o la formaci\u00f3n para brindar herramientas a las y los compa\u00f1eros\u201d, indicaron.<\/p>\n<p>\u201cLa defensa del salario y la fuente de trabajo son fundamentales dentro de la lucha sindical. ATE es el sindicato de los trabajadores y de las trabajadoras del Estado y tiene por objetivo principal defender la fuente de trabajo, la estabilidad laboral, el salario y los derechos de las y las compa\u00f1eras\u201d, expresa el Manual de las y los Delegados Municipales de ATE.<\/p>\n<p>En el caso de Alcira Gigena, el equipo de delegadxs se integra por cuatro compa\u00f1eros y compa\u00f1eras, Adriana Tr\u00edmboli, Jose Altamarino, Norma Gilardini y Silvia Nieblisky.<\/p>\n<p>Respecto a la paritaria que se acord\u00f3 en la localidad Silvia\u00a0Nieblisky expres\u00f3: \u201cCada a\u00f1o ATE inicia las gestiones para las reuniones de paritarias, siempre es ATE el que inicia el proceso con un pedido de audiencia.\u00a0Estamos teniendo reuniones permanentes, tenemos una buena comunicaci\u00f3n. Acordamos un 40% y sabemos que ha sido uno de los porcentajes m\u00e1s altos y la paritaria qued\u00f3 abierta\u201d.<\/p>\n<p>Otro de los puntos que fue tratado en la mesa salarial fue los pases a planta permanente, las recategorizaciones y los contratos. \u00cdtems que son necesarios para avanzar en la recuperaci\u00f3n de los derechos y la estabilidad laboral: \u201cDe manera simult\u00e1nea venimos hace unos a\u00f1os con un reclamo que tiene que ver con la mejora de la situaci\u00f3n laboral de todos los trabajadores en cuanto a sus categor\u00edas, tener un contrato y luego el pase a planta y los que est\u00e1n en planta que avancen en la carrera administrativa\u201d, explic\u00f3 Nieblyski.<\/p>\n<p>Esos avances vienen de la mano del trabajo en conjunto que realizaron las y los delegados por medio de la recolecci\u00f3n de documentaci\u00f3n y datos de la situaci\u00f3n de las y los trabajadores en cuanto a sus historias laborales, que concluy\u00f3 en la presentaci\u00f3n de una carpeta al Ejecutivo Municipal.<\/p>\n<p>\u201cEste a\u00f1o hemos tenido el logro de los pases a planta permanente de diez compa\u00f1eros, la concreci\u00f3n de contratos y la recategorizaciones. Un compa\u00f1ero hace 36 a\u00f1os que era contratado, y otra compa\u00f1era m\u00e1s de 20 a\u00f1os, el resto ronda entre los 10 y 15 a\u00f1os de contrato\u201d, expres\u00f3 la delegada gremial.<\/p>\n<p>Otra de las pol\u00edticas del sindicato es la presencia en los municipios. A trav\u00e9s de la Secretar\u00eda General y del Bloque Gremial se articula con las y los representantes de\u00a0 ATE en los municipios para poder realizar las recorridas por los diferentes sectores de trabajo.<\/p>\n<p>En ese sentido, Norma Gilardini manifest\u00f3 que se visita las distintas \u00e1reas y cree que es necesario el encuentro con las y los compa\u00f1eros en dos aspectos. Por un lado, se pueden observar las necesidades urgentes y por otro lado porque se pueden desarrollar problem\u00e1ticas como la implementaci\u00f3n de la Ley Micaela y el Cupo por Discapacidad.<\/p>\n<p><strong>Acci\u00f3n Social<\/strong><\/p>\n<p>Las y los delegados tambi\u00e9n trabajan en la planificaci\u00f3n de los servicios sociales como los convenios que dependen de la Secretar\u00eda de Acci\u00f3n Social de la Seccional.<\/p>\n<p>\u201cDesde el comienzo de la actividad gremial hemos firmado convenios con negocios y farmacias. Este \u00faltimo tiempo hemos duplicado los convenios comerciales tenemos gran variedad\u201d, coment\u00f3 Nieblysky. Y agreg\u00f3 que est\u00e1n buscando acordar con nuevos comercios y profesionales para que las actividades se desarrollen en el local de ATE en Alcira Gigena.<\/p>\n<p><strong>Incremento salarial del 30% en R\u00edo de Los Sauces<\/strong><\/p>\n<\/div>\n<\/div>\n<div class=\"o9v6fnle cxmmr5t8 oygrvhab hcukyx3x c1et5uql ii04i59q\">\n<div dir=\"auto\">El 26 de abril, Franco Orsato Titular del Departamento de Discapacidad del CDP y Pablo Irusta Secretario Gremial asistieron a una audiencia en la Municipalidad de R\u00edo de Los Sauces.<\/div>\n<div dir=\"auto\">All\u00ed se acord\u00f3:<\/div>\n<div dir=\"auto\">\u00a0Aumento salarial del 30% en tres tramos. En agosto las partes se volver\u00e1n a reunir para continuar con la negociaci\u00f3n.<\/div>\n<div dir=\"auto\">ATE solicit\u00f3 la implementaci\u00f3n del Cupo Laboral por Discapacidad<\/div>\n<div dir=\"auto\">Ley Micaela<\/div>\n<div dir=\"auto\">Entrega de ropa<\/div>\n<div dir=\"auto\">Pases a planta permanente<\/div>\n<div dir=\"auto\">ATE presentar\u00e1 un modelo de Estatuto Municipal para que sea discutido en una mesa de trabajo.<\/div>\n<div dir=\"auto\">Particip\u00f3 de la reuni\u00f3n el delegado local Juan Rivoiro y en representaci\u00f3n del Ejecutivo Municipal el Intendete Fabian Gigena.<\/div>\n<div dir=\"auto\"><img loading=\"lazy\" decoding=\"async\" class=\"alignnone size-thumbnail wp-image-25556\" src=\"https:\/\/atecordoba.org\/wp-content\/uploads\/2021\/04\/179295714_3938357106209785_2897740329007732720_n-150x150.jpg\" alt=\"\" width=\"150\" height=\"150\" srcset=\"https:\/\/atecordoba.org\/wp-content\/uploads\/2021\/04\/179295714_3938357106209785_2897740329007732720_n-150x150.jpg 150w, https:\/\/atecordoba.org\/wp-content\/uploads\/2021\/04\/179295714_3938357106209785_2897740329007732720_n-75x75.jpg 75w\" sizes=\"auto, (max-width: 150px) 100vw, 150px\" \/> <img loading=\"lazy\" decoding=\"async\" class=\"alignnone size-thumbnail wp-image-25557\" src=\"https:\/\/atecordoba.org\/wp-content\/uploads\/2021\/04\/safe_image-4-150x150.jpg\" alt=\"\" width=\"150\" height=\"150\" srcset=\"https:\/\/atecordoba.org\/wp-content\/uploads\/2021\/04\/safe_image-4-150x150.jpg 150w, https:\/\/atecordoba.org\/wp-content\/uploads\/2021\/04\/safe_image-4-75x75.jpg 75w\" sizes=\"auto, (max-width: 150px) 100vw, 150px\" \/><\/div>\n<\/div>\n<\/div>\n<\/div>\n<\/div>\n<\/div>\n","protected":false},"excerpt":{"rendered":"<p>\u201cComo sindicato entendemos que la organizaci\u00f3n somos todxs, y que en ese marco el rol que cumplen las y los delegados es un pilar imprescindible de ATE. Bajo esa concepci\u00f3n, permanentemente la comisi\u00f3n directiva genera espacios para el debate como los plenarios de delegados municipales, o la formaci\u00f3n para brindar herramientas a las y los [&hellip;]<\/p>\n","protected":false},"author":3,"featured_media":25557,"comment_status":"open","ping_status":"open","sticky":false,"template":"","format":"standard","meta":{"_exactmetrics_skip_tracking":false,"_exactmetrics_sitenote_active":false,"_exactmetrics_sitenote_note":"","_exactmetrics_sitenote_category":0,"jnews-multi-image_gallery":[],"jnews_single_post":{"source_name":"","source_url":"","via_name":"","via_url":"","override_template":"0","override":[{"template":"1","single_blog_custom":"","parallax":"1","fullscreen":"0","layout":"right-sidebar","sidebar":"default-sidebar","second_sidebar":"default-sidebar","sticky_sidebar":"1","share_position":"top","share_float_style":"share-monocrhome","show_share_counter":"1","show_view_counter":"1","show_featured":"1","show_post_meta":"1","show_post_author":"1","show_post_author_image":"1","show_post_date":"1","post_date_format":"default","post_date_format_custom":"Y\/m\/d","show_post_category":"1","show_post_reading_time":"0","post_reading_time_wpm":"300","show_zoom_button":"0","zoom_button_out_step":"2","zoom_button_in_step":"3","show_post_tag":"1","show_prev_next_post":"1","show_popup_post":"1","number_popup_post":"1","show_author_box":"0","show_post_related":"0","show_inline_post_related":"0"}],"override_image_size":"0","image_override":[{"single_post_thumbnail_size":"crop-500","single_post_gallery_size":"crop-500"}],"trending_post":"0","trending_post_position":"meta","trending_post_label":"Trending","sponsored_post":"0","sponsored_post_label":"Sponsored by","sponsored_post_name":"","sponsored_post_url":"","sponsored_post_logo_enable":"0","sponsored_post_logo":"","sponsored_post_desc":""},"jnews_primary_category":{"id":""},"jnews_social_meta":{"fb_title":"","fb_description":"","fb_image":"","twitter_title":"","twitter_description":"","twitter_image":""},"jnews_review":[],"enable_review":"0","type":"percentage","name":"","summary":"","brand":"","sku":"","good":[{"good_text":""}],"bad":[{"bad_text":""}],"score_override":"","override_value":"","rating":[{"rating_text":"","rating_number":"10"}],"price":[{"shop":"","price":"","link":"","icon":""}],"jnews_override_counter":{"override_view_counter":"0","view_counter_number":"0","override_share_counter":"0","share_counter_number":"0","override_like_counter":"0","like_counter_number":"0","override_dislike_counter":"0","dislike_counter_number":"0"},"jnews_post_split":{"enable_post_split":"0","post_split":[{"template":"1","tag":"h2","numbering":"asc","mode":"normal"}]},"footnotes":""},"categories":[10,145,20,12],"tags":[],"class_list":["post-25555","post","type-post","status-publish","format-standard","has-post-thumbnail","hentry","category-accion-politica","category-delegados","category-municipales","category-rio-cuarto"],"jetpack_featured_media_url":"https:\/\/atecordoba.org\/wp-content\/uploads\/2021\/04\/safe_image-4.jpg","_links":{"self":[{"href":"https:\/\/atecordoba.org\/index.php?rest_route=\/wp\/v2\/posts\/25555","targetHints":{"allow":["GET"]}}],"collection":[{"href":"https:\/\/atecordoba.org\/index.php?rest_route=\/wp\/v2\/posts"}],"about":[{"href":"https:\/\/atecordoba.org\/index.php?rest_route=\/wp\/v2\/types\/post"}],"author":[{"embeddable":true,"href":"https:\/\/atecordoba.org\/index.php?rest_route=\/wp\/v2\/users\/3"}],"replies":[{"embeddable":true,"href":"https:\/\/atecordoba.org\/index.php?rest_route=%2Fwp%2Fv2%2Fcomments&post=25555"}],"version-history":[{"count":1,"href":"https:\/\/atecordoba.org\/index.php?rest_route=\/wp\/v2\/posts\/25555\/revisions"}],"predecessor-version":[{"id":25558,"href":"https:\/\/atecordoba.org\/index.php?rest_route=\/wp\/v2\/posts\/25555\/revisions\/25558"}],"wp:featuredmedia":[{"embeddable":true,"href":"https:\/\/atecordoba.org\/index.php?rest_route=\/wp\/v2\/media\/25557"}],"wp:attachment":[{"href":"https:\/\/atecordoba.org\/index.php?rest_route=%2Fwp%2Fv2%2Fmedia&parent=25555"}],"wp:term":[{"taxonomy":"category","embeddable":true,"href":"https:\/\/atecordoba.org\/index.php?rest_route=%2Fwp%2Fv2%2Fcategories&post=25555"},{"taxonomy":"post_tag","embeddable":true,"href":"https:\/\/atecordoba.org\/index.php?rest_route=%2Fwp%2Fv2%2Ftags&post=25555"}],"curies":[{"name":"wp","href":"https:\/\/api.w.org\/{rel}","templated":true}]}}