{"id":25543,"date":"2021-04-23T14:44:45","date_gmt":"2021-04-23T17:44:45","guid":{"rendered":"https:\/\/atecordoba.org\/?p=25543"},"modified":"2021-04-23T16:19:39","modified_gmt":"2021-04-23T19:19:39","slug":"geopolitica-y-soberania-nacional-un-debate-entre-todos-y-todas","status":"publish","type":"post","link":"https:\/\/atecordoba.org\/?p=25543","title":{"rendered":"Geopol\u00edtica y soberan\u00eda nacional: un debate &#8220;Entre Todos y Todas&#8221;"},"content":{"rendered":"<p><img loading=\"lazy\" decoding=\"async\" class=\" wp-image-25544 aligncenter\" src=\"https:\/\/atecordoba.org\/wp-content\/uploads\/2021\/04\/radio-300x169.jpeg\" alt=\"\" width=\"595\" height=\"335\" srcset=\"https:\/\/atecordoba.org\/wp-content\/uploads\/2021\/04\/radio-300x169.jpeg 300w, https:\/\/atecordoba.org\/wp-content\/uploads\/2021\/04\/radio.jpeg 750w\" sizes=\"auto, (max-width: 595px) 100vw, 595px\" \/>Convocados por el programa radial &#8216;Entre Todos y Todas&#8217; -que todos lo martes conducen la Secretaria de Prensa del CDP, Julia Giuliani, y Franco Ayesa- <strong>Carlos Rang<\/strong>, docente universitario, trabajador y delegado de ATE de la Secretaria de Agricultura Familiar de la Naci\u00f3n, y <strong>Dami\u00e1n Albornoz<\/strong>, Secretario General de ATE R\u00edo Tercero y trabajador de Fabricaciones Militares, <strong>aportaron su visi\u00f3n sobre la posici\u00f3n geopol\u00edtica que ocupa Argentina en la actualidad,<\/strong> en el marco de la competencia que las grandes potencias internacionales imponen a la regi\u00f3n y, particularmente, <strong>la posici\u00f3n de la clase trabajadora en general y de las y los trabajadores del Estado en particular.<\/strong><\/p>\n<p>Arranc\u00f3 <strong>Rang<\/strong>, diciendo que &#8220;lo que pasa a nivel global y regional impacta en nuestros territorios. Y estamos en medio de una escalada de guerra interimperialista a nivel planetario, donde hay intervenci\u00f3n de actores con un fuerte compromiso b\u00e9lico de retomar estas iniciativas geopol\u00edticas, que van acompa\u00f1adas de ejercicios militares. Estamos viendo no solo lo que pas\u00f3 con la visita a nuestra regi\u00f3n (del jefe del Comando Sur del ej\u00e9rcito norteamericano), sino tambi\u00e9n los movimientos en Rusia con el conflicto en Ucrania, los hechos en Siria, la avanzada de la republica Checa y su propio conflicto con Rusia, con todo el tema de la soberan\u00eda energ\u00e9tica europea por medio, y EEUU a partir de sus sectores m\u00e1s angloamericanos se est\u00e1n posicionando en el mundo en una disputa\u00a0 geopol\u00edtica para ver qui\u00e9n controla los territorios&#8221;.<\/p>\n<p>En otros pasajes, Rang apunt\u00f3:<\/p>\n<p>&#8220;Latinoam\u00e9rica se vuelve a instalar en el mapa geopol\u00edtico global con situaciones como la de las islas del Atl\u00e1ntico Sur, el continente Ant\u00e1rtico, y la visita del Jefe del Comando Sur Craig S. Faller, que estuvo en Uruguay y Argentina con la excusa de traer donaciones para combatir la pandemia. Pero es evidente que su preocupaci\u00f3n m\u00e1s importante es el papel de China en la regi\u00f3n, que viene avanzando hace bastante tiempo, y Argentina\u00a0 va a ingresar a la gran ruta de la seda con un mont\u00f3n de pa\u00edses y que va a ser un nuevo escenario de desarrollo productivo, log\u00edstico, donde estar\u00edamos sum\u00e1ndonos&#8221;.<\/p>\n<p>&#8220;China tiene una base de comunicaciones en Neuqu\u00e9n y se est\u00e1 hablando de que utilice tierra del fuego como base log\u00edstica para sus misiones en la Ant\u00e1rtida. \u00a0Inmediatamente el Comando Sur vino a Uruguay y Argentina, se reuni\u00f3 con los ministro de Defensa de ambos pa\u00edses y pusieron en claro que no quieren ning\u00fan tipo de base en Tierra del Fuego&#8221;.<\/p>\n<p>&#8220;El Presidente de la Naci\u00f3n dijo que no va a haber base extranjera en nuestro territorio. Pero inmediatamente los ingleses sacaron un comunicado donde informaron que van a hacer ejercicios con submarinos nucleares en el territorio de Malvinas.\u00a0 Hubo un repudio de Canciller\u00eda argentina, pero estamos viendo c\u00f3mo las aguas territoriales del mar argentino se ponen en la discusi\u00f3n mundial&#8221;.<\/p>\n<p>&#8220;Est\u00e1 el Canal de Magallanes y las bases militares de Inglaterra en Malvinas donde entra el juego de la guerra interimperialista en su disputa entre el mundo unipolar anglosaj\u00f3n versus el mundo multipolar encabezado por China, por Rusia, por Ir\u00e1n, que firm\u00f3 un convenio para abastecer a China con combustible por 25 a\u00f1os, y a su vez China va a invertir en infraestructura por m\u00e1s de 40 mil millones de d\u00f3lares&#8221;.<\/p>\n<p>Por su parte, <strong>Dami\u00e1n Albornoz<\/strong> describi\u00f3 el conflicto gremial que envuelve a FFMM R\u00edo Tercero e inst\u00f3 a avanzar en la producci\u00f3n para la defensa para garantizar trabajo de la f\u00e1brica los pr\u00f3ximos a\u00f1os y la soberan\u00eda nacional.<\/p>\n<p>&#8220;Los niveles de producci\u00f3n no aumentaron, solo mejora en comparaci\u00f3n con el macrismo, pero esos n\u00fameros son muy malos. Nos preocupa que no hay una visi\u00f3n estrat\u00e9gica a corto, mediano y largo plazo de c\u00f3mo potenciar capacidad productiva Fabricaciones Militares&#8221;, dijo el dirigente.<\/p>\n<p>Y denunci\u00f3 que &#8220;en metalmec\u00e1nica no vemos un desarrollo propio de estado nacional, los proyectos tienen origen en capitales chinos y nos asignan un mero papel de autopartista&#8221;.<\/p>\n<p>La charla completa puede escucharse ingresando <strong><a href=\"https:\/\/ar.radiocut.fm\/audiocut\/entre-todos-y-todas-defensa-nacional-en-debate\/\">aqu\u00ed.<\/a><\/strong><\/p>\n<p>&nbsp;<\/p>\n","protected":false},"excerpt":{"rendered":"<p>Convocados por el programa radial &#8216;Entre Todos y Todas&#8217; -que todos lo martes conducen la Secretaria de Prensa del CDP, Julia Giuliani, y Franco Ayesa- Carlos Rang, docente universitario, trabajador y delegado de ATE de la Secretaria de Agricultura Familiar de la Naci\u00f3n, y Dami\u00e1n Albornoz, Secretario General de ATE R\u00edo Tercero y trabajador de [&hellip;]<\/p>\n","protected":false},"author":7,"featured_media":25544,"comment_status":"open","ping_status":"open","sticky":true,"template":"","format":"standard","meta":{"_exactmetrics_skip_tracking":false,"_exactmetrics_sitenote_active":false,"_exactmetrics_sitenote_note":"","_exactmetrics_sitenote_category":0,"jnews-multi-image_gallery":[],"jnews_single_post":{"source_name":"","source_url":"","via_name":"","via_url":"","override_template":"0","override":[{"template":"1","single_blog_custom":"","parallax":"1","fullscreen":"0","layout":"right-sidebar","sidebar":"default-sidebar","second_sidebar":"default-sidebar","sticky_sidebar":"1","share_position":"top","share_float_style":"share-monocrhome","show_share_counter":"1","show_view_counter":"1","show_featured":"1","show_post_meta":"1","show_post_author":"1","show_post_author_image":"1","show_post_date":"1","post_date_format":"default","post_date_format_custom":"Y\/m\/d","show_post_category":"1","show_post_reading_time":"0","post_reading_time_wpm":"300","show_zoom_button":"0","zoom_button_out_step":"2","zoom_button_in_step":"3","show_post_tag":"1","show_prev_next_post":"1","show_popup_post":"1","number_popup_post":"1","show_author_box":"0","show_post_related":"0","show_inline_post_related":"0"}],"override_image_size":"0","image_override":[{"single_post_thumbnail_size":"crop-500","single_post_gallery_size":"crop-500"}],"trending_post":"0","trending_post_position":"meta","trending_post_label":"Trending","sponsored_post":"0","sponsored_post_label":"Sponsored by","sponsored_post_name":"","sponsored_post_url":"","sponsored_post_logo_enable":"0","sponsored_post_logo":"","sponsored_post_desc":""},"jnews_primary_category":{"id":""},"jnews_social_meta":{"fb_title":"","fb_description":"","fb_image":"","twitter_title":"","twitter_description":"","twitter_image":""},"jnews_review":[],"enable_review":"0","type":"percentage","name":"","summary":"","brand":"","sku":"","good":[{"good_text":""}],"bad":[{"bad_text":""}],"score_override":"","override_value":"","rating":[{"rating_text":"","rating_number":"10"}],"price":[{"shop":"","price":"","link":"","icon":""}],"jnews_override_counter":{"override_view_counter":"0","view_counter_number":"0","override_share_counter":"0","share_counter_number":"0","override_like_counter":"0","like_counter_number":"0","override_dislike_counter":"0","dislike_counter_number":"0"},"jnews_post_split":{"enable_post_split":"0","post_split":[{"template":"1","tag":"h2","numbering":"asc","mode":"normal"}]},"footnotes":""},"categories":[346],"tags":[812],"class_list":["post-25543","post","type-post","status-publish","format-standard","has-post-thumbnail","hentry","category-prensa-y-comunicacion","tag-entre-todos-y-todas"],"jetpack_featured_media_url":"https:\/\/atecordoba.org\/wp-content\/uploads\/2021\/04\/radio.jpeg","_links":{"self":[{"href":"https:\/\/atecordoba.org\/index.php?rest_route=\/wp\/v2\/posts\/25543","targetHints":{"allow":["GET"]}}],"collection":[{"href":"https:\/\/atecordoba.org\/index.php?rest_route=\/wp\/v2\/posts"}],"about":[{"href":"https:\/\/atecordoba.org\/index.php?rest_route=\/wp\/v2\/types\/post"}],"author":[{"embeddable":true,"href":"https:\/\/atecordoba.org\/index.php?rest_route=\/wp\/v2\/users\/7"}],"replies":[{"embeddable":true,"href":"https:\/\/atecordoba.org\/index.php?rest_route=%2Fwp%2Fv2%2Fcomments&post=25543"}],"version-history":[{"count":6,"href":"https:\/\/atecordoba.org\/index.php?rest_route=\/wp\/v2\/posts\/25543\/revisions"}],"predecessor-version":[{"id":25554,"href":"https:\/\/atecordoba.org\/index.php?rest_route=\/wp\/v2\/posts\/25543\/revisions\/25554"}],"wp:featuredmedia":[{"embeddable":true,"href":"https:\/\/atecordoba.org\/index.php?rest_route=\/wp\/v2\/media\/25544"}],"wp:attachment":[{"href":"https:\/\/atecordoba.org\/index.php?rest_route=%2Fwp%2Fv2%2Fmedia&parent=25543"}],"wp:term":[{"taxonomy":"category","embeddable":true,"href":"https:\/\/atecordoba.org\/index.php?rest_route=%2Fwp%2Fv2%2Fcategories&post=25543"},{"taxonomy":"post_tag","embeddable":true,"href":"https:\/\/atecordoba.org\/index.php?rest_route=%2Fwp%2Fv2%2Ftags&post=25543"}],"curies":[{"name":"wp","href":"https:\/\/api.w.org\/{rel}","templated":true}]}}