{"id":25526,"date":"2021-04-23T12:10:16","date_gmt":"2021-04-23T15:10:16","guid":{"rendered":"https:\/\/atecordoba.org\/?p=25526"},"modified":"2021-04-23T12:24:07","modified_gmt":"2021-04-23T15:24:07","slug":"el-cdp-tendra-su-propia-capacitacion-interna","status":"publish","type":"post","link":"https:\/\/atecordoba.org\/?p=25526","title":{"rendered":"El Consejo Directivo Provincial tendr\u00e1 su propia capacitaci\u00f3n interna"},"content":{"rendered":"<div style='display:none' class=\"jeg_preview_slider gallery_1\" data-selector='gallery_1'>\n                        <div class=\"jeg_preview_holder\">\n                            <div class=\"jeg_preview_media\">\n                        <div class=\"jeg_preview_media_holder\">\n                            <h3>&nbsp;<\/h3>\n                            <div class=\"fullscreen-switch\">\n                                <i class=\"fa\"><\/i>\n                            <\/div>\n                            <div class=\"jeg_preview_media_content\">\n                                <div class=\"jeg_preview_media_content_holder_padding\">\n                                    <div class=\"jeg_preview_media_content_holder\"><\/div>\n                                <\/div>\n                                <div class=\"jeg_preview_media_content_navigation\">\n                                    <div class=\"prev\">\n\t\t\t\t\t\t\t\t\t\t<i class=\"fa\"><\/i>\n\t\t\t\t\t\t\t\t\t<\/div>\n                                    <div class=\"next\">\n\t\t\t\t\t\t\t\t\t\t<i class=\"fa\"><\/i>\n\t\t\t\t\t\t\t\t\t<\/div>\n                                <\/div>\n                                <div class='preview-slider-overlay'>\n                                    <div class='preloader_type preloader_dot'>\n                                        <div class=\"module-preloader jeg_preloader dot\">\n                                            <span><\/span><span><\/span><span><\/span>\n                                        <\/div>\n                                        <div class=\"module-preloader jeg_preloader circle\">\n                                            <div class=\"jnews_preloader_circle_outer\">\n                                                <div class=\"jnews_preloader_circle_inner\"><\/div>\n                                            <\/div>\n                                        <\/div>\n                                        <div class=\"module-preloader jeg_preloader square\">\n                                            <div class=\"jeg_square\">\n                                                <div class=\"jeg_square_inner\"><\/div>\n                                            <\/div>\n                                        <\/div>\n                                    <\/div>\n                                <\/div>\n                            <\/div>\n                            <div class=\"jeg_preview_control\">\n                                <div class=\"left_control\">\n                                    <div class=\"counter\"><span class=\"current\">1<\/span> de  7<\/div>\n                                    <div class=\"subtitle\"><\/div>\n                                <\/div>\n                                <div class=\"zoom\">\n                                    <span class=\"reduce\">-<\/span>\n                                    <span class=\"increase\">+<\/span>\n                                <\/div>\n                            <\/div>\n                        <\/div>\n                    <\/div>\n\n                    <div class=\"jeg_preview_bottom_slider\">\n                        <a data-id=\"0\" data-title=\"\" data-image=\"https:\/\/atecordoba.org\/wp-content\/uploads\/2021\/04\/23-04-Formaci\u00f3n-CDP-Interna-4.jpeg\" href=\"https:\/\/atecordoba.org\/wp-content\/uploads\/2021\/04\/23-04-Formaci\u00f3n-CDP-Interna-4.jpeg\" class=\"jeg_preview_item active\">\n                            <div class=\"jeg_preview_item_thumbnail\">\n                                <img loading=\"lazy\" decoding=\"async\" width=\"120\" height=\"86\" src=\"https:\/\/atecordoba.org\/wp-content\/uploads\/2021\/04\/23-04-Formaci\u00f3n-CDP-Interna-4-120x86.jpeg\" class=\"attachment-jnews-120x86 size-jnews-120x86\" alt=\"\" srcset=\"https:\/\/atecordoba.org\/wp-content\/uploads\/2021\/04\/23-04-Formaci\u00f3n-CDP-Interna-4-120x86.jpeg 120w, https:\/\/atecordoba.org\/wp-content\/uploads\/2021\/04\/23-04-Formaci\u00f3n-CDP-Interna-4-350x250.jpeg 350w, https:\/\/atecordoba.org\/wp-content\/uploads\/2021\/04\/23-04-Formaci\u00f3n-CDP-Interna-4-750x536.jpeg 750w\" sizes=\"auto, (max-width: 120px) 100vw, 120px\" \/>\n                            <\/div>\n                        <\/a><a data-id=\"1\" data-title=\"\" data-image=\"https:\/\/atecordoba.org\/wp-content\/uploads\/2021\/04\/23-04-Formaci\u00f3n-CDP-Interna-5.jpeg\" href=\"https:\/\/atecordoba.org\/wp-content\/uploads\/2021\/04\/23-04-Formaci\u00f3n-CDP-Interna-5.jpeg\" class=\"jeg_preview_item \">\n                            <div class=\"jeg_preview_item_thumbnail\">\n                                <img loading=\"lazy\" decoding=\"async\" width=\"120\" height=\"86\" src=\"https:\/\/atecordoba.org\/wp-content\/uploads\/2021\/04\/23-04-Formaci\u00f3n-CDP-Interna-5-120x86.jpeg\" class=\"attachment-jnews-120x86 size-jnews-120x86\" alt=\"\" srcset=\"https:\/\/atecordoba.org\/wp-content\/uploads\/2021\/04\/23-04-Formaci\u00f3n-CDP-Interna-5-120x86.jpeg 120w, https:\/\/atecordoba.org\/wp-content\/uploads\/2021\/04\/23-04-Formaci\u00f3n-CDP-Interna-5-350x250.jpeg 350w, https:\/\/atecordoba.org\/wp-content\/uploads\/2021\/04\/23-04-Formaci\u00f3n-CDP-Interna-5-750x536.jpeg 750w\" sizes=\"auto, (max-width: 120px) 100vw, 120px\" \/>\n                            <\/div>\n                        <\/a><a data-id=\"2\" data-title=\"\" data-image=\"https:\/\/atecordoba.org\/wp-content\/uploads\/2021\/04\/23-04-Formaci\u00f3n-CDP-Interna-6.jpeg\" href=\"https:\/\/atecordoba.org\/wp-content\/uploads\/2021\/04\/23-04-Formaci\u00f3n-CDP-Interna-6.jpeg\" class=\"jeg_preview_item \">\n                            <div class=\"jeg_preview_item_thumbnail\">\n                                <img loading=\"lazy\" decoding=\"async\" width=\"120\" height=\"86\" src=\"https:\/\/atecordoba.org\/wp-content\/uploads\/2021\/04\/23-04-Formaci\u00f3n-CDP-Interna-6-120x86.jpeg\" class=\"attachment-jnews-120x86 size-jnews-120x86\" alt=\"\" srcset=\"https:\/\/atecordoba.org\/wp-content\/uploads\/2021\/04\/23-04-Formaci\u00f3n-CDP-Interna-6-120x86.jpeg 120w, https:\/\/atecordoba.org\/wp-content\/uploads\/2021\/04\/23-04-Formaci\u00f3n-CDP-Interna-6-350x250.jpeg 350w, https:\/\/atecordoba.org\/wp-content\/uploads\/2021\/04\/23-04-Formaci\u00f3n-CDP-Interna-6-750x536.jpeg 750w\" sizes=\"auto, (max-width: 120px) 100vw, 120px\" \/>\n                            <\/div>\n                        <\/a><a data-id=\"3\" data-title=\"\" data-image=\"https:\/\/atecordoba.org\/wp-content\/uploads\/2021\/04\/23-04-Formaci\u00f3n-CDP-Interna-7.jpeg\" href=\"https:\/\/atecordoba.org\/wp-content\/uploads\/2021\/04\/23-04-Formaci\u00f3n-CDP-Interna-7.jpeg\" class=\"jeg_preview_item \">\n                            <div class=\"jeg_preview_item_thumbnail\">\n                                <img loading=\"lazy\" decoding=\"async\" width=\"120\" height=\"86\" src=\"https:\/\/atecordoba.org\/wp-content\/uploads\/2021\/04\/23-04-Formaci\u00f3n-CDP-Interna-7-120x86.jpeg\" class=\"attachment-jnews-120x86 size-jnews-120x86\" alt=\"\" srcset=\"https:\/\/atecordoba.org\/wp-content\/uploads\/2021\/04\/23-04-Formaci\u00f3n-CDP-Interna-7-120x86.jpeg 120w, https:\/\/atecordoba.org\/wp-content\/uploads\/2021\/04\/23-04-Formaci\u00f3n-CDP-Interna-7-350x250.jpeg 350w, https:\/\/atecordoba.org\/wp-content\/uploads\/2021\/04\/23-04-Formaci\u00f3n-CDP-Interna-7-750x536.jpeg 750w\" sizes=\"auto, (max-width: 120px) 100vw, 120px\" \/>\n                            <\/div>\n                        <\/a><a data-id=\"4\" data-title=\"\" data-image=\"https:\/\/atecordoba.org\/wp-content\/uploads\/2021\/04\/23-04-Formaci\u00f3n-CDP-Interna.jpeg\" href=\"https:\/\/atecordoba.org\/wp-content\/uploads\/2021\/04\/23-04-Formaci\u00f3n-CDP-Interna.jpeg\" class=\"jeg_preview_item \">\n                            <div class=\"jeg_preview_item_thumbnail\">\n                                <img loading=\"lazy\" decoding=\"async\" width=\"120\" height=\"86\" src=\"https:\/\/atecordoba.org\/wp-content\/uploads\/2021\/04\/23-04-Formaci\u00f3n-CDP-Interna-120x86.jpeg\" class=\"attachment-jnews-120x86 size-jnews-120x86\" alt=\"\" srcset=\"https:\/\/atecordoba.org\/wp-content\/uploads\/2021\/04\/23-04-Formaci\u00f3n-CDP-Interna-120x86.jpeg 120w, https:\/\/atecordoba.org\/wp-content\/uploads\/2021\/04\/23-04-Formaci\u00f3n-CDP-Interna-350x250.jpeg 350w, https:\/\/atecordoba.org\/wp-content\/uploads\/2021\/04\/23-04-Formaci\u00f3n-CDP-Interna-750x536.jpeg 750w\" sizes=\"auto, (max-width: 120px) 100vw, 120px\" \/>\n                            <\/div>\n                        <\/a><a data-id=\"5\" data-title=\"\" data-image=\"https:\/\/atecordoba.org\/wp-content\/uploads\/2021\/04\/23-04-Formaci\u00f3n-CDP-Interna-2.jpeg\" href=\"https:\/\/atecordoba.org\/wp-content\/uploads\/2021\/04\/23-04-Formaci\u00f3n-CDP-Interna-2.jpeg\" class=\"jeg_preview_item \">\n                            <div class=\"jeg_preview_item_thumbnail\">\n                                <img loading=\"lazy\" decoding=\"async\" width=\"120\" height=\"86\" src=\"https:\/\/atecordoba.org\/wp-content\/uploads\/2021\/04\/23-04-Formaci\u00f3n-CDP-Interna-2-120x86.jpeg\" class=\"attachment-jnews-120x86 size-jnews-120x86\" alt=\"\" srcset=\"https:\/\/atecordoba.org\/wp-content\/uploads\/2021\/04\/23-04-Formaci\u00f3n-CDP-Interna-2-120x86.jpeg 120w, https:\/\/atecordoba.org\/wp-content\/uploads\/2021\/04\/23-04-Formaci\u00f3n-CDP-Interna-2-350x250.jpeg 350w, https:\/\/atecordoba.org\/wp-content\/uploads\/2021\/04\/23-04-Formaci\u00f3n-CDP-Interna-2-750x536.jpeg 750w\" sizes=\"auto, (max-width: 120px) 100vw, 120px\" \/>\n                            <\/div>\n                        <\/a><a data-id=\"6\" data-title=\"\" data-image=\"https:\/\/atecordoba.org\/wp-content\/uploads\/2021\/04\/23-04-Formaci\u00f3n-CDP-Interna-3.jpeg\" href=\"https:\/\/atecordoba.org\/wp-content\/uploads\/2021\/04\/23-04-Formaci\u00f3n-CDP-Interna-3.jpeg\" class=\"jeg_preview_item \">\n                            <div class=\"jeg_preview_item_thumbnail\">\n                                <img loading=\"lazy\" decoding=\"async\" width=\"120\" height=\"86\" src=\"https:\/\/atecordoba.org\/wp-content\/uploads\/2021\/04\/23-04-Formaci\u00f3n-CDP-Interna-3-120x86.jpeg\" class=\"attachment-jnews-120x86 size-jnews-120x86\" alt=\"\" srcset=\"https:\/\/atecordoba.org\/wp-content\/uploads\/2021\/04\/23-04-Formaci\u00f3n-CDP-Interna-3-120x86.jpeg 120w, https:\/\/atecordoba.org\/wp-content\/uploads\/2021\/04\/23-04-Formaci\u00f3n-CDP-Interna-3-350x250.jpeg 350w, https:\/\/atecordoba.org\/wp-content\/uploads\/2021\/04\/23-04-Formaci\u00f3n-CDP-Interna-3-750x536.jpeg 750w\" sizes=\"auto, (max-width: 120px) 100vw, 120px\" \/>\n                            <\/div>\n                        <\/a>\n                    <\/div>\n                        <\/div>\n                        <div class=\"jeg_preview_description\">\n                            \n                            <div class=\"jeg_preview_description_wrapper\">\n                            \n                            <\/div>\n                        <\/div>\n                        <script>\n                            var gallery_1 = {\n                                rtl: false,\n                                native_zoom: false,\n                                zoom_max: 5,\n                                zoom_step: 40,\n                                image_sequence: [{\"src\":\"https:\\\/\\\/atecordoba.org\\\/wp-content\\\/uploads\\\/2021\\\/04\\\/23-04-Formaci\\u00f3n-CDP-Interna-4.jpeg\",\"w\":1032,\"h\":581,\"title\":\"\"},{\"src\":\"https:\\\/\\\/atecordoba.org\\\/wp-content\\\/uploads\\\/2021\\\/04\\\/23-04-Formaci\\u00f3n-CDP-Interna-5.jpeg\",\"w\":1032,\"h\":581,\"title\":\"\"},{\"src\":\"https:\\\/\\\/atecordoba.org\\\/wp-content\\\/uploads\\\/2021\\\/04\\\/23-04-Formaci\\u00f3n-CDP-Interna-6.jpeg\",\"w\":1032,\"h\":581,\"title\":\"\"},{\"src\":\"https:\\\/\\\/atecordoba.org\\\/wp-content\\\/uploads\\\/2021\\\/04\\\/23-04-Formaci\\u00f3n-CDP-Interna-7.jpeg\",\"w\":1032,\"h\":581,\"title\":\"\"},{\"src\":\"https:\\\/\\\/atecordoba.org\\\/wp-content\\\/uploads\\\/2021\\\/04\\\/23-04-Formaci\\u00f3n-CDP-Interna.jpeg\",\"w\":1032,\"h\":581,\"title\":\"\"},{\"src\":\"https:\\\/\\\/atecordoba.org\\\/wp-content\\\/uploads\\\/2021\\\/04\\\/23-04-Formaci\\u00f3n-CDP-Interna-2.jpeg\",\"w\":1032,\"h\":581,\"title\":\"\"},{\"src\":\"https:\\\/\\\/atecordoba.org\\\/wp-content\\\/uploads\\\/2021\\\/04\\\/23-04-Formaci\\u00f3n-CDP-Interna-3.jpeg\",\"w\":1032,\"h\":581,\"title\":\"\"}]\n                            };\n                        <\/script>\n                    <\/div>\n<p>Como parte del proceso general de formaci\u00f3n de cuadros que lleva adelante ATE C\u00f3rdoba, hoy comenz\u00f3 la capacitaci\u00f3n interna de un grupo de integrantes de la Comisi\u00f3n Directiva del Consejo Directivo Provincial (CDP), organizada por la Secretaria de Formaci\u00f3n a cargo de C\u00e9sar Theaux.<\/p>\n<p>En la oportunidad el secretario General Federico Giuliani, hizo una apertura saludando la importancia de la formaci\u00f3n de cuadros la integralidad.<\/p>\n<p>A su vez, Theaux explic\u00f3 que &#8220;la idea de la actividad es formarnos dentro del CDP y unificar criterios de trabajo. Hay que entender que ya no somos representantes de un sector sino que somos parte de una conducci\u00f3n provincial que incluye estatales municipales, provinciales y nacionales. Esto es algo que debemos empezar a aprender, ten\u00edamos demora porque son actividades que no se pueden hacer virtuales y porque todos cometemos el error, incluso yo como secretario de Formaci\u00f3n, de creer que la capacitaci\u00f3n es para todos menos para uno. Pero esta es una formaci\u00f3n que necesitamos de manera urgente&#8221;.<\/p>\n<p>Y agreg\u00f3: &#8220;el capacitador es Ricardo Bertone, conocido actor cordob\u00e9s y militante, que nos puede ayudar a pensar el futuro de ATE C\u00f3rdoba, por lo menos, en los pr\u00f3ximos 8 a\u00f1os&#8221;.<\/p>\n<p>Vale se\u00f1alar que se armaron grupos de 8 a 10 personas, y cada burbuja tendr\u00e1 al menos 10 eventos mensuales. Posteriormente se van a incorporar nuevos capacitadores para otras burbujas.<\/p>\n<p>&nbsp;<\/p>\n<p>&nbsp;<\/p>\n","protected":false},"excerpt":{"rendered":"<p>Como parte del proceso general de formaci\u00f3n de cuadros que lleva adelante ATE C\u00f3rdoba, hoy comenz\u00f3 la capacitaci\u00f3n interna de un grupo de integrantes de la Comisi\u00f3n Directiva del Consejo Directivo Provincial (CDP), organizada por la Secretaria de Formaci\u00f3n a cargo de C\u00e9sar Theaux. En la oportunidad el secretario General Federico Giuliani, hizo una apertura [&hellip;]<\/p>\n","protected":false},"author":7,"featured_media":25529,"comment_status":"open","ping_status":"open","sticky":true,"template":"","format":"standard","meta":{"_exactmetrics_skip_tracking":false,"_exactmetrics_sitenote_active":false,"_exactmetrics_sitenote_note":"","_exactmetrics_sitenote_category":0,"jnews-multi-image_gallery":[],"jnews_single_post":{"source_name":"","source_url":"","via_name":"","via_url":"","override_template":"0","override":[{"template":"1","single_blog_custom":"","parallax":"1","fullscreen":"0","layout":"right-sidebar","sidebar":"default-sidebar","second_sidebar":"default-sidebar","sticky_sidebar":"1","share_position":"top","share_float_style":"share-monocrhome","show_share_counter":"1","show_view_counter":"1","show_featured":"1","show_post_meta":"1","show_post_author":"1","show_post_author_image":"1","show_post_date":"1","post_date_format":"default","post_date_format_custom":"Y\/m\/d","show_post_category":"1","show_post_reading_time":"0","post_reading_time_wpm":"300","show_zoom_button":"0","zoom_button_out_step":"2","zoom_button_in_step":"3","show_post_tag":"1","show_prev_next_post":"1","show_popup_post":"1","number_popup_post":"1","show_author_box":"0","show_post_related":"0","show_inline_post_related":"0"}],"override_image_size":"0","image_override":[{"single_post_thumbnail_size":"crop-500","single_post_gallery_size":"crop-500"}],"trending_post":"0","trending_post_position":"meta","trending_post_label":"Trending","sponsored_post":"0","sponsored_post_label":"Sponsored by","sponsored_post_name":"","sponsored_post_url":"","sponsored_post_logo_enable":"0","sponsored_post_logo":"","sponsored_post_desc":""},"jnews_primary_category":{"id":""},"jnews_social_meta":{"fb_title":"","fb_description":"","fb_image":"","twitter_title":"","twitter_description":"","twitter_image":""},"jnews_review":[],"enable_review":"0","type":"percentage","name":"","summary":"","brand":"","sku":"","good":[{"good_text":""}],"bad":[{"bad_text":""}],"score_override":"","override_value":"","rating":[{"rating_text":"","rating_number":"10"}],"price":[{"shop":"","price":"","link":"","icon":""}],"jnews_override_counter":{"override_view_counter":"0","view_counter_number":"0","override_share_counter":"0","share_counter_number":"0","override_like_counter":"0","like_counter_number":"0","override_dislike_counter":"0","dislike_counter_number":"0"},"jnews_post_split":{"enable_post_split":"0","post_split":[{"template":"1","tag":"h2","numbering":"asc","mode":"normal"}]},"footnotes":""},"categories":[88],"tags":[],"class_list":["post-25526","post","type-post","status-publish","format-standard","has-post-thumbnail","hentry","category-formacion"],"jetpack_featured_media_url":"https:\/\/atecordoba.org\/wp-content\/uploads\/2021\/04\/23-04-Formaci\u00f3n-CDP-Interna-6.jpeg","_links":{"self":[{"href":"https:\/\/atecordoba.org\/index.php?rest_route=\/wp\/v2\/posts\/25526","targetHints":{"allow":["GET"]}}],"collection":[{"href":"https:\/\/atecordoba.org\/index.php?rest_route=\/wp\/v2\/posts"}],"about":[{"href":"https:\/\/atecordoba.org\/index.php?rest_route=\/wp\/v2\/types\/post"}],"author":[{"embeddable":true,"href":"https:\/\/atecordoba.org\/index.php?rest_route=\/wp\/v2\/users\/7"}],"replies":[{"embeddable":true,"href":"https:\/\/atecordoba.org\/index.php?rest_route=%2Fwp%2Fv2%2Fcomments&post=25526"}],"version-history":[{"count":2,"href":"https:\/\/atecordoba.org\/index.php?rest_route=\/wp\/v2\/posts\/25526\/revisions"}],"predecessor-version":[{"id":25535,"href":"https:\/\/atecordoba.org\/index.php?rest_route=\/wp\/v2\/posts\/25526\/revisions\/25535"}],"wp:featuredmedia":[{"embeddable":true,"href":"https:\/\/atecordoba.org\/index.php?rest_route=\/wp\/v2\/media\/25529"}],"wp:attachment":[{"href":"https:\/\/atecordoba.org\/index.php?rest_route=%2Fwp%2Fv2%2Fmedia&parent=25526"}],"wp:term":[{"taxonomy":"category","embeddable":true,"href":"https:\/\/atecordoba.org\/index.php?rest_route=%2Fwp%2Fv2%2Fcategories&post=25526"},{"taxonomy":"post_tag","embeddable":true,"href":"https:\/\/atecordoba.org\/index.php?rest_route=%2Fwp%2Fv2%2Ftags&post=25526"}],"curies":[{"name":"wp","href":"https:\/\/api.w.org\/{rel}","templated":true}]}}