{"id":25513,"date":"2021-04-22T14:56:09","date_gmt":"2021-04-22T17:56:09","guid":{"rendered":"https:\/\/atecordoba.org\/?p=25513"},"modified":"2021-04-22T14:58:21","modified_gmt":"2021-04-22T17:58:21","slug":"el-secretario-general-de-ate-y-ctaa-cordoba-participa-del-4o-congreso-continental-de-la-central-sindical-de-las-americas","status":"publish","type":"post","link":"https:\/\/atecordoba.org\/?p=25513","title":{"rendered":"El secretario General de ATE y CTAA C\u00f3rdoba participa del 4\u00ba Congreso Continental de la Central Sindical de las Am\u00e9ricas"},"content":{"rendered":"<p><img loading=\"lazy\" decoding=\"async\" class=\" wp-image-25514 aligncenter\" src=\"https:\/\/atecordoba.org\/wp-content\/uploads\/2021\/04\/WhatsApp-Image-2021-04-22-at-13.56.30-300x169.jpeg\" alt=\"\" width=\"600\" height=\"338\" srcset=\"https:\/\/atecordoba.org\/wp-content\/uploads\/2021\/04\/WhatsApp-Image-2021-04-22-at-13.56.30-300x169.jpeg 300w, https:\/\/atecordoba.org\/wp-content\/uploads\/2021\/04\/WhatsApp-Image-2021-04-22-at-13.56.30-1024x575.jpeg 1024w, https:\/\/atecordoba.org\/wp-content\/uploads\/2021\/04\/WhatsApp-Image-2021-04-22-at-13.56.30-768x431.jpeg 768w, https:\/\/atecordoba.org\/wp-content\/uploads\/2021\/04\/WhatsApp-Image-2021-04-22-at-13.56.30-750x421.jpeg 750w, https:\/\/atecordoba.org\/wp-content\/uploads\/2021\/04\/WhatsApp-Image-2021-04-22-at-13.56.30-1140x640.jpeg 1140w, https:\/\/atecordoba.org\/wp-content\/uploads\/2021\/04\/WhatsApp-Image-2021-04-22-at-13.56.30.jpeg 1280w\" sizes=\"auto, (max-width: 600px) 100vw, 600px\" \/>La Central Sindical de las Am\u00e9ricas (CSA) est\u00e1 integrada por 48 organizaciones sindicales de 21 pa\u00edses y representa a 55 millones de trabajadores y trabajadoras.<\/p>\n<p>En esta edici\u00f3n, de car\u00e1cter virtual por la pandemia de Covid-19,\u00a0 el secretario General de ATE C\u00f3rdoba y CTAA, Federico Giuliani, C\u00f3rdoba integra la comitiva argentina junto al secretario General de ATE Argentina, Hugo Godoy, y al secretario General de la CTAA Nacional, Ricardo Peydro.<\/p>\n<p>En la convocatoria la CSA alert\u00f3 que la defensa de las fuerzas populares y las opciones democr\u00e1ticas &#8220;es un gran desaf\u00edo que necesita del instrumento hist\u00f3rico de los trabajadores\/as: los sindicatos. La confederaci\u00f3n sindical asume el compromiso de defender m\u00e1s que nunca los derechos y los avances conquistados por la clase trabajadora, reafirma su el sindicalismo socio pol\u00edtico como lineamiento y hace un llamamiento a la organizaci\u00f3n\u201d.<\/p>\n<p>El congreso se extender\u00e1 hasta ma\u00f1ana 23 de abril y se transmite simult\u00e1neamente en tres idiomas: castellano, portugu\u00e9s e ingl\u00e9s.\u00a0Est\u00e1n acreditados121 sindicatos.<\/p>\n<p>&nbsp;<\/p>\n","protected":false},"excerpt":{"rendered":"<p>La Central Sindical de las Am\u00e9ricas (CSA) est\u00e1 integrada por 48 organizaciones sindicales de 21 pa\u00edses y representa a 55 millones de trabajadores y trabajadoras. En esta edici\u00f3n, de car\u00e1cter virtual por la pandemia de Covid-19,\u00a0 el secretario General de ATE C\u00f3rdoba y CTAA, Federico Giuliani, C\u00f3rdoba integra la comitiva argentina junto al secretario General [&hellip;]<\/p>\n","protected":false},"author":7,"featured_media":25514,"comment_status":"open","ping_status":"open","sticky":true,"template":"","format":"standard","meta":{"_exactmetrics_skip_tracking":false,"_exactmetrics_sitenote_active":false,"_exactmetrics_sitenote_note":"","_exactmetrics_sitenote_category":0,"jnews-multi-image_gallery":[],"jnews_single_post":{"source_name":"","source_url":"","via_name":"","via_url":"","override_template":"0","override":[{"template":"1","single_blog_custom":"","parallax":"1","fullscreen":"0","layout":"right-sidebar","sidebar":"default-sidebar","second_sidebar":"default-sidebar","sticky_sidebar":"1","share_position":"top","share_float_style":"share-monocrhome","show_share_counter":"1","show_view_counter":"1","show_featured":"1","show_post_meta":"1","show_post_author":"1","show_post_author_image":"1","show_post_date":"1","post_date_format":"default","post_date_format_custom":"Y\/m\/d","show_post_category":"1","show_post_reading_time":"0","post_reading_time_wpm":"300","show_zoom_button":"0","zoom_button_out_step":"2","zoom_button_in_step":"3","show_post_tag":"1","show_prev_next_post":"1","show_popup_post":"1","number_popup_post":"1","show_author_box":"0","show_post_related":"0","show_inline_post_related":"0"}],"override_image_size":"0","image_override":[{"single_post_thumbnail_size":"crop-500","single_post_gallery_size":"crop-500"}],"trending_post":"0","trending_post_position":"meta","trending_post_label":"Trending","sponsored_post":"0","sponsored_post_label":"Sponsored by","sponsored_post_name":"","sponsored_post_url":"","sponsored_post_logo_enable":"0","sponsored_post_logo":"","sponsored_post_desc":""},"jnews_primary_category":{"id":""},"jnews_social_meta":{"fb_title":"","fb_description":"","fb_image":"","twitter_title":"","twitter_description":"","twitter_image":""},"jnews_review":[],"enable_review":"0","type":"percentage","name":"","summary":"","brand":"","sku":"","good":[{"good_text":""}],"bad":[{"bad_text":""}],"score_override":"","override_value":"","rating":[{"rating_text":"","rating_number":"10"}],"price":[{"shop":"","price":"","link":"","icon":""}],"jnews_override_counter":{"override_view_counter":"0","view_counter_number":"0","override_share_counter":"0","share_counter_number":"0","override_like_counter":"0","like_counter_number":"0","override_dislike_counter":"0","dislike_counter_number":"0"},"jnews_post_split":{"enable_post_split":"0","post_split":[{"template":"1","tag":"h2","numbering":"asc","mode":"normal"}]},"footnotes":""},"categories":[10],"tags":[811],"class_list":["post-25513","post","type-post","status-publish","format-standard","has-post-thumbnail","hentry","category-accion-politica","tag-csa-central-sindical-de-las-americas"],"jetpack_featured_media_url":"https:\/\/atecordoba.org\/wp-content\/uploads\/2021\/04\/WhatsApp-Image-2021-04-22-at-13.56.30.jpeg","_links":{"self":[{"href":"https:\/\/atecordoba.org\/index.php?rest_route=\/wp\/v2\/posts\/25513","targetHints":{"allow":["GET"]}}],"collection":[{"href":"https:\/\/atecordoba.org\/index.php?rest_route=\/wp\/v2\/posts"}],"about":[{"href":"https:\/\/atecordoba.org\/index.php?rest_route=\/wp\/v2\/types\/post"}],"author":[{"embeddable":true,"href":"https:\/\/atecordoba.org\/index.php?rest_route=\/wp\/v2\/users\/7"}],"replies":[{"embeddable":true,"href":"https:\/\/atecordoba.org\/index.php?rest_route=%2Fwp%2Fv2%2Fcomments&post=25513"}],"version-history":[{"count":4,"href":"https:\/\/atecordoba.org\/index.php?rest_route=\/wp\/v2\/posts\/25513\/revisions"}],"predecessor-version":[{"id":25518,"href":"https:\/\/atecordoba.org\/index.php?rest_route=\/wp\/v2\/posts\/25513\/revisions\/25518"}],"wp:featuredmedia":[{"embeddable":true,"href":"https:\/\/atecordoba.org\/index.php?rest_route=\/wp\/v2\/media\/25514"}],"wp:attachment":[{"href":"https:\/\/atecordoba.org\/index.php?rest_route=%2Fwp%2Fv2%2Fmedia&parent=25513"}],"wp:term":[{"taxonomy":"category","embeddable":true,"href":"https:\/\/atecordoba.org\/index.php?rest_route=%2Fwp%2Fv2%2Fcategories&post=25513"},{"taxonomy":"post_tag","embeddable":true,"href":"https:\/\/atecordoba.org\/index.php?rest_route=%2Fwp%2Fv2%2Ftags&post=25513"}],"curies":[{"name":"wp","href":"https:\/\/api.w.org\/{rel}","templated":true}]}}