{"id":25500,"date":"2021-04-22T12:54:56","date_gmt":"2021-04-22T15:54:56","guid":{"rendered":"https:\/\/atecordoba.org\/?p=25500"},"modified":"2021-04-22T12:54:56","modified_gmt":"2021-04-22T15:54:56","slug":"senasa-comenzo-a-funcionar-la-mesa-de-relaciones-laborales-del-centro-regional-cordoba","status":"publish","type":"post","link":"https:\/\/atecordoba.org\/?p=25500","title":{"rendered":"SENASA: comenz\u00f3 a funcionar la mesa de relaciones laborales del Centro Regional C\u00f3rdoba"},"content":{"rendered":"<p><img loading=\"lazy\" decoding=\"async\" class=\" wp-image-25501 aligncenter\" src=\"https:\/\/atecordoba.org\/wp-content\/uploads\/2021\/04\/zoom-senasa21-3-300x157.jpg\" alt=\"\" width=\"602\" height=\"315\" srcset=\"https:\/\/atecordoba.org\/wp-content\/uploads\/2021\/04\/zoom-senasa21-3-300x157.jpg 300w, https:\/\/atecordoba.org\/wp-content\/uploads\/2021\/04\/zoom-senasa21-3-1024x536.jpg 1024w, https:\/\/atecordoba.org\/wp-content\/uploads\/2021\/04\/zoom-senasa21-3-768x402.jpg 768w, https:\/\/atecordoba.org\/wp-content\/uploads\/2021\/04\/zoom-senasa21-3-750x393.jpg 750w, https:\/\/atecordoba.org\/wp-content\/uploads\/2021\/04\/zoom-senasa21-3-1140x597.jpg 1140w, https:\/\/atecordoba.org\/wp-content\/uploads\/2021\/04\/zoom-senasa21-3.jpg 1280w\" sizes=\"auto, (max-width: 602px) 100vw, 602px\" \/>Ayer se llev\u00f3 a cabo la primera reuni\u00f3n de la mesa de relaciones laborales del Centro Regional C\u00f3rdoba de SENASA, donde ATE particip\u00f3 con una comitiva que encabez\u00f3 el secretario General del Consejo Directo Provincial (CDP), Federico Giuliani, y el cuerpo de delegados del sector.<\/p>\n<p>Se destac\u00f3, en representaci\u00f3n de la patronal, la participaci\u00f3n del nuevo director del Centro Regional C\u00f3rdoba, Gustavo Zavaleta, y autoridades nacionales como el director nacional de RRHH, Vladimir Smolin, y el coordinador general de RRHH, Demian Lainoz, junto a coordinadores tem\u00e1ticos y supervisores.<\/p>\n<p>En la oportunidad, los presentes recordaron\u00a0al compa\u00f1ero Pablo Pucheta, fallecido la semana pasada por Covid-19 y trabajador de Senasa.<\/p>\n<p>&#8220;Trabajaba en condiciones de precariedad laboral y su caso visibiliza la necesidad de vacunar de manera urgente al personal del organismo que se encuentra realizando tareas esenciales, m\u00e1s aun aquellas con enfermedades preexistentes o mayores de 60 a\u00f1os&#8221;, destac\u00f3 Alejandra Agnone, delegada de ATE.<\/p>\n<p>Entre los planteos principales se plasm\u00f3 en la reuni\u00f3n:<\/p>\n<ul>\n<li>aumento salarial de emergencia y pase a planta permanente del personal precarizado, que es la mayor\u00eda de las y los trabajadores en C\u00f3rdoba del organismo.<\/li>\n<li>el blanqueo de los servicios requeridos que se prestan en C\u00f3rdoba y la necesidad de establecer un adelanto de vi\u00e1ticos<\/li>\n<li>designaci\u00f3n de personal, ya que son muy poco en la provincia as\u00ed como el pago de los peajes para solventar la movilidad de las y los trabajadores.<\/li>\n<li>que la figura de asistente t\u00e9cnico, como era Pucheta, se categorice como actividad t\u00e9cnica, cambio que repercute en el salario y la jornada laboral.<\/li>\n<li>mantener la antig\u00fcedad del personal que pase a planta permanente que impacta en el c\u00e1lculo salarial.<\/li>\n<li>implementaci\u00f3n de los protocolos de seguridad<\/li>\n<li>implementaci\u00f3n de la tasa aeroportuaria para los trabajadores del Aeropuerto Internacional C\u00f3rdoba, reclamo en conjunto con Ezeiza.<\/li>\n<li>que las oficinas locales no funcionen en la Sociedad Rural.<\/li>\n<li>apertura de una subdelegaci\u00f3n de Cymat en la provincia, para tratar cuestiones relacionadas con salud e higiene en el trabajo.<\/li>\n<\/ul>\n<p>Desde ATE-SENASA destacaron &#8220;la importancia de la constituci\u00f3n de la mesa de relaciones laborales para canalizar demandas locales y qued\u00f3 establecida una agenda pendiente para ir solucionando de manera operativa los problemas que van surgiendo, m\u00e1s all\u00e1 de los actos paritarios nacionales&#8221;.<\/p>\n<p>&nbsp;<\/p>\n<p>&nbsp;<\/p>\n<p>&nbsp;<\/p>\n","protected":false},"excerpt":{"rendered":"<p>Ayer se llev\u00f3 a cabo la primera reuni\u00f3n de la mesa de relaciones laborales del Centro Regional C\u00f3rdoba de SENASA, donde ATE particip\u00f3 con una comitiva que encabez\u00f3 el secretario General del Consejo Directo Provincial (CDP), Federico Giuliani, y el cuerpo de delegados del sector. Se destac\u00f3, en representaci\u00f3n de la patronal, la participaci\u00f3n del [&hellip;]<\/p>\n","protected":false},"author":7,"featured_media":25501,"comment_status":"open","ping_status":"open","sticky":true,"template":"","format":"standard","meta":{"_exactmetrics_skip_tracking":false,"_exactmetrics_sitenote_active":false,"_exactmetrics_sitenote_note":"","_exactmetrics_sitenote_category":0,"jnews-multi-image_gallery":[],"jnews_single_post":{"source_name":"","source_url":"","via_name":"","via_url":"","override_template":"0","override":[{"template":"1","single_blog_custom":"","parallax":"1","fullscreen":"0","layout":"right-sidebar","sidebar":"default-sidebar","second_sidebar":"default-sidebar","sticky_sidebar":"1","share_position":"top","share_float_style":"share-monocrhome","show_share_counter":"1","show_view_counter":"1","show_featured":"1","show_post_meta":"1","show_post_author":"1","show_post_author_image":"1","show_post_date":"1","post_date_format":"default","post_date_format_custom":"Y\/m\/d","show_post_category":"1","show_post_reading_time":"0","post_reading_time_wpm":"300","show_zoom_button":"0","zoom_button_out_step":"2","zoom_button_in_step":"3","show_post_tag":"1","show_prev_next_post":"1","show_popup_post":"1","number_popup_post":"1","show_author_box":"0","show_post_related":"0","show_inline_post_related":"0"}],"override_image_size":"0","image_override":[{"single_post_thumbnail_size":"crop-500","single_post_gallery_size":"crop-500"}],"trending_post":"0","trending_post_position":"meta","trending_post_label":"Trending","sponsored_post":"0","sponsored_post_label":"Sponsored by","sponsored_post_name":"","sponsored_post_url":"","sponsored_post_logo_enable":"0","sponsored_post_logo":"","sponsored_post_desc":""},"jnews_primary_category":{"id":""},"jnews_social_meta":{"fb_title":"","fb_description":"","fb_image":"","twitter_title":"","twitter_description":"","twitter_image":""},"jnews_review":[],"enable_review":"0","type":"percentage","name":"","summary":"","brand":"","sku":"","good":[{"good_text":""}],"bad":[{"bad_text":""}],"score_override":"","override_value":"","rating":[{"rating_text":"","rating_number":"10"}],"price":[{"shop":"","price":"","link":"","icon":""}],"jnews_override_counter":{"override_view_counter":"0","view_counter_number":"0","override_share_counter":"0","share_counter_number":"0","override_like_counter":"0","like_counter_number":"0","override_dislike_counter":"0","dislike_counter_number":"0"},"jnews_post_split":{"enable_post_split":"0","post_split":[{"template":"1","tag":"h2","numbering":"asc","mode":"normal"}]},"footnotes":""},"categories":[18],"tags":[810,46],"class_list":["post-25500","post","type-post","status-publish","format-standard","has-post-thumbnail","hentry","category-nacionales","tag-mesa-relaciones-laborales","tag-senasa"],"jetpack_featured_media_url":"https:\/\/atecordoba.org\/wp-content\/uploads\/2021\/04\/zoom-senasa21-3.jpg","_links":{"self":[{"href":"https:\/\/atecordoba.org\/index.php?rest_route=\/wp\/v2\/posts\/25500","targetHints":{"allow":["GET"]}}],"collection":[{"href":"https:\/\/atecordoba.org\/index.php?rest_route=\/wp\/v2\/posts"}],"about":[{"href":"https:\/\/atecordoba.org\/index.php?rest_route=\/wp\/v2\/types\/post"}],"author":[{"embeddable":true,"href":"https:\/\/atecordoba.org\/index.php?rest_route=\/wp\/v2\/users\/7"}],"replies":[{"embeddable":true,"href":"https:\/\/atecordoba.org\/index.php?rest_route=%2Fwp%2Fv2%2Fcomments&post=25500"}],"version-history":[{"count":1,"href":"https:\/\/atecordoba.org\/index.php?rest_route=\/wp\/v2\/posts\/25500\/revisions"}],"predecessor-version":[{"id":25502,"href":"https:\/\/atecordoba.org\/index.php?rest_route=\/wp\/v2\/posts\/25500\/revisions\/25502"}],"wp:featuredmedia":[{"embeddable":true,"href":"https:\/\/atecordoba.org\/index.php?rest_route=\/wp\/v2\/media\/25501"}],"wp:attachment":[{"href":"https:\/\/atecordoba.org\/index.php?rest_route=%2Fwp%2Fv2%2Fmedia&parent=25500"}],"wp:term":[{"taxonomy":"category","embeddable":true,"href":"https:\/\/atecordoba.org\/index.php?rest_route=%2Fwp%2Fv2%2Fcategories&post=25500"},{"taxonomy":"post_tag","embeddable":true,"href":"https:\/\/atecordoba.org\/index.php?rest_route=%2Fwp%2Fv2%2Ftags&post=25500"}],"curies":[{"name":"wp","href":"https:\/\/api.w.org\/{rel}","templated":true}]}}