{"id":25494,"date":"2021-04-22T11:34:12","date_gmt":"2021-04-22T14:34:12","guid":{"rendered":"https:\/\/atecordoba.org\/?p=25494"},"modified":"2021-04-22T11:34:12","modified_gmt":"2021-04-22T14:34:12","slug":"ate-su-suma-al-reclamo-para-anular-el-desalojo-de-dos-campesinas-en-el-norte-provincial","status":"publish","type":"post","link":"https:\/\/atecordoba.org\/?p=25494","title":{"rendered":"ATE su suma al reclamo para anular el desalojo de dos campesinas en el norte provincial"},"content":{"rendered":"<p><img loading=\"lazy\" decoding=\"async\" class=\" wp-image-25495 alignright\" src=\"https:\/\/atecordoba.org\/wp-content\/uploads\/2021\/04\/desalojo-campesino-197x300.jpg\" alt=\"\" width=\"448\" height=\"682\" srcset=\"https:\/\/atecordoba.org\/wp-content\/uploads\/2021\/04\/desalojo-campesino-197x300.jpg 197w, https:\/\/atecordoba.org\/wp-content\/uploads\/2021\/04\/desalojo-campesino.jpg 667w\" sizes=\"auto, (max-width: 448px) 100vw, 448px\" \/>El Consejo Directivo Provincial de ATE C\u00f3rdoba adhiere al reclamo de organizaciones sociales de la provincia que reclaman parar con los desalojos campesinos y exigen una intervenci\u00f3n del Estado para reparar y proteger a una familia integrada por dos mujeres solas, madre e hija, del paraje Las Paradas, comuna Las Ca\u00f1as, Departamento Cruz del Eje, a unos 200 kil\u00f3metros aproximadamente de C\u00f3rdoba Capital.<\/p>\n<p>Seg\u00fan cont\u00f3 la t\u00e9cnica de la Secretar\u00eda de Agricultura Familiar, Campesina e Ind\u00edgena, Marisa Breit, se trata de Esther y Bety Sanchez, que vivieron toda su vida en el lugar, los heredaron de su familia bajo la forma de posesi\u00f3n y ahora sufren el reclamo de un empresario salte\u00f1o, que afirma haber comprado el campo en la d\u00e9cada del &#8217;90, pero que reci\u00e9n en 2002 inici\u00f3 el reclamo por la presunta usurpaci\u00f3n del lugar.<\/p>\n<p>Marisa Breit, afiliada de ATE y trabajadora despedida por el macrismo e reincorporada fruto de la lucha de nuestro gremio, se desempe\u00f1a en el arco noroeste de la provincia, en la zona de San Marcos Sierra y el norte de las Sierras Grandes, y est\u00e1 asesorando a las campesinas que est\u00e1n viviendo un verdadero despojo de parte del empresario y de un Poder Judicial que no atiende a la realidad del norte provincial, donde son pocos los t\u00edtulos de propiedad y donde las familias suelen sufrir el robo de sus campos a pesar de tener una vida de trabajo en el lugar.<\/p>\n<p>&#8220;Desde la Direcci\u00f3n de Arraigo Rural y Tierras Agropecuarias de la SAF se acompa\u00f1a a estas productoras mientras se apela el fallo, exigiendo el fin de los desalojos campesinos&#8221;, dijo Breit.<\/p>\n<p>&#8220;Una reconstrucci\u00f3n de mapas catastrales de la zona da cuenta que la madre de Ester figura como due\u00f1a, pero no existen los t\u00edtulos porque no forma parte de la cultura de la zona a pesar de vivir all\u00ed desde siempre, situaci\u00f3n que se constata a partir de la reconstrucci\u00f3n hist\u00f3rica que facilitan las partidas de nacimiento de madre, hija y abuela, donde queda claro que habitan el lugar con m\u00e1s de 100 a\u00f1os de posesi\u00f3n&#8221;, agreg\u00f3 la t\u00e9cnica.<\/p>\n<p>La trabajadora de Agricultura Familiar expres\u00f3 el reclamo para &#8220;anular el desalojo ya que no se la puede acusar de usurpar su propia casa. Pedimos reconocimiento de las posesiones y exigimos la vigencia del art\u00edculo 19 de la ley 27118, ley de agricultura familiar, que prorroga los desalojos y los deja sin efecto, as\u00ed como la reglamentaci\u00f3n de la ley que a\u00fan no se realiz\u00f3, a pesar de que est\u00e1 aprobada desde 2015&#8221;.<\/p>\n<p>Vale se\u00f1alar que el Estado viene reconociendo la posesi\u00f3n de la familia Sanchez. Un informe adjuntado a la causa establece todos los trabajos realizados en la zona con estas productoras, el INTA tuvo intervenci\u00f3n por medio de un proyecto del Programa &#8216;PorHuerta&#8217; que instal\u00f3 una cisterna. El organismo tambi\u00e9n viene asesorando a las S\u00e1nchez con cerramientos y trabajos con animales.<\/p>\n<p>El caso recuerda al de la campesina Ramona Bustamente, a punto de ser desalojada de un propiedad en la localidad de Sebasti\u00e1n Elcano, que tiene 90 a\u00f1os y lleva dos d\u00e9cadas resistiendo un desalojo por el reclamo de dos empresarios sojeros sobre el derechos del inmueble.<\/p>\n<p>Ramona se ha convertido en un \u00edcono de la resistencia campesina ante el avance de empresarios sojeros, que empujan a las poblaciones que hacen agricultura extensiva producciones de subsistencia a los cordones de la pobreza de los grandes centros urbanos.<\/p>\n<p>&nbsp;<\/p>\n","protected":false},"excerpt":{"rendered":"<p>El Consejo Directivo Provincial de ATE C\u00f3rdoba adhiere al reclamo de organizaciones sociales de la provincia que reclaman parar con los desalojos campesinos y exigen una intervenci\u00f3n del Estado para reparar y proteger a una familia integrada por dos mujeres solas, madre e hija, del paraje Las Paradas, comuna Las Ca\u00f1as, Departamento Cruz del Eje, [&hellip;]<\/p>\n","protected":false},"author":7,"featured_media":25495,"comment_status":"open","ping_status":"open","sticky":true,"template":"","format":"standard","meta":{"_exactmetrics_skip_tracking":false,"_exactmetrics_sitenote_active":false,"_exactmetrics_sitenote_note":"","_exactmetrics_sitenote_category":0,"jnews-multi-image_gallery":[],"jnews_single_post":{"source_name":"","source_url":"","via_name":"","via_url":"","override_template":"0","override":[{"template":"1","single_blog_custom":"","parallax":"1","fullscreen":"0","layout":"right-sidebar","sidebar":"default-sidebar","second_sidebar":"default-sidebar","sticky_sidebar":"1","share_position":"top","share_float_style":"share-monocrhome","show_share_counter":"1","show_view_counter":"1","show_featured":"1","show_post_meta":"1","show_post_author":"1","show_post_author_image":"1","show_post_date":"1","post_date_format":"default","post_date_format_custom":"Y\/m\/d","show_post_category":"1","show_post_reading_time":"0","post_reading_time_wpm":"300","show_zoom_button":"0","zoom_button_out_step":"2","zoom_button_in_step":"3","show_post_tag":"1","show_prev_next_post":"1","show_popup_post":"1","number_popup_post":"1","show_author_box":"0","show_post_related":"0","show_inline_post_related":"0"}],"override_image_size":"0","image_override":[{"single_post_thumbnail_size":"crop-500","single_post_gallery_size":"crop-500"}],"trending_post":"0","trending_post_position":"meta","trending_post_label":"Trending","sponsored_post":"0","sponsored_post_label":"Sponsored by","sponsored_post_name":"","sponsored_post_url":"","sponsored_post_logo_enable":"0","sponsored_post_logo":"","sponsored_post_desc":""},"jnews_primary_category":{"id":""},"jnews_social_meta":{"fb_title":"","fb_description":"","fb_image":"","twitter_title":"","twitter_description":"","twitter_image":""},"jnews_review":[],"enable_review":"0","type":"percentage","name":"","summary":"","brand":"","sku":"","good":[{"good_text":""}],"bad":[{"bad_text":""}],"score_override":"","override_value":"","rating":[{"rating_text":"","rating_number":"10"}],"price":[{"shop":"","price":"","link":"","icon":""}],"jnews_override_counter":{"override_view_counter":"0","view_counter_number":"0","override_share_counter":"0","share_counter_number":"0","override_like_counter":"0","like_counter_number":"0","override_dislike_counter":"0","dislike_counter_number":"0"},"jnews_post_split":{"enable_post_split":"0","post_split":[{"template":"1","tag":"h2","numbering":"asc","mode":"normal"}]},"footnotes":""},"categories":[10],"tags":[808],"class_list":["post-25494","post","type-post","status-publish","format-standard","has-post-thumbnail","hentry","category-accion-politica","tag-campesinos"],"jetpack_featured_media_url":"https:\/\/atecordoba.org\/wp-content\/uploads\/2021\/04\/desalojo-campesino.jpg","_links":{"self":[{"href":"https:\/\/atecordoba.org\/index.php?rest_route=\/wp\/v2\/posts\/25494","targetHints":{"allow":["GET"]}}],"collection":[{"href":"https:\/\/atecordoba.org\/index.php?rest_route=\/wp\/v2\/posts"}],"about":[{"href":"https:\/\/atecordoba.org\/index.php?rest_route=\/wp\/v2\/types\/post"}],"author":[{"embeddable":true,"href":"https:\/\/atecordoba.org\/index.php?rest_route=\/wp\/v2\/users\/7"}],"replies":[{"embeddable":true,"href":"https:\/\/atecordoba.org\/index.php?rest_route=%2Fwp%2Fv2%2Fcomments&post=25494"}],"version-history":[{"count":1,"href":"https:\/\/atecordoba.org\/index.php?rest_route=\/wp\/v2\/posts\/25494\/revisions"}],"predecessor-version":[{"id":25496,"href":"https:\/\/atecordoba.org\/index.php?rest_route=\/wp\/v2\/posts\/25494\/revisions\/25496"}],"wp:featuredmedia":[{"embeddable":true,"href":"https:\/\/atecordoba.org\/index.php?rest_route=\/wp\/v2\/media\/25495"}],"wp:attachment":[{"href":"https:\/\/atecordoba.org\/index.php?rest_route=%2Fwp%2Fv2%2Fmedia&parent=25494"}],"wp:term":[{"taxonomy":"category","embeddable":true,"href":"https:\/\/atecordoba.org\/index.php?rest_route=%2Fwp%2Fv2%2Fcategories&post=25494"},{"taxonomy":"post_tag","embeddable":true,"href":"https:\/\/atecordoba.org\/index.php?rest_route=%2Fwp%2Fv2%2Ftags&post=25494"}],"curies":[{"name":"wp","href":"https:\/\/api.w.org\/{rel}","templated":true}]}}