{"id":25485,"date":"2021-04-22T09:34:50","date_gmt":"2021-04-22T12:34:50","guid":{"rendered":"https:\/\/atecordoba.org\/?p=25485"},"modified":"2021-04-22T09:34:50","modified_gmt":"2021-04-22T12:34:50","slug":"se-realizo-la-segunda-reunion-convocada-por-la-coordinacion-nacional-de-ate-trabajo","status":"publish","type":"post","link":"https:\/\/atecordoba.org\/?p=25485","title":{"rendered":"Se realiz\u00f3 la segunda reuni\u00f3n convocada por la Coordinaci\u00f3n Nacional de ATE-Trabajo"},"content":{"rendered":"<p><img loading=\"lazy\" decoding=\"async\" class=\" wp-image-25486 alignleft\" src=\"https:\/\/atecordoba.org\/wp-content\/uploads\/2021\/04\/WhatsApp-Image-2021-04-21-at-14.04.04-300x160.jpeg\" alt=\"\" width=\"514\" height=\"274\" srcset=\"https:\/\/atecordoba.org\/wp-content\/uploads\/2021\/04\/WhatsApp-Image-2021-04-21-at-14.04.04-300x160.jpeg 300w, https:\/\/atecordoba.org\/wp-content\/uploads\/2021\/04\/WhatsApp-Image-2021-04-21-at-14.04.04.jpeg 593w\" sizes=\"auto, (max-width: 514px) 100vw, 514px\" \/>En este segundo encuentro del 2021 participaron delegadas y delegados de las distintas Agencias Territoriales del pa\u00eds, por la provincia de C\u00f3rdoba estuvo presente Elisa Mar\u00eda Sotti, representante del cuerpo de delegadas y delegados del sector.<\/p>\n<p>El debate gir\u00f3 entorno a la agobiante situaci\u00f3n salarial de las y los estatales (atento que desde 2015 a la fecha la p\u00e9rdida del poder adquisitivo fue del 40% ), la problem\u00e1tica de la precariedad laboral que sigue vigente de diversas formas y la defensa de la salud de los trabajadores y trabajadoras, mediante la vigencia de las medidas de cuidado frente al COVID-19.<\/p>\n<p>Junto a esto se compartieron informes sobre la situaci\u00f3n cotidiana en los sectores de trabajo, donde se vivencian altos niveles de desconexi\u00f3n en la comunicaci\u00f3n y v\u00ednculo entre las jefaturas y las y los trabajadores en general; y volvieron a emerger las numerosas dificultades que se presentan en el marco del trabajo a distancia desde el hogar, bajo la modalidad de teletrabajo, donde el personal carga con todos los costos de la prestaci\u00f3n de servicio en estas condiciones.<\/p>\n<p>Como resultado de este intercambio se logro acordar el siguiente pliego de reivindicaciones:<\/p>\n<ul>\n<li>\u00a1Basta de salarios de pobreza en el Estado! Recomposici\u00f3n salarial para todas las modalidades contractuales (Planta Permanente, Transitoria, Art\u00edculo 9 y Monotributistas), acorde a la inflaci\u00f3n y para recuperar el poder adquisitivo perdido.<\/li>\n<li>\u00a1Basta de precarizaci\u00f3n laboral en el Estado! Designaci\u00f3n de los concursos pendientes de 2015 y pase a planta permanente para los\/as compa\u00f1eros\/as contratados\/as con modalidades no permanentes (Transitoria, Art\u00edculo 9 y monotributistas). Pase a Art\u00edculo 9 de las y los monotributistas que lo requieran (como primer paso hacia la estabilidad constitucional).<\/li>\n<li>La prioridad es la salud de las trabajadoras y trabajadores. Respeto estricto a la normativa vigente en materia de prevenci\u00f3n (con el teletrabajo como marco general) y rigurosa intervenci\u00f3n de la CyMAT en el tratamiento de todos los esquemas de servicios esenciales del MTEySS.<\/li>\n<li>Provisi\u00f3n de computadoras y sillas ergon\u00f3micas para el trabajo a distancia en el hogar. Pago de reintegro por teletrabajo para gastos de conexi\u00f3n, insumos y reparaciones de equipamiento.<\/li>\n<\/ul>\n<p>Con estas demandas, se acord\u00f3 convocar a una Asamblea General para los primeros d\u00edas de mayo, de cara a la paritaria sectorial de las y los estatales que se desarrollar\u00e1 durante ese mes, para definir medidas de lucha por las reivindicaciones y derechos laborales del sector. Hacia esta instancia general llamamos a realizar reuniones y\/o asambleas de sector que permitan avanzar en debates y en la elaboraci\u00f3n colectiva de los reclamos.<\/p>\n","protected":false},"excerpt":{"rendered":"<p>En este segundo encuentro del 2021 participaron delegadas y delegados de las distintas Agencias Territoriales del pa\u00eds, por la provincia de C\u00f3rdoba estuvo presente Elisa Mar\u00eda Sotti, representante del cuerpo de delegadas y delegados del sector. El debate gir\u00f3 entorno a la agobiante situaci\u00f3n salarial de las y los estatales (atento que desde 2015 a [&hellip;]<\/p>\n","protected":false},"author":7,"featured_media":25486,"comment_status":"open","ping_status":"open","sticky":true,"template":"","format":"standard","meta":{"_exactmetrics_skip_tracking":false,"_exactmetrics_sitenote_active":false,"_exactmetrics_sitenote_note":"","_exactmetrics_sitenote_category":0,"jnews-multi-image_gallery":[],"jnews_single_post":{"source_name":"","source_url":"","via_name":"","via_url":"","override_template":"0","override":[{"template":"1","single_blog_custom":"","parallax":"1","fullscreen":"0","layout":"right-sidebar","sidebar":"default-sidebar","second_sidebar":"default-sidebar","sticky_sidebar":"1","share_position":"top","share_float_style":"share-monocrhome","show_share_counter":"1","show_view_counter":"1","show_featured":"1","show_post_meta":"1","show_post_author":"1","show_post_author_image":"1","show_post_date":"1","post_date_format":"default","post_date_format_custom":"Y\/m\/d","show_post_category":"1","show_post_reading_time":"0","post_reading_time_wpm":"300","show_zoom_button":"0","zoom_button_out_step":"2","zoom_button_in_step":"3","show_post_tag":"1","show_prev_next_post":"1","show_popup_post":"1","number_popup_post":"1","show_author_box":"0","show_post_related":"0","show_inline_post_related":"0"}],"override_image_size":"0","image_override":[{"single_post_thumbnail_size":"crop-500","single_post_gallery_size":"crop-500"}],"trending_post":"0","trending_post_position":"meta","trending_post_label":"Trending","sponsored_post":"0","sponsored_post_label":"Sponsored by","sponsored_post_name":"","sponsored_post_url":"","sponsored_post_logo_enable":"0","sponsored_post_logo":"","sponsored_post_desc":""},"jnews_primary_category":{"id":""},"jnews_social_meta":{"fb_title":"","fb_description":"","fb_image":"","twitter_title":"","twitter_description":"","twitter_image":""},"jnews_review":[],"enable_review":"0","type":"percentage","name":"","summary":"","brand":"","sku":"","good":[{"good_text":""}],"bad":[{"bad_text":""}],"score_override":"","override_value":"","rating":[{"rating_text":"","rating_number":"10"}],"price":[{"shop":"","price":"","link":"","icon":""}],"jnews_override_counter":{"override_view_counter":"0","view_counter_number":"0","override_share_counter":"0","share_counter_number":"0","override_like_counter":"0","like_counter_number":"0","override_dislike_counter":"0","dislike_counter_number":"0"},"jnews_post_split":{"enable_post_split":"0","post_split":[{"template":"1","tag":"h2","numbering":"asc","mode":"normal"}]},"footnotes":""},"categories":[18],"tags":[338],"class_list":["post-25485","post","type-post","status-publish","format-standard","has-post-thumbnail","hentry","category-nacionales","tag-ministerio-de-trabajo-de-la-nacion"],"jetpack_featured_media_url":"https:\/\/atecordoba.org\/wp-content\/uploads\/2021\/04\/WhatsApp-Image-2021-04-21-at-14.04.04.jpeg","_links":{"self":[{"href":"https:\/\/atecordoba.org\/index.php?rest_route=\/wp\/v2\/posts\/25485","targetHints":{"allow":["GET"]}}],"collection":[{"href":"https:\/\/atecordoba.org\/index.php?rest_route=\/wp\/v2\/posts"}],"about":[{"href":"https:\/\/atecordoba.org\/index.php?rest_route=\/wp\/v2\/types\/post"}],"author":[{"embeddable":true,"href":"https:\/\/atecordoba.org\/index.php?rest_route=\/wp\/v2\/users\/7"}],"replies":[{"embeddable":true,"href":"https:\/\/atecordoba.org\/index.php?rest_route=%2Fwp%2Fv2%2Fcomments&post=25485"}],"version-history":[{"count":1,"href":"https:\/\/atecordoba.org\/index.php?rest_route=\/wp\/v2\/posts\/25485\/revisions"}],"predecessor-version":[{"id":25487,"href":"https:\/\/atecordoba.org\/index.php?rest_route=\/wp\/v2\/posts\/25485\/revisions\/25487"}],"wp:featuredmedia":[{"embeddable":true,"href":"https:\/\/atecordoba.org\/index.php?rest_route=\/wp\/v2\/media\/25486"}],"wp:attachment":[{"href":"https:\/\/atecordoba.org\/index.php?rest_route=%2Fwp%2Fv2%2Fmedia&parent=25485"}],"wp:term":[{"taxonomy":"category","embeddable":true,"href":"https:\/\/atecordoba.org\/index.php?rest_route=%2Fwp%2Fv2%2Fcategories&post=25485"},{"taxonomy":"post_tag","embeddable":true,"href":"https:\/\/atecordoba.org\/index.php?rest_route=%2Fwp%2Fv2%2Ftags&post=25485"}],"curies":[{"name":"wp","href":"https:\/\/api.w.org\/{rel}","templated":true}]}}