{"id":2547,"date":"2013-04-05T19:37:17","date_gmt":"2013-04-05T22:37:17","guid":{"rendered":"http:\/\/www.atecordoba.org\/?p=2547"},"modified":"2013-04-05T19:37:17","modified_gmt":"2013-04-05T22:37:17","slug":"explosion-de-la-unrc-juicio-historico-avalo-los-reclamos-del-sindicato-de-docentes","status":"publish","type":"post","link":"https:\/\/atecordoba.org\/?p=2547","title":{"rendered":"Explosi\u00f3n de la UNRC: juicio hist\u00f3rico aval\u00f3 los reclamos del sindicato de docentes"},"content":{"rendered":"<p><em>En su papel de querellante, la Asociaci\u00f3n Gremial de Docentes (AGD-CTA) de la Universidad Nacional de R\u00edo Cuarto celebr\u00f3 en ATE el resultado del fallo con cinco directivos de la casa de estudios condenados, uno con prisi\u00f3n efectiva, y la absoluci\u00f3n de una docente acusada. En una entrevista que concedieron apenas conocido el veredicto, Cecilia Saraff, secretaria General de AGD, y Eugenio Biafore, abogado querellante, explicaron la trama del juicio que tiene alterado a R\u00edo Cuarto.\u00a0<\/em><\/p>\n<p><a href=\"http:\/\/www.atecordoba.org\/wp-content\/uploads\/2013\/04\/foto-web-14.jpg\"><img loading=\"lazy\" decoding=\"async\" class=\"aligncenter size-full wp-image-2548\" title=\"foto web 1\" src=\"http:\/\/www.atecordoba.org\/wp-content\/uploads\/2013\/04\/foto-web-14.jpg\" alt=\"\" width=\"800\" height=\"600\" \/><\/a><\/p>\n<p>&#8220;La primera reflexi\u00f3n es que el fallo fue acorde con nuestro pedido desde el primer momento. Se los encontr\u00f3 responsables a los que nosotros se\u00f1alamos como responsables y a la docente Liliana Ruetsch result\u00f3 absuelta&#8221;, dijo Cecilia Saroff, secretaria General del gremio docente de la Universidad nacional de R\u00edo Cuarto y docente de la Facultad de Veterinaria.<\/p>\n<p>Se trata del juicio que encontr\u00f3 culpable a\u00a0Carlos Agust\u00edn Bortis, a tres a\u00f1os y medio de prisi\u00f3n efectiva por las explosiones de la planta piloto de esa casa de altos estudios en diciembre de 2007. Recibieron penas de prisi\u00f3n en suspenso otros cuatro acusados y fue absuelta Liliana Ruetsch, la \u00fanica sobreviviente de la tragedia en la que murieron seis personas.<\/p>\n<figure id=\"attachment_2551\" aria-describedby=\"caption-attachment-2551\" style=\"width: 300px\" class=\"wp-caption alignleft\"><a href=\"http:\/\/www.atecordoba.org\/wp-content\/uploads\/2013\/04\/foto-web-24.jpg\"><img loading=\"lazy\" decoding=\"async\" class=\"size-medium wp-image-2551\" title=\"foto web 2\" src=\"http:\/\/www.atecordoba.org\/wp-content\/uploads\/2013\/04\/foto-web-24-300x225.jpg\" alt=\"\" width=\"300\" height=\"225\" \/><\/a><figcaption id=\"caption-attachment-2551\" class=\"wp-caption-text\">Cecilia Saraoff, secretaria general del gremio docente, miembro de CTA<\/figcaption><\/figure>\n<p><strong>\u00bfQu\u00e9 significado tiene est\u00e1 condena para los trabajadores universitarios?<\/strong><\/p>\n<p>Cecilia Saroff: Es muy importante que se pida la investigaci\u00f3n de las empresas y de quien era en ese momento rector de la universidad, Oscar Spada. Creo que este fallo es un ejemplo para las universidades nacionales y debe tomarse de esa forma porque las condiciones de trabajo de los docentes, atravesadas por el neoliberalismo, eran las que llevaron a que ocurriera este hecho.<\/p>\n<p>&nbsp;<\/p>\n<p><strong>Y el papel de la fundaci\u00f3n\u00a0 que se cre\u00f3 en ese marco.<\/strong><\/p>\n<p>C.S.: Estas fundaciones surgen en los \u201990. En este caso qued\u00f3 en evidencia que en realidad les importaba mucho m\u00e1s los convenios con las empresas que la situaci\u00f3n de los propios integrantes de la comunidad universitaria. Nosotros, en general, somos un grupo docente que se opuso a la ley de educaci\u00f3n superior, que entre otras cosas nos llev\u00f3 a este tipo de venta de servicios, donde se encuentra el origen de estos mecanismos. Esa ley sigue a\u00fan vigente y tenemos que cambiar.<\/p>\n<p><strong>\u00bfQu\u00e9 dice el fallo del tribunal?<\/strong><\/p>\n<p>Eugenio Biafore: Se conden\u00f3 a todos los que pidi\u00f3 la querella. En ese sentido, la m\u00e1ximas responsabilidades est\u00e1n en la c\u00fapula de las autoridades y las menores en el lugar cercano a la explosi\u00f3n. En esa l\u00ednea, que el tribunal indique que debe investigarse a Spada tambi\u00e9n va en esa l\u00ednea. Porque lo que est\u00e1 en juego es el cumplimiento de la normativa laboral, que debe aplicarse cuando el peligro es evidente y cuando no lo es. En este caso s\u00ed lo era. Creemos que est\u00e1 probada la omisi\u00f3n de la legislaci\u00f3n laboral, que definitivamente debe ser materia de negociaci\u00f3n entre las patronales y sus trabajadores. No puede ser que las tragedias golpeen nuestra puerta para reflexionar cu\u00e1l era la norma que regula las condiciones de los trabajadores.<\/p>\n<figure id=\"attachment_2553\" aria-describedby=\"caption-attachment-2553\" style=\"width: 300px\" class=\"wp-caption alignright\"><a href=\"http:\/\/www.atecordoba.org\/wp-content\/uploads\/2013\/04\/foto-web-34.jpg\"><img loading=\"lazy\" decoding=\"async\" class=\"size-medium wp-image-2553\" title=\"foto web 3\" src=\"http:\/\/www.atecordoba.org\/wp-content\/uploads\/2013\/04\/foto-web-34-300x225.jpg\" alt=\"\" width=\"300\" height=\"225\" \/><\/a><figcaption id=\"caption-attachment-2553\" class=\"wp-caption-text\">Eugenio biafore, abogado<\/figcaption><\/figure>\n<p>La obligaci\u00f3n est\u00e1 en torno a promover, tambi\u00e9n los sindicatos, la negociaci\u00f3n colectiva en relaci\u00f3n al medio ambiente de trabajo, desde lo m\u00ednimo a lo m\u00e1s grande en funci\u00f3n de donde y qu\u00e9 actividades se desarrollan, sobre todo cuando exigen medidas de seguridad especiales y espec\u00edficas.<\/p>\n<p><strong>El tribunal tambi\u00e9n orden\u00f3 la ampliaci\u00f3n de la investigaci\u00f3n sobre actores de la tragedia que hab\u00edan sido descartados en primera instancia.<\/strong><\/p>\n<p>E.B.: Ahora es interesante que se avance en esta l\u00ednea investigativa para ver que responsabilidades penales y administrativas les caben a De Smet y a AGD, que son expresiones concentradas del mercado de oleaginosas y de alimentos. A los gritos queda evidente que eran los grandes beneficiarios de este proyecto.<\/p>\n","protected":false},"excerpt":{"rendered":"<p>En su papel de querellante, la Asociaci\u00f3n Gremial de Docentes (AGD-CTA) de la Universidad Nacional de R\u00edo Cuarto celebr\u00f3 en ATE el resultado del fallo con cinco directivos de la casa de estudios condenados, uno con prisi\u00f3n efectiva, y la absoluci\u00f3n de una docente acusada. En una entrevista que concedieron apenas conocido el veredicto, Cecilia [&hellip;]<\/p>\n","protected":false},"author":1,"featured_media":19220,"comment_status":"open","ping_status":"open","sticky":false,"template":"","format":"standard","meta":{"_exactmetrics_skip_tracking":false,"_exactmetrics_sitenote_active":false,"_exactmetrics_sitenote_note":"","_exactmetrics_sitenote_category":0,"jnews-multi-image_gallery":[],"jnews_single_post":[],"jnews_primary_category":[],"jnews_social_meta":[],"jnews_review":[],"enable_review":"","type":"","name":"","summary":"","brand":"","sku":"","good":[],"bad":[],"score_override":"","override_value":"","rating":[],"price":[],"jnews_override_counter":[],"jnews_post_split":[],"footnotes":""},"categories":[18],"tags":[],"class_list":["post-2547","post","type-post","status-publish","format-standard","has-post-thumbnail","hentry","category-nacionales"],"jetpack_featured_media_url":"https:\/\/atecordoba.org\/wp-content\/uploads\/2020\/05\/logo-nuevochico-e1561581322808.png","_links":{"self":[{"href":"https:\/\/atecordoba.org\/index.php?rest_route=\/wp\/v2\/posts\/2547","targetHints":{"allow":["GET"]}}],"collection":[{"href":"https:\/\/atecordoba.org\/index.php?rest_route=\/wp\/v2\/posts"}],"about":[{"href":"https:\/\/atecordoba.org\/index.php?rest_route=\/wp\/v2\/types\/post"}],"author":[{"embeddable":true,"href":"https:\/\/atecordoba.org\/index.php?rest_route=\/wp\/v2\/users\/1"}],"replies":[{"embeddable":true,"href":"https:\/\/atecordoba.org\/index.php?rest_route=%2Fwp%2Fv2%2Fcomments&post=2547"}],"version-history":[{"count":0,"href":"https:\/\/atecordoba.org\/index.php?rest_route=\/wp\/v2\/posts\/2547\/revisions"}],"wp:featuredmedia":[{"embeddable":true,"href":"https:\/\/atecordoba.org\/index.php?rest_route=\/wp\/v2\/media\/19220"}],"wp:attachment":[{"href":"https:\/\/atecordoba.org\/index.php?rest_route=%2Fwp%2Fv2%2Fmedia&parent=2547"}],"wp:term":[{"taxonomy":"category","embeddable":true,"href":"https:\/\/atecordoba.org\/index.php?rest_route=%2Fwp%2Fv2%2Fcategories&post=2547"},{"taxonomy":"post_tag","embeddable":true,"href":"https:\/\/atecordoba.org\/index.php?rest_route=%2Fwp%2Fv2%2Ftags&post=2547"}],"curies":[{"name":"wp","href":"https:\/\/api.w.org\/{rel}","templated":true}]}}