{"id":25463,"date":"2021-04-21T13:55:09","date_gmt":"2021-04-21T16:55:09","guid":{"rendered":"https:\/\/atecordoba.org\/?p=25463"},"modified":"2021-04-21T13:55:09","modified_gmt":"2021-04-21T16:55:09","slug":"el-cdn-lanza-campana-nacional-por-los-convenios-colectivos-provinciales-y-municipales","status":"publish","type":"post","link":"https:\/\/atecordoba.org\/?p=25463","title":{"rendered":"El CDN lanza campa\u00f1a nacional por los convenios colectivos provinciales y municipales"},"content":{"rendered":"<p><img loading=\"lazy\" decoding=\"async\" class=\"size-medium wp-image-25465 aligncenter\" src=\"https:\/\/atecordoba.org\/wp-content\/uploads\/2021\/04\/capa\u00f1a-cdn-convenio-municipales-300x300.jpg\" alt=\"\" width=\"300\" height=\"300\" srcset=\"https:\/\/atecordoba.org\/wp-content\/uploads\/2021\/04\/capa\u00f1a-cdn-convenio-municipales-300x300.jpg 300w, https:\/\/atecordoba.org\/wp-content\/uploads\/2021\/04\/capa\u00f1a-cdn-convenio-municipales-1024x1024.jpg 1024w, https:\/\/atecordoba.org\/wp-content\/uploads\/2021\/04\/capa\u00f1a-cdn-convenio-municipales-150x150.jpg 150w, https:\/\/atecordoba.org\/wp-content\/uploads\/2021\/04\/capa\u00f1a-cdn-convenio-municipales-768x768.jpg 768w, https:\/\/atecordoba.org\/wp-content\/uploads\/2021\/04\/capa\u00f1a-cdn-convenio-municipales-560x560.jpg 560w, https:\/\/atecordoba.org\/wp-content\/uploads\/2021\/04\/capa\u00f1a-cdn-convenio-municipales-75x75.jpg 75w, https:\/\/atecordoba.org\/wp-content\/uploads\/2021\/04\/capa\u00f1a-cdn-convenio-municipales-750x750.jpg 750w, https:\/\/atecordoba.org\/wp-content\/uploads\/2021\/04\/capa\u00f1a-cdn-convenio-municipales.jpg 1125w\" sizes=\"auto, (max-width: 300px) 100vw, 300px\" \/>El secretario Gremial nacional Alejandro Garzon encabez\u00f3 hoy el anuncio de las resoluciones del equipo de trabajo Gremial de ATE Nacional para dar puntapi\u00e9 a una campa\u00f1a nacional hacia los convenios colectivos de trabajo para los trabajadores y trabajadoras del estado provincial y municipal.<\/p>\n<p>Adem\u00e1s, se design\u00f3 responsables del Departamento de Municipales.<\/p>\n","protected":false},"excerpt":{"rendered":"<p>El secretario Gremial nacional Alejandro Garzon encabez\u00f3 hoy el anuncio de las resoluciones del equipo de trabajo Gremial de ATE Nacional para dar puntapi\u00e9 a una campa\u00f1a nacional hacia los convenios colectivos de trabajo para los trabajadores y trabajadoras del estado provincial y municipal. Adem\u00e1s, se design\u00f3 responsables del Departamento de Municipales.<\/p>\n","protected":false},"author":7,"featured_media":25465,"comment_status":"open","ping_status":"open","sticky":true,"template":"","format":"standard","meta":{"_exactmetrics_skip_tracking":false,"_exactmetrics_sitenote_active":false,"_exactmetrics_sitenote_note":"","_exactmetrics_sitenote_category":0,"jnews-multi-image_gallery":[],"jnews_single_post":{"source_name":"","source_url":"","via_name":"","via_url":"","override_template":"0","override":[{"template":"1","single_blog_custom":"","parallax":"1","fullscreen":"0","layout":"right-sidebar","sidebar":"default-sidebar","second_sidebar":"default-sidebar","sticky_sidebar":"1","share_position":"top","share_float_style":"share-monocrhome","show_share_counter":"1","show_view_counter":"1","show_featured":"1","show_post_meta":"1","show_post_author":"1","show_post_author_image":"1","show_post_date":"1","post_date_format":"default","post_date_format_custom":"Y\/m\/d","show_post_category":"1","show_post_reading_time":"0","post_reading_time_wpm":"300","show_zoom_button":"0","zoom_button_out_step":"2","zoom_button_in_step":"3","show_post_tag":"1","show_prev_next_post":"1","show_popup_post":"1","number_popup_post":"1","show_author_box":"0","show_post_related":"0","show_inline_post_related":"0"}],"override_image_size":"0","image_override":[{"single_post_thumbnail_size":"crop-500","single_post_gallery_size":"crop-500"}],"trending_post":"0","trending_post_position":"meta","trending_post_label":"Trending","sponsored_post":"0","sponsored_post_label":"Sponsored by","sponsored_post_name":"","sponsored_post_url":"","sponsored_post_logo_enable":"0","sponsored_post_logo":"","sponsored_post_desc":""},"jnews_primary_category":{"id":""},"jnews_social_meta":{"fb_title":"","fb_description":"","fb_image":"","twitter_title":"","twitter_description":"","twitter_image":""},"jnews_review":[],"enable_review":"0","type":"percentage","name":"","summary":"","brand":"","sku":"","good":[{"good_text":""}],"bad":[{"bad_text":""}],"score_override":"","override_value":"","rating":[{"rating_text":"","rating_number":"10"}],"price":[{"shop":"","price":"","link":"","icon":""}],"jnews_override_counter":{"override_view_counter":"0","view_counter_number":"0","override_share_counter":"0","share_counter_number":"0","override_like_counter":"0","like_counter_number":"0","override_dislike_counter":"0","dislike_counter_number":"0"},"jnews_post_split":{"enable_post_split":"0","post_split":[{"template":"1","tag":"h2","numbering":"asc","mode":"normal"}]},"footnotes":""},"categories":[20,8],"tags":[],"class_list":["post-25463","post","type-post","status-publish","format-standard","has-post-thumbnail","hentry","category-municipales","category-provinciales"],"jetpack_featured_media_url":"https:\/\/atecordoba.org\/wp-content\/uploads\/2021\/04\/capa\u00f1a-cdn-convenio-municipales.jpg","_links":{"self":[{"href":"https:\/\/atecordoba.org\/index.php?rest_route=\/wp\/v2\/posts\/25463","targetHints":{"allow":["GET"]}}],"collection":[{"href":"https:\/\/atecordoba.org\/index.php?rest_route=\/wp\/v2\/posts"}],"about":[{"href":"https:\/\/atecordoba.org\/index.php?rest_route=\/wp\/v2\/types\/post"}],"author":[{"embeddable":true,"href":"https:\/\/atecordoba.org\/index.php?rest_route=\/wp\/v2\/users\/7"}],"replies":[{"embeddable":true,"href":"https:\/\/atecordoba.org\/index.php?rest_route=%2Fwp%2Fv2%2Fcomments&post=25463"}],"version-history":[{"count":1,"href":"https:\/\/atecordoba.org\/index.php?rest_route=\/wp\/v2\/posts\/25463\/revisions"}],"predecessor-version":[{"id":25466,"href":"https:\/\/atecordoba.org\/index.php?rest_route=\/wp\/v2\/posts\/25463\/revisions\/25466"}],"wp:featuredmedia":[{"embeddable":true,"href":"https:\/\/atecordoba.org\/index.php?rest_route=\/wp\/v2\/media\/25465"}],"wp:attachment":[{"href":"https:\/\/atecordoba.org\/index.php?rest_route=%2Fwp%2Fv2%2Fmedia&parent=25463"}],"wp:term":[{"taxonomy":"category","embeddable":true,"href":"https:\/\/atecordoba.org\/index.php?rest_route=%2Fwp%2Fv2%2Fcategories&post=25463"},{"taxonomy":"post_tag","embeddable":true,"href":"https:\/\/atecordoba.org\/index.php?rest_route=%2Fwp%2Fv2%2Ftags&post=25463"}],"curies":[{"name":"wp","href":"https:\/\/api.w.org\/{rel}","templated":true}]}}