{"id":25458,"date":"2021-04-21T13:43:23","date_gmt":"2021-04-21T16:43:23","guid":{"rendered":"https:\/\/atecordoba.org\/?p=25458"},"modified":"2021-04-21T13:48:17","modified_gmt":"2021-04-21T16:48:17","slug":"con-la-adhesion-de-ate-comenzo-la-campana-de-solidaridad-con-cuba-para-la-donacion-de-jeringas","status":"publish","type":"post","link":"https:\/\/atecordoba.org\/?p=25458","title":{"rendered":"Con la adhesi\u00f3n de ATE comenz\u00f3 la campa\u00f1a de solidaridad con Cuba para la donaci\u00f3n de jeringas"},"content":{"rendered":"<p><img loading=\"lazy\" decoding=\"async\" class=\" wp-image-25460 aligncenter\" src=\"https:\/\/atecordoba.org\/wp-content\/uploads\/2021\/04\/IMG-20210420-WA0208-300x169.jpg\" alt=\"\" width=\"602\" height=\"339\" srcset=\"https:\/\/atecordoba.org\/wp-content\/uploads\/2021\/04\/IMG-20210420-WA0208-300x169.jpg 300w, https:\/\/atecordoba.org\/wp-content\/uploads\/2021\/04\/IMG-20210420-WA0208-1024x576.jpg 1024w, https:\/\/atecordoba.org\/wp-content\/uploads\/2021\/04\/IMG-20210420-WA0208-768x432.jpg 768w, https:\/\/atecordoba.org\/wp-content\/uploads\/2021\/04\/IMG-20210420-WA0208-750x422.jpg 750w, https:\/\/atecordoba.org\/wp-content\/uploads\/2021\/04\/IMG-20210420-WA0208-1140x641.jpg 1140w, https:\/\/atecordoba.org\/wp-content\/uploads\/2021\/04\/IMG-20210420-WA0208.jpg 1280w\" sizes=\"auto, (max-width: 602px) 100vw, 602px\" \/>En una reuni\u00f3n virtual realizada ayer, se lanz\u00f3 la la campa\u00f1a de donaciones de elementos sanitarios para apoyar el plan de vacunaci\u00f3n en Cuba, donde el bloqueo norteamericano impide obtener a la isla jeringas, agujas y otros instrumentos indispensables para llevar la vacunaci\u00f3n a la pr\u00e1ctica para sus 11 millones de habitantes.<\/p>\n<p>Cuba tiene previsto vacunar a sus habitantes entre mayo y agosto y para eso necesita la solidaridad de todos.<\/p>\n<p>Al momento de presentar la campa\u00f1a se sumaron numerosas organizaciones que integran el espacio de solidaridad con Cuba y particip\u00f3 la\u00a0coordinadora de Misiones Cubanas en Argentina, Claudia Camba.<\/p>\n<p>A tal efecto, el secretario General de ATE C\u00f3rdoba, Federico Giuliani, dijo que &#8220;para nosotros y nosotros es muy importante estar en este espacio como movimiento obrero, donde no se piensa a la medicina como una mercanc\u00eda, servicio o negocio, sino como un derecho&#8221;.<\/p>\n<p>En ese marco, el dirigente afirm\u00f3: &#8220;lo que ATE viene a aportar es una mirada de clase sobre la solidaridad que hay que ejercer en esta campa\u00f1a, juntando los elementos que hacen falta, pero la tarea pol\u00edtica es salir a concientizar a nuestro pueblo del proceso que se vive en Cuba. Soy de la idea de romper esquemas y nos parece importante que la campa\u00f1a se pueda llevar a cada barrio donde nuestra CTA tiene trabajo solidario y social, a cada f\u00e1brica y lugar de trabajo con nuestra ATE&#8221;.<\/p>\n<p>Giuliani lament\u00f3 que actualmente &#8220;la agenda medi\u00e1tica nos fija los temas a discutir y la gente no sabe que Cuba tiene cinco vacunas. Por eso creo que no es un problema de dinero sino que la discusi\u00f3n pol\u00edtica es llevar esta campa\u00f1a a cada rinc\u00f3n de C\u00f3rdoba. Desde ATE y CTA ponemos a disposici\u00f3n nuestros locales sindicales para que todo lo que se vaya a recaudar se junte ah\u00ed. Y que la campa\u00f1a sirva como puntapi\u00e9 para poder discutir sobre la revoluci\u00f3n en Cuba porque, como dec\u00eda el vasco, vamos a ser revolucionarios si hacemos la revoluci\u00f3n ac\u00e1. Cada uno desde su propia militancia aportamos nuestro granito de arena para cambiar esta sociedad&#8221;.<\/p>\n<p><img loading=\"lazy\" decoding=\"async\" class=\" wp-image-25461 alignright\" src=\"https:\/\/atecordoba.org\/wp-content\/uploads\/2021\/04\/IMG-20210420-WA0157-300x169.jpeg\" alt=\"\" width=\"589\" height=\"332\" srcset=\"https:\/\/atecordoba.org\/wp-content\/uploads\/2021\/04\/IMG-20210420-WA0157-300x169.jpeg 300w, https:\/\/atecordoba.org\/wp-content\/uploads\/2021\/04\/IMG-20210420-WA0157-1024x576.jpeg 1024w, https:\/\/atecordoba.org\/wp-content\/uploads\/2021\/04\/IMG-20210420-WA0157-768x432.jpeg 768w, https:\/\/atecordoba.org\/wp-content\/uploads\/2021\/04\/IMG-20210420-WA0157-1536x864.jpeg 1536w, https:\/\/atecordoba.org\/wp-content\/uploads\/2021\/04\/IMG-20210420-WA0157-2048x1152.jpeg 2048w, https:\/\/atecordoba.org\/wp-content\/uploads\/2021\/04\/IMG-20210420-WA0157-750x422.jpeg 750w, https:\/\/atecordoba.org\/wp-content\/uploads\/2021\/04\/IMG-20210420-WA0157-1140x641.jpeg 1140w\" sizes=\"auto, (max-width: 589px) 100vw, 589px\" \/>Por \u00faltimo, el secretario General de ATE C\u00f3rdoba cit\u00f3 al escritor Eduardo Galeano. &#8220;\u00c9l dec\u00eda que peque\u00f1as personas, en lugares peque\u00f1os, haciendo peque\u00f1as cosas son capaces de transformar la realidad. Ese es nuestro saludo, nuestro mensaje y entendemos que esta campa\u00f1a debe ser el inicio para comprender que m\u00e1s all\u00e1 de los acuerdos entre gobiernos, los acuerdos y solidaridades se deben dar entre los pueblos. Por eso los sindicatos y las organizaciones deben tomar esta tarea porque es integral, no sirve discutir\u00a0 convenios colectivos sino no discutimos la solidaridad con Cuba, o discutir la colonia de vacaciones si no somos capaces de ganarle la conciencia a los trabajadores para superar la individualidad porque esta pelea es colectiva y que si no nos salvamos todas y todos no se salva nadie&#8221;.<\/p>\n<p><strong>La mirada desde las Misiones Cubanas<\/strong><\/p>\n<p>Por su parte, Claudia Camba agradeci\u00f3 la participaci\u00f3n de todos los presentes. &#8220;El hecho que nos reunamos aqu\u00ed y en muchos lugares del mundo tiene que ver con el respaldo pol\u00edtico y solidario a la revoluci\u00f3n socialista de nuestra querida y rebelde Cuba&#8221;, dijo la referente.<\/p>\n<p>Y destac\u00f3 que &#8220;con cero turismo por la pandemia Cuba tiene hasta el momento cinco candidatos vacunales, es el \u00fanico pa\u00eds de Latinoam\u00e9rica que tiene soberan\u00eda sanitaria a trav\u00e9s de sus propias vacunas. Ahora nosotros podemos juntar las jeringas y agujas que hacen falta, y no es porque Cuba lo haya pedido, sino porque corresponde unirnos y dejar asentada nuestra presencia para romper de alguna manera el bloqueo genocida&#8221;.<\/p>\n<p>Camba afirm\u00f3 tambi\u00e9n que &#8220;ayer se nombraron las nuevas autoridades del Partido Comunista Cubano y tuvimos la alegr\u00eda de poder ver las nuevas generaciones que est\u00e1n conduciendo el pa\u00eds, creemos\u00a0 que la \u00fanica manera de cambiar el mundo es cambiar el sistema y creemos que en un sistema socialista y solidario, cuyo eje es el ser humano, el sistema puede ser diferente. Por eso Cuba en agosto va a tener toda su poblaci\u00f3n vacunada, 11 millones de habitantes. \u00a0Es un pa\u00eds pobre en recursos pero rico en capital humano y en conocimiento y que no le va a pedir a ninguna multinacional su patente para producir sus propias vacunas, ofreci\u00e9ndole a Argentina un convenio para traer la vacuna soberana al pa\u00eds&#8221;.<\/p>\n<div class=\"epyt-video-wrapper\"><iframe loading=\"lazy\"  style=\"display: block; margin: 0px auto;\"  id=\"_ytid_26299\"  width=\"480\" height=\"270\"  data-origwidth=\"480\" data-origheight=\"270\" src=\"https:\/\/www.youtube.com\/embed\/RNXxtAzEMjQ?enablejsapi=1&#038;list=PLE4cO2U0AAJ8kdu6WTcU4hb78YxnGDtvi&#038;index=2&#038;autoplay=0&#038;cc_load_policy=0&#038;cc_lang_pref=&#038;iv_load_policy=3&#038;loop=0&#038;rel=0&#038;fs=1&#038;playsinline=0&#038;autohide=2&#038;theme=dark&#038;color=red&#038;controls=1&#038;disablekb=0&#038;\" class=\"__youtube_prefs__  epyt-is-override  no-lazyload\" title=\"YouTube player\"  allow=\"fullscreen; accelerometer; autoplay; clipboard-write; encrypted-media; gyroscope; picture-in-picture; web-share\" referrerpolicy=\"strict-origin-when-cross-origin\" allowfullscreen data-no-lazy=\"1\" data-skipgform_ajax_framebjll=\"\"><\/iframe><\/div>\n<p>Y adelant\u00f3 tambi\u00e9n que &#8220;vamos a hacer una campa\u00f1a tambi\u00e9n para que venga a Argentina la Vacuna Soberana, para que no pas\u00e9 lo de mayo del 2020, cuando las presiones de la derecha abortaron la llegada de las brigadas de m\u00e9dicos cubanos que esta acordada, para hacer una uni\u00f3n que es el sentido del humanismo de Cuba&#8221;.<\/p>\n<p>Por \u00faltimo, Camba destac\u00f3 que &#8220;estamos en este momento en el Centro Oftalmol\u00f3gico Che Guevara, que oper\u00f3 a 50 mil\u00a0 argentinos y argentinas desde hace 12 a\u00f1os, gracias al pueblo cubano que nos ense\u00f1a que la solidaridad no es dar lo que nos sobra sino compartir lo poco que tenemos.\u00a0Por eso nosotros vamos a compartir las jeringas y vacunas, para lograr vacunar a sus 11 millones de cubanos&#8221;.<\/p>\n<p>Los interesados en participar de la campa\u00f1a solidaria puede dirigirse a los locales de ATE y de la CTA Aut\u00f3noma de cualquier punto de la provincia para realizar su aporte.<\/p>\n<div class=\"epyt-video-wrapper\"><iframe loading=\"lazy\"  style=\"display: block; margin: 0px auto;\"  id=\"_ytid_34427\"  width=\"480\" height=\"270\"  data-origwidth=\"480\" data-origheight=\"270\" src=\"https:\/\/www.youtube.com\/embed\/BSlxKb_OY64?enablejsapi=1&#038;list=PLE4cO2U0AAJ8kdu6WTcU4hb78YxnGDtvi&#038;index=1&#038;autoplay=0&#038;cc_load_policy=0&#038;cc_lang_pref=&#038;iv_load_policy=3&#038;loop=0&#038;rel=0&#038;fs=1&#038;playsinline=0&#038;autohide=2&#038;theme=dark&#038;color=red&#038;controls=1&#038;disablekb=0&#038;\" class=\"__youtube_prefs__  epyt-is-override  no-lazyload\" title=\"YouTube player\"  allow=\"fullscreen; accelerometer; autoplay; clipboard-write; encrypted-media; gyroscope; picture-in-picture; web-share\" referrerpolicy=\"strict-origin-when-cross-origin\" allowfullscreen data-no-lazy=\"1\" data-skipgform_ajax_framebjll=\"\"><\/iframe><\/div>\n<p>&nbsp;<\/p>\n","protected":false},"excerpt":{"rendered":"<p>En una reuni\u00f3n virtual realizada ayer, se lanz\u00f3 la la campa\u00f1a de donaciones de elementos sanitarios para apoyar el plan de vacunaci\u00f3n en Cuba, donde el bloqueo norteamericano impide obtener a la isla jeringas, agujas y otros instrumentos indispensables para llevar la vacunaci\u00f3n a la pr\u00e1ctica para sus 11 millones de habitantes. Cuba tiene previsto [&hellip;]<\/p>\n","protected":false},"author":7,"featured_media":25460,"comment_status":"open","ping_status":"open","sticky":true,"template":"","format":"standard","meta":{"_exactmetrics_skip_tracking":false,"_exactmetrics_sitenote_active":false,"_exactmetrics_sitenote_note":"","_exactmetrics_sitenote_category":0,"jnews-multi-image_gallery":[],"jnews_single_post":{"source_name":"","source_url":"","via_name":"","via_url":"","override_template":"0","override":[{"template":"1","single_blog_custom":"","parallax":"1","fullscreen":"0","layout":"right-sidebar","sidebar":"default-sidebar","second_sidebar":"default-sidebar","sticky_sidebar":"1","share_position":"top","share_float_style":"share-monocrhome","show_share_counter":"1","show_view_counter":"1","show_featured":"1","show_post_meta":"1","show_post_author":"1","show_post_author_image":"1","show_post_date":"1","post_date_format":"default","post_date_format_custom":"Y\/m\/d","show_post_category":"1","show_post_reading_time":"0","post_reading_time_wpm":"300","show_zoom_button":"0","zoom_button_out_step":"2","zoom_button_in_step":"3","show_post_tag":"1","show_prev_next_post":"1","show_popup_post":"1","number_popup_post":"1","show_author_box":"0","show_post_related":"0","show_inline_post_related":"0"}],"override_image_size":"0","image_override":[{"single_post_thumbnail_size":"crop-500","single_post_gallery_size":"crop-500"}],"trending_post":"0","trending_post_position":"meta","trending_post_label":"Trending","sponsored_post":"0","sponsored_post_label":"Sponsored by","sponsored_post_name":"","sponsored_post_url":"","sponsored_post_logo_enable":"0","sponsored_post_logo":"","sponsored_post_desc":""},"jnews_primary_category":{"id":""},"jnews_social_meta":{"fb_title":"","fb_description":"","fb_image":"","twitter_title":"","twitter_description":"","twitter_image":""},"jnews_review":[],"enable_review":"0","type":"percentage","name":"","summary":"","brand":"","sku":"","good":[{"good_text":""}],"bad":[{"bad_text":""}],"score_override":"","override_value":"","rating":[{"rating_text":"","rating_number":"10"}],"price":[{"shop":"","price":"","link":"","icon":""}],"jnews_override_counter":{"override_view_counter":"0","view_counter_number":"0","override_share_counter":"0","share_counter_number":"0","override_like_counter":"0","like_counter_number":"0","override_dislike_counter":"0","dislike_counter_number":"0"},"jnews_post_split":{"enable_post_split":"0","post_split":[{"template":"1","tag":"h2","numbering":"asc","mode":"normal"}]},"footnotes":""},"categories":[10],"tags":[806],"class_list":["post-25458","post","type-post","status-publish","format-standard","has-post-thumbnail","hentry","category-accion-politica","tag-solidaridad-con-cuba"],"jetpack_featured_media_url":"https:\/\/atecordoba.org\/wp-content\/uploads\/2021\/04\/IMG-20210420-WA0208.jpg","_links":{"self":[{"href":"https:\/\/atecordoba.org\/index.php?rest_route=\/wp\/v2\/posts\/25458","targetHints":{"allow":["GET"]}}],"collection":[{"href":"https:\/\/atecordoba.org\/index.php?rest_route=\/wp\/v2\/posts"}],"about":[{"href":"https:\/\/atecordoba.org\/index.php?rest_route=\/wp\/v2\/types\/post"}],"author":[{"embeddable":true,"href":"https:\/\/atecordoba.org\/index.php?rest_route=\/wp\/v2\/users\/7"}],"replies":[{"embeddable":true,"href":"https:\/\/atecordoba.org\/index.php?rest_route=%2Fwp%2Fv2%2Fcomments&post=25458"}],"version-history":[{"count":2,"href":"https:\/\/atecordoba.org\/index.php?rest_route=\/wp\/v2\/posts\/25458\/revisions"}],"predecessor-version":[{"id":25464,"href":"https:\/\/atecordoba.org\/index.php?rest_route=\/wp\/v2\/posts\/25458\/revisions\/25464"}],"wp:featuredmedia":[{"embeddable":true,"href":"https:\/\/atecordoba.org\/index.php?rest_route=\/wp\/v2\/media\/25460"}],"wp:attachment":[{"href":"https:\/\/atecordoba.org\/index.php?rest_route=%2Fwp%2Fv2%2Fmedia&parent=25458"}],"wp:term":[{"taxonomy":"category","embeddable":true,"href":"https:\/\/atecordoba.org\/index.php?rest_route=%2Fwp%2Fv2%2Fcategories&post=25458"},{"taxonomy":"post_tag","embeddable":true,"href":"https:\/\/atecordoba.org\/index.php?rest_route=%2Fwp%2Fv2%2Ftags&post=25458"}],"curies":[{"name":"wp","href":"https:\/\/api.w.org\/{rel}","templated":true}]}}