{"id":25449,"date":"2021-04-21T11:17:49","date_gmt":"2021-04-21T14:17:49","guid":{"rendered":"https:\/\/atecordoba.org\/?p=25449"},"modified":"2021-04-22T09:28:48","modified_gmt":"2021-04-22T12:28:48","slug":"saldan-reunion-con-el-intendente-para-reclamar-40-de-aumento-salarial","status":"publish","type":"post","link":"https:\/\/atecordoba.org\/?p=25449","title":{"rendered":"Sald\u00e1n: ATE logr\u00f3 el 40% de aumento salarial"},"content":{"rendered":"<figure id=\"attachment_25450\" aria-describedby=\"caption-attachment-25450\" style=\"width: 599px\" class=\"wp-caption aligncenter\"><img loading=\"lazy\" decoding=\"async\" class=\"wp-image-25450\" src=\"https:\/\/atecordoba.org\/wp-content\/uploads\/2021\/04\/IMG_20210407_150737938-300x169.jpg\" alt=\"\" width=\"599\" height=\"337\" srcset=\"https:\/\/atecordoba.org\/wp-content\/uploads\/2021\/04\/IMG_20210407_150737938-300x169.jpg 300w, https:\/\/atecordoba.org\/wp-content\/uploads\/2021\/04\/IMG_20210407_150737938-1024x576.jpg 1024w, https:\/\/atecordoba.org\/wp-content\/uploads\/2021\/04\/IMG_20210407_150737938-768x432.jpg 768w, https:\/\/atecordoba.org\/wp-content\/uploads\/2021\/04\/IMG_20210407_150737938-1536x864.jpg 1536w, https:\/\/atecordoba.org\/wp-content\/uploads\/2021\/04\/IMG_20210407_150737938-2048x1152.jpg 2048w, https:\/\/atecordoba.org\/wp-content\/uploads\/2021\/04\/IMG_20210407_150737938-750x422.jpg 750w, https:\/\/atecordoba.org\/wp-content\/uploads\/2021\/04\/IMG_20210407_150737938-1140x641.jpg 1140w\" sizes=\"auto, (max-width: 599px) 100vw, 599px\" \/><figcaption id=\"caption-attachment-25450\" class=\"wp-caption-text\">Giuliani y Contreras, junto al intendente Cayetano Calvo (al medio).<\/figcaption><\/figure>\n<p>En una reuni\u00f3n llevada a cabo con el intendente de la localidad, Cayetano Canto, ATE acord\u00f3 para los municipales de Sald\u00e1n una recomposici\u00f3n salarial del 40%.<\/p>\n<p>Se trata de la primera negociaci\u00f3n salarial que nuestra organizaci\u00f3n lleva adelante en la localidad, y tiene la perspectiva de recomponer los ingresos del sector, dado los bajos niveles de haberes del sector y la escalada inflacionaria, sobre todo de insumos b\u00e1sicos de la canasta familiar que horada mes a mes el poder adquisitivo de las y los trabajadores.<\/p>\n<p>La audiencia cont\u00f3 con la presencia de la secretaria de Prensa del Consejo Directivo Provincial (CDP), Julia Giuliani, y del secretario de Acci\u00f3n Social, Ivan Contreras.<\/p>\n<p>En la oportunidad, ATE plante\u00f3 el pase a contrato de gran parte del plantel municipal, que cumple funciones bajo la figura de becarios y becarias, extremo de precarizaci\u00f3n laboral que debe revertirse para que Saldan se adecue a la legislaci\u00f3n laboral vigente.<\/p>\n<p>Tambi\u00e9n qued\u00f3 establecida una mesa de relaciones laborales para canalizar los reclamos gremiales.<\/p>\n<p>&nbsp;<\/p>\n","protected":false},"excerpt":{"rendered":"<p>En una reuni\u00f3n llevada a cabo con el intendente de la localidad, Cayetano Canto, ATE acord\u00f3 para los municipales de Sald\u00e1n una recomposici\u00f3n salarial del 40%. Se trata de la primera negociaci\u00f3n salarial que nuestra organizaci\u00f3n lleva adelante en la localidad, y tiene la perspectiva de recomponer los ingresos del sector, dado los bajos niveles [&hellip;]<\/p>\n","protected":false},"author":7,"featured_media":25451,"comment_status":"open","ping_status":"open","sticky":true,"template":"","format":"standard","meta":{"_exactmetrics_skip_tracking":false,"_exactmetrics_sitenote_active":false,"_exactmetrics_sitenote_note":"","_exactmetrics_sitenote_category":0,"jnews-multi-image_gallery":[],"jnews_single_post":{"source_name":"","source_url":"","via_name":"","via_url":"","override_template":"0","override":[{"template":"1","single_blog_custom":"","parallax":"1","fullscreen":"0","layout":"right-sidebar","sidebar":"default-sidebar","second_sidebar":"default-sidebar","sticky_sidebar":"1","share_position":"top","share_float_style":"share-monocrhome","show_share_counter":"1","show_view_counter":"1","show_featured":"1","show_post_meta":"1","show_post_author":"1","show_post_author_image":"1","show_post_date":"1","post_date_format":"default","post_date_format_custom":"Y\/m\/d","show_post_category":"1","show_post_reading_time":"0","post_reading_time_wpm":"300","show_zoom_button":"0","zoom_button_out_step":"2","zoom_button_in_step":"3","show_post_tag":"1","show_prev_next_post":"1","show_popup_post":"1","number_popup_post":"1","show_author_box":"0","show_post_related":"0","show_inline_post_related":"0"}],"override_image_size":"0","image_override":[{"single_post_thumbnail_size":"crop-500","single_post_gallery_size":"crop-500"}],"trending_post":"0","trending_post_position":"meta","trending_post_label":"Trending","sponsored_post":"0","sponsored_post_label":"Sponsored by","sponsored_post_name":"","sponsored_post_url":"","sponsored_post_logo_enable":"0","sponsored_post_logo":"","sponsored_post_desc":""},"jnews_primary_category":{"id":""},"jnews_social_meta":{"fb_title":"","fb_description":"","fb_image":"","twitter_title":"","twitter_description":"","twitter_image":""},"jnews_review":[],"enable_review":"0","type":"percentage","name":"","summary":"","brand":"","sku":"","good":[{"good_text":""}],"bad":[{"bad_text":""}],"score_override":"","override_value":"","rating":[{"rating_text":"","rating_number":"10"}],"price":[{"shop":"","price":"","link":"","icon":""}],"jnews_override_counter":{"override_view_counter":"0","view_counter_number":"0","override_share_counter":"0","share_counter_number":"0","override_like_counter":"0","like_counter_number":"0","override_dislike_counter":"0","dislike_counter_number":"0"},"jnews_post_split":{"enable_post_split":"0","post_split":[{"template":"1","tag":"h2","numbering":"asc","mode":"normal"}]},"footnotes":""},"categories":[341,20],"tags":[533],"class_list":["post-25449","post","type-post","status-publish","format-standard","has-post-thumbnail","hentry","category-cdp","category-municipales","tag-saldan"],"jetpack_featured_media_url":"https:\/\/atecordoba.org\/wp-content\/uploads\/2021\/04\/IMG_20210407_132911019_HDR-scaled.jpg","_links":{"self":[{"href":"https:\/\/atecordoba.org\/index.php?rest_route=\/wp\/v2\/posts\/25449","targetHints":{"allow":["GET"]}}],"collection":[{"href":"https:\/\/atecordoba.org\/index.php?rest_route=\/wp\/v2\/posts"}],"about":[{"href":"https:\/\/atecordoba.org\/index.php?rest_route=\/wp\/v2\/types\/post"}],"author":[{"embeddable":true,"href":"https:\/\/atecordoba.org\/index.php?rest_route=\/wp\/v2\/users\/7"}],"replies":[{"embeddable":true,"href":"https:\/\/atecordoba.org\/index.php?rest_route=%2Fwp%2Fv2%2Fcomments&post=25449"}],"version-history":[{"count":6,"href":"https:\/\/atecordoba.org\/index.php?rest_route=\/wp\/v2\/posts\/25449\/revisions"}],"predecessor-version":[{"id":25484,"href":"https:\/\/atecordoba.org\/index.php?rest_route=\/wp\/v2\/posts\/25449\/revisions\/25484"}],"wp:featuredmedia":[{"embeddable":true,"href":"https:\/\/atecordoba.org\/index.php?rest_route=\/wp\/v2\/media\/25451"}],"wp:attachment":[{"href":"https:\/\/atecordoba.org\/index.php?rest_route=%2Fwp%2Fv2%2Fmedia&parent=25449"}],"wp:term":[{"taxonomy":"category","embeddable":true,"href":"https:\/\/atecordoba.org\/index.php?rest_route=%2Fwp%2Fv2%2Fcategories&post=25449"},{"taxonomy":"post_tag","embeddable":true,"href":"https:\/\/atecordoba.org\/index.php?rest_route=%2Fwp%2Fv2%2Ftags&post=25449"}],"curies":[{"name":"wp","href":"https:\/\/api.w.org\/{rel}","templated":true}]}}