{"id":25444,"date":"2021-04-21T10:35:45","date_gmt":"2021-04-21T13:35:45","guid":{"rendered":"https:\/\/atecordoba.org\/?p=25444"},"modified":"2021-04-21T13:36:24","modified_gmt":"2021-04-21T16:36:24","slug":"jornada-de-lucha-de-nacionales-para-el-5-de-mayo","status":"publish","type":"post","link":"https:\/\/atecordoba.org\/?p=25444","title":{"rendered":"Los Sectores Nacionales de ATE C\u00f3rdoba definieron una Jornada de Lucha para el 5 de mayo"},"content":{"rendered":"<p><img loading=\"lazy\" decoding=\"async\" class=\" wp-image-25445 aligncenter\" src=\"https:\/\/atecordoba.org\/wp-content\/uploads\/2021\/04\/IMG-20210420-WA0121-300x215.jpg\" alt=\"\" width=\"601\" height=\"431\" srcset=\"https:\/\/atecordoba.org\/wp-content\/uploads\/2021\/04\/IMG-20210420-WA0121-300x215.jpg 300w, https:\/\/atecordoba.org\/wp-content\/uploads\/2021\/04\/IMG-20210420-WA0121-768x550.jpg 768w, https:\/\/atecordoba.org\/wp-content\/uploads\/2021\/04\/IMG-20210420-WA0121-120x86.jpg 120w, https:\/\/atecordoba.org\/wp-content\/uploads\/2021\/04\/IMG-20210420-WA0121-350x250.jpg 350w, https:\/\/atecordoba.org\/wp-content\/uploads\/2021\/04\/IMG-20210420-WA0121-750x537.jpg 750w, https:\/\/atecordoba.org\/wp-content\/uploads\/2021\/04\/IMG-20210420-WA0121.jpg 896w\" sizes=\"auto, (max-width: 601px) 100vw, 601px\" \/>En un plenario con gran presencia de representantes de sectores nacionales de toda la provincia, el Consejo Directivo Provincial de ATE C\u00f3rdoba junto cuerpo de delegados resolvi\u00f3 llevar a delante una jornada de lucha el pr\u00f3ximo 5 de mayo en el marco de la apertura de paritarias en el Estado nacional.<\/p>\n<p>La medida se llevar\u00e1 a cabo tras <a href=\"https:\/\/atecordoba.org\/?p=24835\">la movilizaci\u00f3n realizada a la delegaci\u00f3n provincial del Ministerio de Trabajo de la Naci\u00f3n<\/a> el 18 de marzo pasado, que cont\u00f3 con la presencia del secretario General Adjunto del Consejo Nacional, Rodolfo Aguiar.<\/p>\n<p>El plenario estuvo presidido por el secretario General de ATE C\u00f3rdoba, Federico Giuliani, y se desarroll\u00f3 con modalidad virtual.<\/p>\n<p>El referente provincial dio marco al debate donde cada representante de sector hizo un balance de su situaci\u00f3n particular, describi\u00f3 las acciones gremiales realizadas en funci\u00f3n de la agenda sectorial y plante\u00f3 la perspectiva de cara al futuro.<\/p>\n<p>En ese sentido, Giuliani destac\u00f3 que \u201cahora cabe plantear la continuidad de la acci\u00f3n del 18 de marzo porque estamos en un momento pol\u00edtico oportuno ya que se est\u00e1 por abrir la paritaria entre el Estado empleador y ATE y UPCN. Eso va a posibilitar o no la apertura de las discusiones sectoriales, para mejorar esas paritarias\u201d.<\/p>\n<p>\u201cNos parece trascendental que desde C\u00f3rdoba sigamos marcando una agenda nacional, que desde C\u00f3rdoba sigamos marcado que sin lucha no hay transformaci\u00f3n en Argentina. Y lo hacemos en un momento dif\u00edcil de la situaci\u00f3n sanitaria en nuestro pa\u00eds\u201d, dijo el dirigente.<\/p>\n<p><img loading=\"lazy\" decoding=\"async\" class=\" wp-image-25446 aligncenter\" src=\"https:\/\/atecordoba.org\/wp-content\/uploads\/2021\/04\/IMG-20210420-WA0116-300x169.jpg\" alt=\"\" width=\"603\" height=\"340\" srcset=\"https:\/\/atecordoba.org\/wp-content\/uploads\/2021\/04\/IMG-20210420-WA0116-300x169.jpg 300w, https:\/\/atecordoba.org\/wp-content\/uploads\/2021\/04\/IMG-20210420-WA0116-1024x576.jpg 1024w, https:\/\/atecordoba.org\/wp-content\/uploads\/2021\/04\/IMG-20210420-WA0116-768x432.jpg 768w, https:\/\/atecordoba.org\/wp-content\/uploads\/2021\/04\/IMG-20210420-WA0116-750x422.jpg 750w, https:\/\/atecordoba.org\/wp-content\/uploads\/2021\/04\/IMG-20210420-WA0116-1140x641.jpg 1140w, https:\/\/atecordoba.org\/wp-content\/uploads\/2021\/04\/IMG-20210420-WA0116.jpg 1280w\" sizes=\"auto, (max-width: 603px) 100vw, 603px\" \/><\/p>\n<p>El secretario General remarc\u00f3 que \u201csomos totalmente coherentes con todo lo que hemos venido planteando desde el principio de la pandemia, pero tambi\u00e9n somos conscientes de que si no damos la pelea de manera unificada vamos a seguir perdiendo salario, perdiendo derechos, perdiendo compa\u00f1eros y compa\u00f1eras\u201d.<\/p>\n<p>En esa l\u00ednea, Giuliani inform\u00f3 que el fallecimiento del compa\u00f1ero Pablo Pucheta, de Senasa, v\u00edctima de Covid-19, \u201clo que nos nuestra por qu\u00e9 fuimos designados como trabajadores esenciales desde el arranque de la pandemia, pero en el caso de los nacionales muchos no cobramos el bono de salud y ninguno fuimos vacunados en esta esencialidad\u201d.<\/p>\n<p>El Plenario sesion\u00f3 bajo el nombre de Pablo Pucheta \u201cme homenaje al compa\u00f1ero ca\u00eddo pero tambi\u00e9n para plantear que no queremos m\u00e1s muertos en los lugares de trabajo\u201d, dijo Giuliani.<\/p>\n<p>Cabe se\u00f1alar que en la grilla de reclamos que el 18 marzo ATE C\u00f3rdoba traslad\u00f3 al ministro de Trabajo Claudio Moroni figuraba la \u201cvacunaci\u00f3n para trabajadores esenciales y presenciales\u201d, junto a \u201creaperturas de Paritarias\u201d, \u201cpase a Planta Permanente\u201d, \u201creincorporaci\u00f3n de los\/las despedidos\/as\u201d, \u201ctesteos (PCR RT) COVID19 peri\u00f3dicos al personal\u201d y \u201cCondiciones de seguridad e higiene laboral\u201d.<\/p>\n<p>Giuliani analiz\u00f3 que \u201csabemos que venimos de una paritaria muy floja, muy pobre, una propuesta irrisoria del 7% en septiembre, que gener\u00f3 que ATE C\u00f3rdoba hiciera una caravana a la Plaza Agust\u00edn Tosco en octubre de 2020. La pauta \u00a0que nos condena a la pobreza se cerr\u00f3 en diciembre y se reabre en mayo pr\u00f3ximo. Para revertir esa situaci\u00f3n tenemos que organizarnos\u00a0 y planteando la lucha desde C\u00f3rdoba para que la llama se siga prendiendo\u201d.<\/p>\n<p><strong>Realidad de los sectores<\/strong><\/p>\n<p>Seguidamente, el secretario General destac\u00f3 las acciones gremiales que se realizaron en el mes posterior a la movilizaci\u00f3n a la cartera laboral. \u201cLa semana pasada hicimos un paro con corte de ruta en Fabricaciones Militares de R\u00edo Tercero, ah\u00ed los veo a nuestro secretario General (de la seccional) Dami\u00e1n Albornoz, a David Salto y a Emanuel Mari\u00f1o, que tambi\u00e9n es parte del equipo de nacionales de ATE C\u00f3rdoba, lo que muestra que los sectores estamos en conflicto, y que como gremio no vamos a hacer de dique de contenci\u00f3n de los conflictos\u201d<\/p>\n<p>Tambi\u00e9n se refiri\u00f3 al conflicto en la f\u00e1brica de uranio Dioxitek. \u201cComo puede explicar el compa\u00f1ero Claudio Borga venimos de un conflicto que amerit\u00f3 la intervenci\u00f3n del Ministerio de Trabajo de la Naci\u00f3n donde pudimos\u00a0 sentar a la patronal a discutir la agenda que nosotros quer\u00edamos desde el plantel de Dioxitek\u201d.<img loading=\"lazy\" decoding=\"async\" class=\" wp-image-25447 aligncenter\" src=\"https:\/\/atecordoba.org\/wp-content\/uploads\/2021\/04\/IMG-20210420-WA0120-300x215.jpg\" alt=\"\" width=\"600\" height=\"430\" srcset=\"https:\/\/atecordoba.org\/wp-content\/uploads\/2021\/04\/IMG-20210420-WA0120-300x215.jpg 300w, https:\/\/atecordoba.org\/wp-content\/uploads\/2021\/04\/IMG-20210420-WA0120-768x550.jpg 768w, https:\/\/atecordoba.org\/wp-content\/uploads\/2021\/04\/IMG-20210420-WA0120-120x86.jpg 120w, https:\/\/atecordoba.org\/wp-content\/uploads\/2021\/04\/IMG-20210420-WA0120-350x250.jpg 350w, https:\/\/atecordoba.org\/wp-content\/uploads\/2021\/04\/IMG-20210420-WA0120-750x537.jpg 750w, https:\/\/atecordoba.org\/wp-content\/uploads\/2021\/04\/IMG-20210420-WA0120.jpg 896w\" sizes=\"auto, (max-width: 600px) 100vw, 600px\" \/><\/p>\n<p>\u201cEst\u00e1 ac\u00e1 Agust\u00edn Bertone referente de la Anac C\u00f3rdoba y coordinador del equipo de Nacionales; est\u00e1 Cesar Theaux, secretario de Formaci\u00f3n del Consejo y referente del Ministerio de Trabajo de la Naci\u00f3n\u201d, enumer\u00f3 Giuliani y al mismo tiempo dio la bienvenida \u201ca dos sectores nuevos que se est\u00e1n organizando en ATE C\u00f3rdoba. Tambi\u00e9n quiero informar dos campa\u00f1as que estamos lanzando desde el Consejo Provincial con esos sectores: una es sobre el cumplimiento del cupo trans, ah\u00ed est\u00e1 Eugenio Talbot, nuevo integrante de nuestra ATE; y est\u00e1 Franco Orsato, director del Departamento de Discapacidad de ATE C\u00f3rdoba y que tambi\u00e9n va a tener a cargo la campa\u00f1a para que se cumpla el cupo de discapacidad. Sabemos que hay leyes y decretos pero tambi\u00e9n vemos que el Estado no les da importancia. Como siempre decimos, no vamos a mendigar derechos, los vamos a conquistar, sea mediante el di\u00e1logo y la concientizaci\u00f3n o como fruto de la lucha\u201d.<\/p>\n<p>En igual sentido, el dirigente anunci\u00f3 la participaci\u00f3n de la compa\u00f1era Valeria Beltran, del Renatar que depende del Ministerio del Interior de la Naci\u00f3n. \u201cEstamos comenzando a hacer afiliaciones con la perspectiva de elegir delegados de ese sector\u201d.<\/p>\n<p>Por \u00faltimo, se destac\u00f3 la presencia del compa\u00f1ero\u00a0 Claudio Becaccesi \u201cdespedido durante el macrismo en la CNRT y logramos reincorporarlo mediante la lucha y hoy Claudio es delegado. Tambi\u00e9n est\u00e1n los compa\u00f1eros de Fadea, que contin\u00faan con su reclamo sin resoluci\u00f3n para la reincorporaci\u00f3n de los despedidos del macrismo\u201d.<\/p>\n<p><strong>Reclamos<\/strong><\/p>\n<p>En la agenda de reclamos, el plenario reafirm\u00f3 la necesidad de un aumento salarial de emergencia, discutir las condiciones en que se van a dar los pases a planta permanente anunciados por el Gobierno a fines del a\u00f1o pasado, la reincorporaci\u00f3n de las y los despedidos durante el Gobierno de Mauricio Macri que todav\u00eda no fue cumplido por la actual gesti\u00f3n, salvo por casos muy puntuales y aislados y la necesidad de discutir la conformaci\u00f3n del comit\u00e9 de seguridad e higiene laboral para abordar de qu\u00e9 manera se va a desarrollar la vuelta al trabajo presencial en aquellos sectores con perspectiva de retomar la actividad, cuando el Estado nacional supere las actuales restricciones\u201d.<\/p>\n","protected":false},"excerpt":{"rendered":"<p>En un plenario con gran presencia de representantes de sectores nacionales de toda la provincia, el Consejo Directivo Provincial de ATE C\u00f3rdoba junto cuerpo de delegados resolvi\u00f3 llevar a delante una jornada de lucha el pr\u00f3ximo 5 de mayo en el marco de la apertura de paritarias en el Estado nacional. La medida se llevar\u00e1 [&hellip;]<\/p>\n","protected":false},"author":7,"featured_media":25445,"comment_status":"open","ping_status":"open","sticky":true,"template":"","format":"standard","meta":{"_exactmetrics_skip_tracking":false,"_exactmetrics_sitenote_active":false,"_exactmetrics_sitenote_note":"","_exactmetrics_sitenote_category":0,"jnews-multi-image_gallery":[],"jnews_single_post":{"source_name":"","source_url":"","via_name":"","via_url":"","override_template":"0","override":[{"template":"1","single_blog_custom":"","parallax":"1","fullscreen":"0","layout":"right-sidebar","sidebar":"default-sidebar","second_sidebar":"default-sidebar","sticky_sidebar":"1","share_position":"top","share_float_style":"share-monocrhome","show_share_counter":"1","show_view_counter":"1","show_featured":"1","show_post_meta":"1","show_post_author":"1","show_post_author_image":"1","show_post_date":"1","post_date_format":"default","post_date_format_custom":"Y\/m\/d","show_post_category":"1","show_post_reading_time":"0","post_reading_time_wpm":"300","show_zoom_button":"0","zoom_button_out_step":"2","zoom_button_in_step":"3","show_post_tag":"1","show_prev_next_post":"1","show_popup_post":"1","number_popup_post":"1","show_author_box":"0","show_post_related":"0","show_inline_post_related":"0"}],"override_image_size":"0","image_override":[{"single_post_thumbnail_size":"crop-500","single_post_gallery_size":"crop-500"}],"trending_post":"0","trending_post_position":"meta","trending_post_label":"Trending","sponsored_post":"0","sponsored_post_label":"Sponsored by","sponsored_post_name":"","sponsored_post_url":"","sponsored_post_logo_enable":"0","sponsored_post_logo":"","sponsored_post_desc":""},"jnews_primary_category":{"id":""},"jnews_social_meta":{"fb_title":"","fb_description":"","fb_image":"","twitter_title":"","twitter_description":"","twitter_image":""},"jnews_review":[],"enable_review":"0","type":"percentage","name":"","summary":"","brand":"","sku":"","good":[{"good_text":""}],"bad":[{"bad_text":""}],"score_override":"","override_value":"","rating":[{"rating_text":"","rating_number":"10"}],"price":[{"shop":"","price":"","link":"","icon":""}],"jnews_override_counter":{"override_view_counter":"0","view_counter_number":"0","override_share_counter":"0","share_counter_number":"0","override_like_counter":"0","like_counter_number":"0","override_dislike_counter":"0","dislike_counter_number":"0"},"jnews_post_split":{"enable_post_split":"0","post_split":[{"template":"1","tag":"h2","numbering":"asc","mode":"normal"}]},"footnotes":""},"categories":[18],"tags":[805,804],"class_list":["post-25444","post","type-post","status-publish","format-standard","has-post-thumbnail","hentry","category-nacionales","tag-jornada-de-protesta-5-de-mayo","tag-plenario-nacionales"],"jetpack_featured_media_url":"https:\/\/atecordoba.org\/wp-content\/uploads\/2021\/04\/IMG-20210420-WA0121.jpg","_links":{"self":[{"href":"https:\/\/atecordoba.org\/index.php?rest_route=\/wp\/v2\/posts\/25444","targetHints":{"allow":["GET"]}}],"collection":[{"href":"https:\/\/atecordoba.org\/index.php?rest_route=\/wp\/v2\/posts"}],"about":[{"href":"https:\/\/atecordoba.org\/index.php?rest_route=\/wp\/v2\/types\/post"}],"author":[{"embeddable":true,"href":"https:\/\/atecordoba.org\/index.php?rest_route=\/wp\/v2\/users\/7"}],"replies":[{"embeddable":true,"href":"https:\/\/atecordoba.org\/index.php?rest_route=%2Fwp%2Fv2%2Fcomments&post=25444"}],"version-history":[{"count":3,"href":"https:\/\/atecordoba.org\/index.php?rest_route=\/wp\/v2\/posts\/25444\/revisions"}],"predecessor-version":[{"id":25459,"href":"https:\/\/atecordoba.org\/index.php?rest_route=\/wp\/v2\/posts\/25444\/revisions\/25459"}],"wp:featuredmedia":[{"embeddable":true,"href":"https:\/\/atecordoba.org\/index.php?rest_route=\/wp\/v2\/media\/25445"}],"wp:attachment":[{"href":"https:\/\/atecordoba.org\/index.php?rest_route=%2Fwp%2Fv2%2Fmedia&parent=25444"}],"wp:term":[{"taxonomy":"category","embeddable":true,"href":"https:\/\/atecordoba.org\/index.php?rest_route=%2Fwp%2Fv2%2Fcategories&post=25444"},{"taxonomy":"post_tag","embeddable":true,"href":"https:\/\/atecordoba.org\/index.php?rest_route=%2Fwp%2Fv2%2Ftags&post=25444"}],"curies":[{"name":"wp","href":"https:\/\/api.w.org\/{rel}","templated":true}]}}