{"id":2544,"date":"2013-04-05T19:09:36","date_gmt":"2013-04-05T22:09:36","guid":{"rendered":"http:\/\/www.atecordoba.org\/?p=2544"},"modified":"2013-04-05T19:09:36","modified_gmt":"2013-04-05T22:09:36","slug":"campana-solidaria-de-donaciones-para-los-inundados-de-buenos-aires-y-la-plata","status":"publish","type":"post","link":"https:\/\/atecordoba.org\/?p=2544","title":{"rendered":"Campa\u00f1a solidaria de donaciones para los inundados de Buenos Aires y La Plata"},"content":{"rendered":"<p><a href=\"http:\/\/www.atecordoba.org\/wp-content\/uploads\/2013\/04\/colecta-solidaria.jpg\"><img loading=\"lazy\" decoding=\"async\" class=\"aligncenter size-full wp-image-2545\" title=\"colecta solidaria\" src=\"http:\/\/www.atecordoba.org\/wp-content\/uploads\/2013\/04\/colecta-solidaria.jpg\" alt=\"\" width=\"650\" height=\"355\" \/><\/a><\/p>\n<p>Compa\u00f1eros, ATE C\u00f3rdoba llevar\u00e1 a cabo una campa\u00f1a solidaria para enviar alimentos no perecederos y ropa como mantas, frazadas y tambi\u00e9n colchones. Todos los que puedan hacer alg\u00fan aporte deben dirigirse a los locales de ATE, de\u00a0lunes\u00a0a\u00a0viernes. En C\u00f3rdoba Capital, Entre R\u00edos\u00a0<a href=\"callto:450 (0351-4232748\">450 (0351-4232748<\/a>); en Villa\u00a0Mar\u00eda, Santa Fe\u00a0<a href=\"callto:1557 (0353) 4527987\">1557 (0353) 4527987<\/a>; R\u00edo Cuarto, Cabrera\u00a0<a href=\"callto:467 (0358 4622555\">467 (0358 4622555<\/a>); R\u00edo Tercero, Mosconi esquina, Esperanza \u00a0(03571-421555).<\/p>\n<p>Los delegados que tengan alguna duda, comunicarse con la Secretaria de Acci\u00f3n Social (Gustavo Z\u00e1rate) del Consejo Directivo Provincial.<\/p>\n","protected":false},"excerpt":{"rendered":"<p>Compa\u00f1eros, ATE C\u00f3rdoba llevar\u00e1 a cabo una campa\u00f1a solidaria para enviar alimentos no perecederos y ropa como mantas, frazadas y tambi\u00e9n colchones. Todos los que puedan hacer alg\u00fan aporte deben dirigirse a los locales de ATE, de\u00a0lunes\u00a0a\u00a0viernes. En C\u00f3rdoba Capital, Entre R\u00edos\u00a0450 (0351-4232748); en Villa\u00a0Mar\u00eda, Santa Fe\u00a01557 (0353) 4527987; R\u00edo Cuarto, Cabrera\u00a0467 (0358 4622555); R\u00edo [&hellip;]<\/p>\n","protected":false},"author":1,"featured_media":19220,"comment_status":"open","ping_status":"open","sticky":false,"template":"","format":"standard","meta":{"_exactmetrics_skip_tracking":false,"_exactmetrics_sitenote_active":false,"_exactmetrics_sitenote_note":"","_exactmetrics_sitenote_category":0,"jnews-multi-image_gallery":[],"jnews_single_post":[],"jnews_primary_category":[],"jnews_social_meta":[],"jnews_review":[],"enable_review":"","type":"","name":"","summary":"","brand":"","sku":"","good":[],"bad":[],"score_override":"","override_value":"","rating":[],"price":[],"jnews_override_counter":[],"jnews_post_split":[],"footnotes":""},"categories":[18],"tags":[],"class_list":["post-2544","post","type-post","status-publish","format-standard","has-post-thumbnail","hentry","category-nacionales"],"jetpack_featured_media_url":"https:\/\/atecordoba.org\/wp-content\/uploads\/2020\/05\/logo-nuevochico-e1561581322808.png","_links":{"self":[{"href":"https:\/\/atecordoba.org\/index.php?rest_route=\/wp\/v2\/posts\/2544","targetHints":{"allow":["GET"]}}],"collection":[{"href":"https:\/\/atecordoba.org\/index.php?rest_route=\/wp\/v2\/posts"}],"about":[{"href":"https:\/\/atecordoba.org\/index.php?rest_route=\/wp\/v2\/types\/post"}],"author":[{"embeddable":true,"href":"https:\/\/atecordoba.org\/index.php?rest_route=\/wp\/v2\/users\/1"}],"replies":[{"embeddable":true,"href":"https:\/\/atecordoba.org\/index.php?rest_route=%2Fwp%2Fv2%2Fcomments&post=2544"}],"version-history":[{"count":0,"href":"https:\/\/atecordoba.org\/index.php?rest_route=\/wp\/v2\/posts\/2544\/revisions"}],"wp:featuredmedia":[{"embeddable":true,"href":"https:\/\/atecordoba.org\/index.php?rest_route=\/wp\/v2\/media\/19220"}],"wp:attachment":[{"href":"https:\/\/atecordoba.org\/index.php?rest_route=%2Fwp%2Fv2%2Fmedia&parent=2544"}],"wp:term":[{"taxonomy":"category","embeddable":true,"href":"https:\/\/atecordoba.org\/index.php?rest_route=%2Fwp%2Fv2%2Fcategories&post=2544"},{"taxonomy":"post_tag","embeddable":true,"href":"https:\/\/atecordoba.org\/index.php?rest_route=%2Fwp%2Fv2%2Ftags&post=2544"}],"curies":[{"name":"wp","href":"https:\/\/api.w.org\/{rel}","templated":true}]}}