{"id":25413,"date":"2021-04-19T12:33:00","date_gmt":"2021-04-19T15:33:00","guid":{"rendered":"https:\/\/atecordoba.org\/?p=25413"},"modified":"2021-04-19T12:47:32","modified_gmt":"2021-04-19T15:47:32","slug":"el-secretario-general-ate-y-ctaa-provincia-de-cordoba-estara-presente-en-el-4-congreso-continental-de-la-central-sindical-de-las-americas","status":"publish","type":"post","link":"https:\/\/atecordoba.org\/?p=25413","title":{"rendered":"El Secretario General ATE y CTAA Provincia de C\u00f3rdoba estar\u00e1 presente en el 4\u00ba Congreso Continental de la Central Sindical de las Am\u00e9ricas"},"content":{"rendered":"<p><a href=\"https:\/\/atecordoba.org\/wp-content\/uploads\/2021\/04\/20-04-Congreso-CSA.jpeg\"><img loading=\"lazy\" decoding=\"async\" class=\"alignright wp-image-25414\" src=\"https:\/\/atecordoba.org\/wp-content\/uploads\/2021\/04\/20-04-Congreso-CSA-300x225.jpeg\" alt=\"\" width=\"469\" height=\"352\" srcset=\"https:\/\/atecordoba.org\/wp-content\/uploads\/2021\/04\/20-04-Congreso-CSA-300x225.jpeg 300w, https:\/\/atecordoba.org\/wp-content\/uploads\/2021\/04\/20-04-Congreso-CSA-1024x768.jpeg 1024w, https:\/\/atecordoba.org\/wp-content\/uploads\/2021\/04\/20-04-Congreso-CSA-768x576.jpeg 768w, https:\/\/atecordoba.org\/wp-content\/uploads\/2021\/04\/20-04-Congreso-CSA-1536x1152.jpeg 1536w, https:\/\/atecordoba.org\/wp-content\/uploads\/2021\/04\/20-04-Congreso-CSA-750x563.jpeg 750w, https:\/\/atecordoba.org\/wp-content\/uploads\/2021\/04\/20-04-Congreso-CSA-1140x855.jpeg 1140w, https:\/\/atecordoba.org\/wp-content\/uploads\/2021\/04\/20-04-Congreso-CSA.jpeg 1600w\" sizes=\"auto, (max-width: 469px) 100vw, 469px\" \/><\/a>La Central Sindical de las Am\u00e9ricas (CSA) se fund\u00f3 el 27 de marzo de 2008, en la Ciudad de Panam\u00e1 (Panam\u00e1), resultado de la unificaci\u00f3n de la Confederaci\u00f3n Interamericana de Trabajadores (CIT 1948-1951) y de la Central Latinoamericana de Trabajadores (CLAT). La organizaci\u00f3n afilia a 48 organizaciones sindicales de 21 pa\u00edses y representa a 55 millones de trabajadores y trabajadoras. Su Congreso Continental, que se realizar\u00e1 este a\u00f1o del 20 al 23 de abril, re\u00fane a unos 500 delegados y delegadas, entre quienes se enontrar\u00e1 el Secretario General de ATE C\u00f3rdoba y la CTAA, Federico Giuliani.<br \/>\nEn la convocatoria al 4to Congreso, &#8220;la CSA alerta que defender las fuerzas populares y las opciones democr\u00e1ticas es un gran desaf\u00edo que necesita del instrumento hist\u00f3rico de los trabajadores\/as: los sindicatos. La confederaci\u00f3n sindical asume el compromiso de defender m\u00e1s que nunca los derechos y los avances conquistados por la clase trabajadora, reafirma su el sindicalismo socio pol\u00edtico como lineamiento y hace un llamamiento a la organizaci\u00f3n&#8221;.<\/p>\n<p><strong><a href=\"https:\/\/atecordoba.org\/wp-content\/uploads\/2021\/04\/19-04-Previa-CSA.jpeg\"><img loading=\"lazy\" decoding=\"async\" class=\" wp-image-25415 alignleft\" src=\"https:\/\/atecordoba.org\/wp-content\/uploads\/2021\/04\/19-04-Previa-CSA-300x172.jpeg\" alt=\"\" width=\"433\" height=\"248\" srcset=\"https:\/\/atecordoba.org\/wp-content\/uploads\/2021\/04\/19-04-Previa-CSA-300x172.jpeg 300w, https:\/\/atecordoba.org\/wp-content\/uploads\/2021\/04\/19-04-Previa-CSA-1024x588.jpeg 1024w, https:\/\/atecordoba.org\/wp-content\/uploads\/2021\/04\/19-04-Previa-CSA-768x441.jpeg 768w, https:\/\/atecordoba.org\/wp-content\/uploads\/2021\/04\/19-04-Previa-CSA-750x430.jpeg 750w, https:\/\/atecordoba.org\/wp-content\/uploads\/2021\/04\/19-04-Previa-CSA.jpeg 1124w\" sizes=\"auto, (max-width: 433px) 100vw, 433px\" \/><\/a>La &#8220;previa&#8221; argentina<\/strong><br \/>\nAdem\u00e1s, Giuliani participa hoy de una reuni\u00f3n preparatoria de los planteos argentinos en la CSA de la cual participan, adem\u00e1s, Hugo &#8220;Cachorro&#8221; Godoy, Secretario General de ATE Nacional; Ricardo Peidr\u00f3 y Rodolfo &#8220;Fito&#8221; Aguirre, Secretario General de CTAA Nacional y de Relaciones Internacionales de la CTAA Nacional, respectivamente; y Carlos Custer, referente de ATE con larga trayectoria en el sindicalismo nacional e internacional.<\/p>\n","protected":false},"excerpt":{"rendered":"<p>La Central Sindical de las Am\u00e9ricas (CSA) se fund\u00f3 el 27 de marzo de 2008, en la Ciudad de Panam\u00e1 (Panam\u00e1), resultado de la unificaci\u00f3n de la Confederaci\u00f3n Interamericana de Trabajadores (CIT 1948-1951) y de la Central Latinoamericana de Trabajadores (CLAT). La organizaci\u00f3n afilia a 48 organizaciones sindicales de 21 pa\u00edses y representa a 55 [&hellip;]<\/p>\n","protected":false},"author":6,"featured_media":24228,"comment_status":"open","ping_status":"open","sticky":false,"template":"","format":"standard","meta":{"_exactmetrics_skip_tracking":false,"_exactmetrics_sitenote_active":false,"_exactmetrics_sitenote_note":"","_exactmetrics_sitenote_category":0,"jnews-multi-image_gallery":[],"jnews_single_post":{"source_name":"","source_url":"","via_name":"","via_url":"","override_template":"0","override":[{"template":"1","single_blog_custom":"","parallax":"1","fullscreen":"0","layout":"right-sidebar","sidebar":"default-sidebar","second_sidebar":"default-sidebar","sticky_sidebar":"1","share_position":"top","share_float_style":"share-monocrhome","show_share_counter":"1","show_view_counter":"1","show_featured":"1","show_post_meta":"1","show_post_author":"1","show_post_author_image":"1","show_post_date":"1","post_date_format":"default","post_date_format_custom":"Y\/m\/d","show_post_category":"1","show_post_reading_time":"0","post_reading_time_wpm":"300","show_zoom_button":"0","zoom_button_out_step":"2","zoom_button_in_step":"3","show_post_tag":"1","show_prev_next_post":"1","show_popup_post":"1","number_popup_post":"1","show_author_box":"0","show_post_related":"0","show_inline_post_related":"0"}],"override_image_size":"0","image_override":[{"single_post_thumbnail_size":"crop-500","single_post_gallery_size":"crop-500"}],"trending_post":"0","trending_post_position":"meta","trending_post_label":"Trending","sponsored_post":"0","sponsored_post_label":"Sponsored by","sponsored_post_name":"","sponsored_post_url":"","sponsored_post_logo_enable":"0","sponsored_post_logo":"","sponsored_post_desc":""},"jnews_primary_category":{"id":""},"jnews_social_meta":{"fb_title":"","fb_description":"","fb_image":"","twitter_title":"","twitter_description":"","twitter_image":""},"jnews_review":[],"enable_review":"0","type":"percentage","name":"","summary":"","brand":"","sku":"","good":[{"good_text":""}],"bad":[{"bad_text":""}],"score_override":"","override_value":"","rating":[{"rating_text":"","rating_number":"10"}],"price":[{"shop":"","price":"","link":"","icon":""}],"jnews_override_counter":{"override_view_counter":"0","view_counter_number":"0","override_share_counter":"0","share_counter_number":"0","override_like_counter":"0","like_counter_number":"0","override_dislike_counter":"0","dislike_counter_number":"0"},"jnews_post_split":{"enable_post_split":"0","post_split":[{"template":"1","tag":"h2","numbering":"asc","mode":"normal"}]},"footnotes":""},"categories":[10,756,341,92],"tags":[],"class_list":["post-25413","post","type-post","status-publish","format-standard","has-post-thumbnail","hentry","category-accion-politica","category-consejo-directivo-nacional-cdn","category-cdp","category-cta"],"jetpack_featured_media_url":"https:\/\/atecordoba.org\/wp-content\/uploads\/2021\/02\/20200202183856_IMG_9509.jpg","_links":{"self":[{"href":"https:\/\/atecordoba.org\/index.php?rest_route=\/wp\/v2\/posts\/25413","targetHints":{"allow":["GET"]}}],"collection":[{"href":"https:\/\/atecordoba.org\/index.php?rest_route=\/wp\/v2\/posts"}],"about":[{"href":"https:\/\/atecordoba.org\/index.php?rest_route=\/wp\/v2\/types\/post"}],"author":[{"embeddable":true,"href":"https:\/\/atecordoba.org\/index.php?rest_route=\/wp\/v2\/users\/6"}],"replies":[{"embeddable":true,"href":"https:\/\/atecordoba.org\/index.php?rest_route=%2Fwp%2Fv2%2Fcomments&post=25413"}],"version-history":[{"count":2,"href":"https:\/\/atecordoba.org\/index.php?rest_route=\/wp\/v2\/posts\/25413\/revisions"}],"predecessor-version":[{"id":25417,"href":"https:\/\/atecordoba.org\/index.php?rest_route=\/wp\/v2\/posts\/25413\/revisions\/25417"}],"wp:featuredmedia":[{"embeddable":true,"href":"https:\/\/atecordoba.org\/index.php?rest_route=\/wp\/v2\/media\/24228"}],"wp:attachment":[{"href":"https:\/\/atecordoba.org\/index.php?rest_route=%2Fwp%2Fv2%2Fmedia&parent=25413"}],"wp:term":[{"taxonomy":"category","embeddable":true,"href":"https:\/\/atecordoba.org\/index.php?rest_route=%2Fwp%2Fv2%2Fcategories&post=25413"},{"taxonomy":"post_tag","embeddable":true,"href":"https:\/\/atecordoba.org\/index.php?rest_route=%2Fwp%2Fv2%2Ftags&post=25413"}],"curies":[{"name":"wp","href":"https:\/\/api.w.org\/{rel}","templated":true}]}}