{"id":25412,"date":"2021-04-19T12:54:04","date_gmt":"2021-04-19T15:54:04","guid":{"rendered":"https:\/\/atecordoba.org\/?p=25412"},"modified":"2021-04-19T12:54:04","modified_gmt":"2021-04-19T15:54:04","slug":"ate-anses-piden-cumplimiento-de-protocolos-y-rechazan-un-bono-para-garantizar-presencialidad","status":"publish","type":"post","link":"https:\/\/atecordoba.org\/?p=25412","title":{"rendered":"ATE Anses: piden cumplimiento de protocolos y rechazan un bono para garantizar presencialidad"},"content":{"rendered":"<p><img loading=\"lazy\" decoding=\"async\" class=\" wp-image-25419 aligncenter\" src=\"https:\/\/atecordoba.org\/wp-content\/uploads\/2021\/04\/aTE-ANSES-300x193.jpg\" alt=\"\" width=\"603\" height=\"388\" srcset=\"https:\/\/atecordoba.org\/wp-content\/uploads\/2021\/04\/aTE-ANSES-300x193.jpg 300w, https:\/\/atecordoba.org\/wp-content\/uploads\/2021\/04\/aTE-ANSES.jpg 512w\" sizes=\"auto, (max-width: 603px) 100vw, 603px\" \/>La segunda ola de contagios de Covid-19 y la aparici\u00f3n de cepas m\u00e1s contagiosas se instalaron fuertemente en nuestro pa\u00eds, es por eso que el Presidente de la Naci\u00f3n decidi\u00f3 tomar medidas a la altura a la altura de la situaci\u00f3n. Pero nuestro organismo, una vez m\u00e1s, parece no estar en la misma sinton\u00eda, ya que aumenta turnos de atenci\u00f3n incrementando la presencialidad en lugares de trabajo tanto de trabajadorxes como de p\u00fablico en general, inclusive con operativos los d\u00edas s\u00e1bado. Estamos en el pico de contagios de quienes trabajamos en ANSES desde que arranc\u00f3 la pandemia.<\/p>\n<p><img loading=\"lazy\" decoding=\"async\" class=\" wp-image-25420 alignright\" src=\"https:\/\/atecordoba.org\/wp-content\/uploads\/2021\/04\/ATE-Anses_manifiesto-229x300.jpeg\" alt=\"\" width=\"424\" height=\"555\" srcset=\"https:\/\/atecordoba.org\/wp-content\/uploads\/2021\/04\/ATE-Anses_manifiesto-229x300.jpeg 229w, https:\/\/atecordoba.org\/wp-content\/uploads\/2021\/04\/ATE-Anses_manifiesto-783x1024.jpeg 783w, https:\/\/atecordoba.org\/wp-content\/uploads\/2021\/04\/ATE-Anses_manifiesto-768x1004.jpeg 768w, https:\/\/atecordoba.org\/wp-content\/uploads\/2021\/04\/ATE-Anses_manifiesto-750x981.jpeg 750w, https:\/\/atecordoba.org\/wp-content\/uploads\/2021\/04\/ATE-Anses_manifiesto.jpeg 979w\" sizes=\"auto, (max-width: 424px) 100vw, 424px\" \/>En m\u00e1s de un a\u00f1o no hubo inversi\u00f3n real por parte de ANSES para fomentar y fortalecer la atenci\u00f3n virtual y el trabajo remoto tal como lo recomend\u00f3 el propio gobierno nacional. Por el contrario, se opt\u00f3 por desestimar el sistema de burbujas, que sumado a la mayor circulaci\u00f3n de gente en las calles y en nuestras oficinas, nos expone cada vez m\u00e1s al riesgo de contagio. Adem\u00e1s, hasta el momento no hay vistas de implementar un plan voluntario de vacunaci\u00f3n para trabajdorxs de la ANSES, ni testeos por protocolo para casos sospechosos como lo hemos solicitado en reiteradas oportunidades.<\/p>\n<p>Ahora, con medidas precisas comunicadas por el Presidente Alberto Fern\u00e1ndez para reducir el riesgo en el AMBA, que incluyen la suspensi\u00f3n de clases presenciales, la patronal insiste con el trabajo presencial de madres y padres con hijxs en edad escolar; y para ello ofrece un bono de 10 mil pesos para trabajadorxs del \u00e1rea de Prestaciones con hijxs de entre 6 y 13 a\u00f1os, para que sigan concurriendo a las oficinas (del \u00e1rea metropolitana). Esto solo busca garantizar una presencialidad en medio del aumento de contagios sin contemplar la necesidad de cuidado de sus hijxs.\u00a0 Hoy que necesitamos empat\u00eda del otrx, este bono\u00a0 busca la divisi\u00f3n de lxs trabajadorxs dejando de lado a las \u00e1reas centrales que son atravesadxs por la misma situaci\u00f3n.<\/p>\n<p>Ante esto, reafirmamos que si nuestras tareas son esenciales, nuestra salid tambi\u00e9n lo es. La salud de lxs trabajadorxs no tiene precio alguno, no se compra ni se vende. Un bono no reemplaza las tareas de cuidado.<\/p>\n<p>Desde ATE propusimos medidas sanitarias y hoy debemos solicitarle a lxs funcionarixs que cumplan con el protocolo que ellxs mismxs crearon; que se cumpla con los aforos, que se implementen nuevamente las burbujas, que se garantice la ventilaci\u00f3n y constante desinfecci\u00f3n de los espacios de trabajo y que se refuerce el trabajo remoto. Pero sobre todas las cosas son necesarias empat\u00eda y respeto por todxs lxs trabajadorxs de la ANSES.<\/p>\n<p>Es un momento cr\u00edtico hay que resguardar tanto a trabajadorxs como p\u00fablico en general.<\/p>\n<p>&nbsp;<\/p>\n","protected":false},"excerpt":{"rendered":"<p>La segunda ola de contagios de Covid-19 y la aparici\u00f3n de cepas m\u00e1s contagiosas se instalaron fuertemente en nuestro pa\u00eds, es por eso que el Presidente de la Naci\u00f3n decidi\u00f3 tomar medidas a la altura a la altura de la situaci\u00f3n. Pero nuestro organismo, una vez m\u00e1s, parece no estar en la misma sinton\u00eda, ya [&hellip;]<\/p>\n","protected":false},"author":7,"featured_media":25419,"comment_status":"open","ping_status":"open","sticky":true,"template":"","format":"standard","meta":{"_exactmetrics_skip_tracking":false,"_exactmetrics_sitenote_active":false,"_exactmetrics_sitenote_note":"","_exactmetrics_sitenote_category":0,"jnews-multi-image_gallery":[],"jnews_single_post":{"source_name":"","source_url":"","via_name":"","via_url":"","override_template":"0","override":[{"template":"1","single_blog_custom":"","parallax":"1","fullscreen":"0","layout":"right-sidebar","sidebar":"default-sidebar","second_sidebar":"default-sidebar","sticky_sidebar":"1","share_position":"top","share_float_style":"share-monocrhome","show_share_counter":"1","show_view_counter":"1","show_featured":"1","show_post_meta":"1","show_post_author":"1","show_post_author_image":"1","show_post_date":"1","post_date_format":"default","post_date_format_custom":"Y\/m\/d","show_post_category":"1","show_post_reading_time":"0","post_reading_time_wpm":"300","show_zoom_button":"0","zoom_button_out_step":"2","zoom_button_in_step":"3","show_post_tag":"1","show_prev_next_post":"1","show_popup_post":"1","number_popup_post":"1","show_author_box":"0","show_post_related":"0","show_inline_post_related":"0"}],"override_image_size":"0","image_override":[{"single_post_thumbnail_size":"crop-500","single_post_gallery_size":"crop-500"}],"trending_post":"0","trending_post_position":"meta","trending_post_label":"Trending","sponsored_post":"0","sponsored_post_label":"Sponsored by","sponsored_post_name":"","sponsored_post_url":"","sponsored_post_logo_enable":"0","sponsored_post_logo":"","sponsored_post_desc":""},"jnews_primary_category":{"id":""},"jnews_social_meta":{"fb_title":"","fb_description":"","fb_image":"","twitter_title":"","twitter_description":"","twitter_image":""},"jnews_review":[],"enable_review":"0","type":"percentage","name":"","summary":"","brand":"","sku":"","good":[{"good_text":""}],"bad":[{"bad_text":""}],"score_override":"","override_value":"","rating":[{"rating_text":"","rating_number":"10"}],"price":[{"shop":"","price":"","link":"","icon":""}],"jnews_override_counter":{"override_view_counter":"0","view_counter_number":"0","override_share_counter":"0","share_counter_number":"0","override_like_counter":"0","like_counter_number":"0","override_dislike_counter":"0","dislike_counter_number":"0"},"jnews_post_split":{"enable_post_split":"0","post_split":[{"template":"1","tag":"h2","numbering":"asc","mode":"normal"}]},"footnotes":""},"categories":[18,1],"tags":[38],"class_list":["post-25412","post","type-post","status-publish","format-standard","has-post-thumbnail","hentry","category-nacionales","category-sin-categoria","tag-anses"],"jetpack_featured_media_url":"https:\/\/atecordoba.org\/wp-content\/uploads\/2021\/04\/aTE-ANSES.jpg","_links":{"self":[{"href":"https:\/\/atecordoba.org\/index.php?rest_route=\/wp\/v2\/posts\/25412","targetHints":{"allow":["GET"]}}],"collection":[{"href":"https:\/\/atecordoba.org\/index.php?rest_route=\/wp\/v2\/posts"}],"about":[{"href":"https:\/\/atecordoba.org\/index.php?rest_route=\/wp\/v2\/types\/post"}],"author":[{"embeddable":true,"href":"https:\/\/atecordoba.org\/index.php?rest_route=\/wp\/v2\/users\/7"}],"replies":[{"embeddable":true,"href":"https:\/\/atecordoba.org\/index.php?rest_route=%2Fwp%2Fv2%2Fcomments&post=25412"}],"version-history":[{"count":2,"href":"https:\/\/atecordoba.org\/index.php?rest_route=\/wp\/v2\/posts\/25412\/revisions"}],"predecessor-version":[{"id":25421,"href":"https:\/\/atecordoba.org\/index.php?rest_route=\/wp\/v2\/posts\/25412\/revisions\/25421"}],"wp:featuredmedia":[{"embeddable":true,"href":"https:\/\/atecordoba.org\/index.php?rest_route=\/wp\/v2\/media\/25419"}],"wp:attachment":[{"href":"https:\/\/atecordoba.org\/index.php?rest_route=%2Fwp%2Fv2%2Fmedia&parent=25412"}],"wp:term":[{"taxonomy":"category","embeddable":true,"href":"https:\/\/atecordoba.org\/index.php?rest_route=%2Fwp%2Fv2%2Fcategories&post=25412"},{"taxonomy":"post_tag","embeddable":true,"href":"https:\/\/atecordoba.org\/index.php?rest_route=%2Fwp%2Fv2%2Ftags&post=25412"}],"curies":[{"name":"wp","href":"https:\/\/api.w.org\/{rel}","templated":true}]}}