{"id":25408,"date":"2021-04-19T11:19:25","date_gmt":"2021-04-19T14:19:25","guid":{"rendered":"https:\/\/atecordoba.org\/?p=25408"},"modified":"2021-04-19T11:19:25","modified_gmt":"2021-04-19T14:19:25","slug":"salud-mental-reclaman-convocatoria-a-residencias-en-enfermeria","status":"publish","type":"post","link":"https:\/\/atecordoba.org\/?p=25408","title":{"rendered":"Salud Mental: reclaman convocatoria a residencias en enfermer\u00eda"},"content":{"rendered":"<p><img loading=\"lazy\" decoding=\"async\" class=\" wp-image-25410 aligncenter\" src=\"https:\/\/atecordoba.org\/wp-content\/uploads\/2021\/04\/sin-enfermeros-300x193.jpg\" alt=\"\" width=\"602\" height=\"387\" srcset=\"https:\/\/atecordoba.org\/wp-content\/uploads\/2021\/04\/sin-enfermeros-300x193.jpg 300w, https:\/\/atecordoba.org\/wp-content\/uploads\/2021\/04\/sin-enfermeros.jpg 591w\" sizes=\"auto, (max-width: 602px) 100vw, 602px\" \/><\/p>\n<p style=\"text-align: center;\"><strong><em><u>MANIFIESTO\u00a0 ANTE LA EXCLUSI\u00d3N DE ENFERMER\u00cdA DE LAS RESIDENCIAS INTERDISCIPLINARIAS EN SALUD MENTAL EN LA PROVINCIA DE CORDOBA<\/u><\/em><\/strong><\/p>\n<p>VISTO: El Expediente Nro. <em>0425-414402\/2021, <\/em>mediante el cual se gestiona el &#8220;Llamado a Examen \u00fanico para Selecci\u00f3n de Residentes en Salud de la Provincia de C\u00f3rdoba &#8211; A\u00f1o 2021&#8221; y la Ampliaci\u00f3n y Rectificaci\u00f3n del Llamado a examen \u00fanico para-Selecci\u00f3n de Residentes de Salud de la Provincia-de C\u00f3rdoba a\u00f1o 2021, donde se encuentran publicadas las becas para las Residencias Interdisciplinarias en Salud Mental y Salud Mental Infanto-Juvenil (RISaM y RISaMIJ).<\/p>\n<p>En los cupos ofrecidos por el Ministerio de Salud, Ministerio Publico Fiscal de la Provincia de C\u00f3rdoba, se encuentran contempladas las profesiones de: Psicolog\u00eda (R.I.Sa.M), Psicolog\u00eda infantojuvenil (R.I.Sa.M.I.J), Psicomotricidad infanto juvenil (R.I.Sa.M.I.J), Psicopedagog\u00eda infanto-juvenil R.I.Sa.M.I.J,\u00a0 Psiquiatr\u00eda (R.I.Sa.M), Psiquiatr\u00eda infanto-juvenil R.I.Sa.M.I.J, Trabajo social infanto-juvenil (R.I.Sa.M.I.J).<\/p>\n<p>Se observa: <strong>LA FALTA DE CONVOCATORIA A LA PROFESI\u00d3N DE ENFERMER\u00cdA\u00a0 EN LAS <\/strong>RESIDENCIAS INTERDISCIPLINARIAS EN SALUD MENTAL Y SALUD MENTAL INFANTO JUVENIL EN LA (RISAM Y RISAMIJ).<\/p>\n<p>Ante esta situaci\u00f3n nos expresamos, lamentando la decisi\u00f3n tomada por las autoridades a cargo, de no considerar a la enfermer\u00eda como una profesi\u00f3n esencial\u00a0 y b\u00e1sica para la capacitaci\u00f3n y especializaci\u00f3n en salud mental, atentando a la disposici\u00f3n de las leyes de salud mental (Ley Nacional de Salud Mental N\u00ba 26. 657 y Ley de Protecci\u00f3n de la Salud Mental Provincial N\u00ba 9. 848), donde plantea claramente que la atenci\u00f3n en salud mental est\u00e9 a cargo de un equipo interdisciplinario integrado por las \u00e1reas de psicolog\u00eda, psiquiatr\u00eda, trabajo social y enfermer\u00eda. (Cap. V Art. 8) donde todos los trabajadores integrantes de los equipos asistenciales tienen derecho a la capacitaci\u00f3n permanente y a la protecci\u00f3n de su salud integral, para lo cual se deben desarrollar pol\u00edticas espec\u00edficas (Cap. VI, Art. 13).<\/p>\n<p>Atentando as\u00ed contra las recomendaciones de la OMS, que ha declarado el 2020 como el\u00a0A\u00f1o\u00a0de la\u00a0Enfermer\u00eda. Sin embargo, para que todos los pa\u00edses alcancen el Objetivo de Desarrollo Sostenible sobre la salud y el bienestar, para todos en todas las edades en el mundo, la OMS calcula que en 2030 har\u00e1n falta 9 millones de enfermeras, considerando <em>su preservaci\u00f3n y desarrollo una prioridad de las pol\u00edticas y gestiones de gobierno de cada pa\u00eds.\u00a0 <\/em><\/p>\n<p>La Organizaci\u00f3n Panamericana de la Salud (OPS) solicita a los pa\u00edses que inviertan en las enfermeras y enfermeros con el fin de mejorar su disponibilidad, distribuci\u00f3n y roles para avanzar hacia la salud universal de sus habitantes. El personal de enfermer\u00eda es la mayor fuerza laboral en salud, representan m\u00e1s del 50% del total, sin embargo, su escasez compromete la atenci\u00f3n y cuidados de salud que toda persona que debe por derecho tener acceso.<\/p>\n<p>La presencia de la enfermer\u00eda en la formaci\u00f3n de residencias es esencial, prioritaria y urgente para desarrollar profesionales enfermero\/as capaces y comprometidos con la sensibilidad social y sus necesidades. Adem\u00e1s de constituir un derecho innegable a la formaci\u00f3n, capacitaci\u00f3n y especializaci\u00f3n, constituye una fuerza laboral sostenedora del sistema de salud demostrado claramente en la lucha contra el Covid-19 aun a costa de sus vidas y abandon\u00f3 de sus familias.<\/p>\n<p>Hist\u00f3ricamente la enfermer\u00eda en salud mental en C\u00f3rdoba hab\u00eda sido negada en la formaci\u00f3n de residencias por m\u00e1s de 10 a\u00f1os, incluy\u00e9ndose nuevamente en el a\u00f1o 2014, demostrando una vez m\u00e1s sus aportes te\u00f3ricos y pr\u00e1cticos a la construcci\u00f3n de una atenci\u00f3n de calidad a las necesidades de las personas, familias, grupos, familias y problem\u00e1ticas relacionadas que sufren trastornos mentales. A un a\u00f1o de la enfermer\u00eda internacional, estamos frente a una nueva exclusi\u00f3n y discriminaci\u00f3n profesional, sin reconocer el valioso aporte que brindamos a la comunidad salvando vidas, asistiendo ante el sufrimiento ps\u00edquico, ayudando a la inclusi\u00f3n social comunitaria a trav\u00e9s de nuestros cuidados enfermero\/as.<\/p>\n<p>La no inclusi\u00f3n de la enfermer\u00eda en las residencias tiene significancias de p\u00e9rdidas y retrocesos en la atenci\u00f3n y cuidados en salud mental, trastornos mentales y problem\u00e1ticas asociadas a las persona, familias, grupos y comunidad, atentando gravemente el cumplimiento de las leyes de salud mental tanto nacional como provincial (ley nacional de salud mental 2.6657 y ley de protecci\u00f3n a las personas de salud mental en C\u00f3rdoba N\u00ba 9.848).<\/p>\n<p>Se considera una emergencia y urgencia activar espacio de formaci\u00f3n y capacitaci\u00f3n para los profesionales de la salud, en especial a enfermera\/os, demostrado esta necesidad en este presente, tiempos de pandemia (covit-19), adem\u00e1s de coartar espacios donde profesionales enfermera\/os necesitan continuar su formaci\u00f3n.<\/p>\n<p>Las pol\u00edticas y programas de salud deben garantizar su inclusi\u00f3n como recurso enfermera\/o y no menos cavar su discriminaci\u00f3n por razones mezquinas de \u00edndole pol\u00edtico, que no solo va en desmedro de la disciplina enfermera, sino de la privaci\u00f3n y falta atenci\u00f3n a las necesidades de la poblaci\u00f3n cordobesa.<\/p>\n<p>Es por ello que solicitamos\u00a0 la pronta inclusi\u00f3n a las residencias interdisciplinarias en salud mental.<\/p>\n<p>El colectivo de enfermer\u00eda de C\u00f3rdoba, solicitamos<\/p>\n<ul>\n<li>El cumplimientos del Art. 8 y 13 del Cap. V y VI de las leyes de salud mental en lo que respecta al derecho a la capacitaci\u00f3n y formaci\u00f3n<\/li>\n<li>La reincorporaci\u00f3n de los cargos para residentes de enfermer\u00eda en la residencia interdisciplinaria en salud mental RISaM y RISaMIJ.<\/li>\n<li>Realizar acciones de ejecuci\u00f3n para la preservaci\u00f3n y desarrollo como prioridad pol\u00edticas y gesti\u00f3n de gobierno, invirtiendo en enfermeras y enfermeros para mejorar su capacitaci\u00f3n, especializaci\u00f3n, disponibilidad, distribuci\u00f3n para, dispensar cuidados de salud mental, en promoci\u00f3n, prevenci\u00f3n, recuperaci\u00f3n, inserci\u00f3n social de las personas sufrientes mentales, los enfermero\/as constituimos el primer eslab\u00f3n de articulaci\u00f3n entre la ciudadan\u00eda y el sistema de salud, somos quienes pasamos el mayor tiempo profesional con las personas cuidando y ayudando a construir y reconstruir vidas de mejor calidad.<\/li>\n<li>Solicitamos a las autoridades de la Direcci\u00f3n de Enfermer\u00eda del Ministerio de Salud trabajar para la reincorporaci\u00f3n urgente a las residencias.<\/li>\n<li>A la Asociaci\u00f3n de Enfermer\u00eda de C\u00f3rdoba, como ente deontol\u00f3gico profesional y representatividad del colectivo de enfermera\/os que, respalde y gestione ante quienes fuera necesario la reincorporaci\u00f3n de la enfermer\u00eda a las residencias interdisciplinarias en salud mental.<\/li>\n<li>Solicitamos el apoyo de los profesionales residentes del equipo interdisciplinario de la residencias RISam y RISaMIJ.<\/li>\n<li>Solicitamos a la comunidad de enfermer\u00eda de C\u00f3rdoba nos acompa\u00f1en en este reclamo.<\/li>\n<li>Solicitamos a las universidades y escuelas formadoras de enfermer\u00eda a las entidades deontol\u00f3gicas de otras disciplinas a acompa\u00f1arnos<\/li>\n<li>Solicitamos el apoyo a nivel nacional el apoyo de todas las organizaciones y organismos deontol\u00f3gicos a reparar lo que consideramos una discriminaci\u00f3n profesional.<\/li>\n<\/ul>\n<p>&nbsp;<\/p>\n<p>Residentes egresados y cursantes e instructores de la residencia interdisciplinaria de salud mental\u00a0 RISaM y residencia interdisciplinaria infanto-juvenil RISaMIJ.<\/p>\n<p>&nbsp;<\/p>\n<p>&nbsp;<\/p>\n","protected":false},"excerpt":{"rendered":"<p>MANIFIESTO\u00a0 ANTE LA EXCLUSI\u00d3N DE ENFERMER\u00cdA DE LAS RESIDENCIAS INTERDISCIPLINARIAS EN SALUD MENTAL EN LA PROVINCIA DE CORDOBA VISTO: El Expediente Nro. 0425-414402\/2021, mediante el cual se gestiona el &#8220;Llamado a Examen \u00fanico para Selecci\u00f3n de Residentes en Salud de la Provincia de C\u00f3rdoba &#8211; A\u00f1o 2021&#8221; y la Ampliaci\u00f3n y Rectificaci\u00f3n del Llamado a [&hellip;]<\/p>\n","protected":false},"author":7,"featured_media":25410,"comment_status":"open","ping_status":"open","sticky":true,"template":"","format":"standard","meta":{"_exactmetrics_skip_tracking":false,"_exactmetrics_sitenote_active":false,"_exactmetrics_sitenote_note":"","_exactmetrics_sitenote_category":0,"jnews-multi-image_gallery":[],"jnews_single_post":{"source_name":"","source_url":"","via_name":"","via_url":"","override_template":"0","override":[{"template":"1","single_blog_custom":"","parallax":"1","fullscreen":"0","layout":"right-sidebar","sidebar":"default-sidebar","second_sidebar":"default-sidebar","sticky_sidebar":"1","share_position":"top","share_float_style":"share-monocrhome","show_share_counter":"1","show_view_counter":"1","show_featured":"1","show_post_meta":"1","show_post_author":"1","show_post_author_image":"1","show_post_date":"1","post_date_format":"default","post_date_format_custom":"Y\/m\/d","show_post_category":"1","show_post_reading_time":"0","post_reading_time_wpm":"300","show_zoom_button":"0","zoom_button_out_step":"2","zoom_button_in_step":"3","show_post_tag":"1","show_prev_next_post":"1","show_popup_post":"1","number_popup_post":"1","show_author_box":"0","show_post_related":"0","show_inline_post_related":"0"}],"override_image_size":"0","image_override":[{"single_post_thumbnail_size":"crop-500","single_post_gallery_size":"crop-500"}],"trending_post":"0","trending_post_position":"meta","trending_post_label":"Trending","sponsored_post":"0","sponsored_post_label":"Sponsored by","sponsored_post_name":"","sponsored_post_url":"","sponsored_post_logo_enable":"0","sponsored_post_logo":"","sponsored_post_desc":""},"jnews_primary_category":{"id":""},"jnews_social_meta":{"fb_title":"","fb_description":"","fb_image":"","twitter_title":"","twitter_description":"","twitter_image":""},"jnews_review":[],"enable_review":"0","type":"percentage","name":"","summary":"","brand":"","sku":"","good":[{"good_text":""}],"bad":[{"bad_text":""}],"score_override":"","override_value":"","rating":[{"rating_text":"","rating_number":"10"}],"price":[{"shop":"","price":"","link":"","icon":""}],"jnews_override_counter":{"override_view_counter":"0","view_counter_number":"0","override_share_counter":"0","share_counter_number":"0","override_like_counter":"0","like_counter_number":"0","override_dislike_counter":"0","dislike_counter_number":"0"},"jnews_post_split":{"enable_post_split":"0","post_split":[{"template":"1","tag":"h2","numbering":"asc","mode":"normal"}]},"footnotes":""},"categories":[8],"tags":[802,488],"class_list":["post-25408","post","type-post","status-publish","format-standard","has-post-thumbnail","hentry","category-provinciales","tag-enfermeria","tag-equipo-de-salud-mental"],"jetpack_featured_media_url":"https:\/\/atecordoba.org\/wp-content\/uploads\/2021\/04\/sin-enfermeros.jpg","_links":{"self":[{"href":"https:\/\/atecordoba.org\/index.php?rest_route=\/wp\/v2\/posts\/25408","targetHints":{"allow":["GET"]}}],"collection":[{"href":"https:\/\/atecordoba.org\/index.php?rest_route=\/wp\/v2\/posts"}],"about":[{"href":"https:\/\/atecordoba.org\/index.php?rest_route=\/wp\/v2\/types\/post"}],"author":[{"embeddable":true,"href":"https:\/\/atecordoba.org\/index.php?rest_route=\/wp\/v2\/users\/7"}],"replies":[{"embeddable":true,"href":"https:\/\/atecordoba.org\/index.php?rest_route=%2Fwp%2Fv2%2Fcomments&post=25408"}],"version-history":[{"count":1,"href":"https:\/\/atecordoba.org\/index.php?rest_route=\/wp\/v2\/posts\/25408\/revisions"}],"predecessor-version":[{"id":25411,"href":"https:\/\/atecordoba.org\/index.php?rest_route=\/wp\/v2\/posts\/25408\/revisions\/25411"}],"wp:featuredmedia":[{"embeddable":true,"href":"https:\/\/atecordoba.org\/index.php?rest_route=\/wp\/v2\/media\/25410"}],"wp:attachment":[{"href":"https:\/\/atecordoba.org\/index.php?rest_route=%2Fwp%2Fv2%2Fmedia&parent=25408"}],"wp:term":[{"taxonomy":"category","embeddable":true,"href":"https:\/\/atecordoba.org\/index.php?rest_route=%2Fwp%2Fv2%2Fcategories&post=25408"},{"taxonomy":"post_tag","embeddable":true,"href":"https:\/\/atecordoba.org\/index.php?rest_route=%2Fwp%2Fv2%2Ftags&post=25408"}],"curies":[{"name":"wp","href":"https:\/\/api.w.org\/{rel}","templated":true}]}}