{"id":25399,"date":"2021-04-16T12:35:11","date_gmt":"2021-04-16T15:35:11","guid":{"rendered":"https:\/\/atecordoba.org\/?p=25399"},"modified":"2021-04-16T12:35:11","modified_gmt":"2021-04-16T15:35:11","slug":"este-martes-ate-cordoba-vuelve-a-la-fm-gen-con-programa-entre-todos-y-todas","status":"publish","type":"post","link":"https:\/\/atecordoba.org\/?p=25399","title":{"rendered":"Este martes ATE C\u00f3rdoba vuelve a la FM Gen con programa &#8220;Entre todos y todas&#8221;."},"content":{"rendered":"<p><a href=\"https:\/\/atecordoba.org\/wp-content\/uploads\/2021\/04\/15-04-Entre-todas-y-todos-80.jpg\"><img loading=\"lazy\" decoding=\"async\" class=\"size-medium wp-image-25398 alignleft\" src=\"https:\/\/atecordoba.org\/wp-content\/uploads\/2021\/04\/15-04-Entre-todas-y-todos-80-300x300.jpg\" alt=\"\" width=\"300\" height=\"300\" srcset=\"https:\/\/atecordoba.org\/wp-content\/uploads\/2021\/04\/15-04-Entre-todas-y-todos-80-300x300.jpg 300w, https:\/\/atecordoba.org\/wp-content\/uploads\/2021\/04\/15-04-Entre-todas-y-todos-80-1024x1024.jpg 1024w, https:\/\/atecordoba.org\/wp-content\/uploads\/2021\/04\/15-04-Entre-todas-y-todos-80-150x150.jpg 150w, https:\/\/atecordoba.org\/wp-content\/uploads\/2021\/04\/15-04-Entre-todas-y-todos-80-768x768.jpg 768w, https:\/\/atecordoba.org\/wp-content\/uploads\/2021\/04\/15-04-Entre-todas-y-todos-80-560x560.jpg 560w, https:\/\/atecordoba.org\/wp-content\/uploads\/2021\/04\/15-04-Entre-todas-y-todos-80-75x75.jpg 75w, https:\/\/atecordoba.org\/wp-content\/uploads\/2021\/04\/15-04-Entre-todas-y-todos-80-750x750.jpg 750w, https:\/\/atecordoba.org\/wp-content\/uploads\/2021\/04\/15-04-Entre-todas-y-todos-80.jpg 1080w\" sizes=\"auto, (max-width: 300px) 100vw, 300px\" \/><\/a>Con &#8220;toda la informaci\u00f3n de las y los estatales, con columnas de opini\u00f3n, entrevistas, an\u00e1lisis pol\u00edticos-sindicales, novedades gremiales, beneficios sociales y mucho m\u00e1s&#8221;, vuelve por segundo a\u00f1o consecutivo &#8220;Entre Todos y Todas&#8221;, el programa radial del Consejo Directivo Provincial de ATE C\u00f3rdoba.<\/p>\n<p>&#8220;Estamos muy contentos y contentas de volver con esta herramienta estrat\u00e9gica dentro del esquema comunicacional para el fortalecimiento de las luchas de ATE C\u00f3rdoba&#8221;, expres\u00f3 Julia Giuliani, Secretaria de Comunicaci\u00f3n y Prensa del sindicato.<\/p>\n<p>&nbsp;<\/p>\n<p>Spot:<\/p>\n<audio class=\"wp-audio-shortcode\" id=\"audio-25399-1\" autoplay preload=\"none\" style=\"width: 100%;\" controls=\"controls\"><source type=\"audio\/mpeg\" src=\"https:\/\/atecordoba.org\/wp-content\/uploads\/2021\/04\/Spot-Entre-Todos-y-Todas.mp3?_=1\" \/><a href=\"https:\/\/atecordoba.org\/wp-content\/uploads\/2021\/04\/Spot-Entre-Todos-y-Todas.mp3\">https:\/\/atecordoba.org\/wp-content\/uploads\/2021\/04\/Spot-Entre-Todos-y-Todas.mp3<\/a><\/audio>\n","protected":false},"excerpt":{"rendered":"<p>Con &#8220;toda la informaci\u00f3n de las y los estatales, con columnas de opini\u00f3n, entrevistas, an\u00e1lisis pol\u00edticos-sindicales, novedades gremiales, beneficios sociales y mucho m\u00e1s&#8221;, vuelve por segundo a\u00f1o consecutivo &#8220;Entre Todos y Todas&#8221;, el programa radial del Consejo Directivo Provincial de ATE C\u00f3rdoba. &#8220;Estamos muy contentos y contentas de volver con esta herramienta estrat\u00e9gica dentro del [&hellip;]<\/p>\n","protected":false},"author":6,"featured_media":25398,"comment_status":"open","ping_status":"open","sticky":false,"template":"","format":"standard","meta":{"_exactmetrics_skip_tracking":false,"_exactmetrics_sitenote_active":false,"_exactmetrics_sitenote_note":"","_exactmetrics_sitenote_category":0,"jnews-multi-image_gallery":[],"jnews_single_post":{"source_name":"","source_url":"","via_name":"","via_url":"","override_template":"0","override":[{"template":"1","single_blog_custom":"","parallax":"1","fullscreen":"0","layout":"right-sidebar","sidebar":"default-sidebar","second_sidebar":"default-sidebar","sticky_sidebar":"1","share_position":"top","share_float_style":"share-monocrhome","show_share_counter":"1","show_view_counter":"1","show_featured":"1","show_post_meta":"1","show_post_author":"1","show_post_author_image":"1","show_post_date":"1","post_date_format":"default","post_date_format_custom":"Y\/m\/d","show_post_category":"1","show_post_reading_time":"0","post_reading_time_wpm":"300","show_zoom_button":"0","zoom_button_out_step":"2","zoom_button_in_step":"3","show_post_tag":"1","show_prev_next_post":"1","show_popup_post":"1","number_popup_post":"1","show_author_box":"0","show_post_related":"0","show_inline_post_related":"0"}],"override_image_size":"0","image_override":[{"single_post_thumbnail_size":"crop-500","single_post_gallery_size":"crop-500"}],"trending_post":"0","trending_post_position":"meta","trending_post_label":"Trending","sponsored_post":"0","sponsored_post_label":"Sponsored by","sponsored_post_name":"","sponsored_post_url":"","sponsored_post_logo_enable":"0","sponsored_post_logo":"","sponsored_post_desc":""},"jnews_primary_category":{"id":""},"jnews_social_meta":{"fb_title":"","fb_description":"","fb_image":"","twitter_title":"","twitter_description":"","twitter_image":""},"jnews_review":[],"enable_review":"0","type":"percentage","name":"","summary":"","brand":"","sku":"","good":[{"good_text":""}],"bad":[{"bad_text":""}],"score_override":"","override_value":"","rating":[{"rating_text":"","rating_number":"10"}],"price":[{"shop":"","price":"","link":"","icon":""}],"jnews_override_counter":{"override_view_counter":"0","view_counter_number":"0","override_share_counter":"0","share_counter_number":"0","override_like_counter":"0","like_counter_number":"0","override_dislike_counter":"0","dislike_counter_number":"0"},"jnews_post_split":{"enable_post_split":"0","post_split":[{"template":"1","tag":"h2","numbering":"asc","mode":"normal"}]},"footnotes":""},"categories":[341,346],"tags":[],"class_list":["post-25399","post","type-post","status-publish","format-standard","has-post-thumbnail","hentry","category-cdp","category-prensa-y-comunicacion"],"jetpack_featured_media_url":"https:\/\/atecordoba.org\/wp-content\/uploads\/2021\/04\/15-04-Entre-todas-y-todos-80.jpg","_links":{"self":[{"href":"https:\/\/atecordoba.org\/index.php?rest_route=\/wp\/v2\/posts\/25399","targetHints":{"allow":["GET"]}}],"collection":[{"href":"https:\/\/atecordoba.org\/index.php?rest_route=\/wp\/v2\/posts"}],"about":[{"href":"https:\/\/atecordoba.org\/index.php?rest_route=\/wp\/v2\/types\/post"}],"author":[{"embeddable":true,"href":"https:\/\/atecordoba.org\/index.php?rest_route=\/wp\/v2\/users\/6"}],"replies":[{"embeddable":true,"href":"https:\/\/atecordoba.org\/index.php?rest_route=%2Fwp%2Fv2%2Fcomments&post=25399"}],"version-history":[{"count":2,"href":"https:\/\/atecordoba.org\/index.php?rest_route=\/wp\/v2\/posts\/25399\/revisions"}],"predecessor-version":[{"id":25401,"href":"https:\/\/atecordoba.org\/index.php?rest_route=\/wp\/v2\/posts\/25399\/revisions\/25401"}],"wp:featuredmedia":[{"embeddable":true,"href":"https:\/\/atecordoba.org\/index.php?rest_route=\/wp\/v2\/media\/25398"}],"wp:attachment":[{"href":"https:\/\/atecordoba.org\/index.php?rest_route=%2Fwp%2Fv2%2Fmedia&parent=25399"}],"wp:term":[{"taxonomy":"category","embeddable":true,"href":"https:\/\/atecordoba.org\/index.php?rest_route=%2Fwp%2Fv2%2Fcategories&post=25399"},{"taxonomy":"post_tag","embeddable":true,"href":"https:\/\/atecordoba.org\/index.php?rest_route=%2Fwp%2Fv2%2Ftags&post=25399"}],"curies":[{"name":"wp","href":"https:\/\/api.w.org\/{rel}","templated":true}]}}