{"id":25354,"date":"2021-04-15T11:37:18","date_gmt":"2021-04-15T14:37:18","guid":{"rendered":"https:\/\/atecordoba.org\/?p=25354"},"modified":"2021-04-15T11:37:18","modified_gmt":"2021-04-15T14:37:18","slug":"ate-educacion-presento-su-rechazo-al-memo-no4-2021-emitido-por-delia-provinciali-secretaria-de-educacion-de-la-provincia-de-cordoba","status":"publish","type":"post","link":"https:\/\/atecordoba.org\/?p=25354","title":{"rendered":"ATE Educaci\u00f3n present\u00f3 su rechazo al Memo N\u00ba4\/2021 emitido por Delia Provinciali, Secretar\u00eda de Educaci\u00f3n de la Provincia de C\u00f3rdoba"},"content":{"rendered":"<p>Rechazamos enf\u00e1ticamente el Memo N\u00b0 4\/2021 ya que resulta intolerable la discriminaci\u00f3n de la que da cuenta, siendo una decisi\u00f3n abiertamente antijur\u00eddica por contradecir la normativa vigente de orden jer\u00e1rquico superior, por lo que solicitamos que en su car\u00e1cter de m\u00e1xima autoridad de la cartera educativa provincial, revoque el citado Memo, bajo apercibimiento de interponer todas las acciones gremiales y legales que correspondan.<\/p>\n<p>El Memo que se impugna no cuenta con ning\u00fan requisito para ser configurado un acto administrativo v\u00e1lido, no tiene causa, motivaci\u00f3n, ni siquiera respeta las formalidades requeridas para el dictado de un acto administrativo por lo que resulta una expresi\u00f3n de voluntad administrativa inv\u00e1lida, que mediante una Memorandum a t\u00edtulo informativo pretende modificar derechos subjetivos del personal docente, vulnerando la normativa vigente.<\/p>\n<p>Vulnera el Estatuto Docente en tanto impone condiciones restrictivas para el ingreso a la docencia o para la toma de nuevas horas c\u00e1tedra que dicha normativa no exige ni impone.<\/p>\n<p>Mediante un mero acto de la administraci\u00f3n a t\u00edtulo informativo como es el Memo apuntado, no pueden establecer condiciones que de forma peyorativa y discriminatoria afecten derechos subjetivos y adquiridos del personal docente.<\/p>\n<p>No puede argumentarse que el requisito de la presencialidad constituya una condici\u00f3n excluyente para vulnerar derechos laborales. Sin perjuicio de establecer que en el corriente a\u00f1o la modalidad contin\u00faa siendo virtual en m\u00faltiples casos, materias y establecimientos, y que la llegada de la llamada \u201csegunda ola\u201d de contagios podr\u00eda determinar una vuelta a la virtualidad, las nuevas formas educativas ante las nuevas formas de convivencia y de gesti\u00f3n que ha causado en nuestras sociedades la pandemia, no puede determinar formas regresivas, y discriminatorias de contrataci\u00f3n para el personal docente.<\/p>\n<p>Muchas\/os docentes a la fecha encuentran gravemente afectados su derecho al progreso en su carrera docente (ya que no pueden aumentar sus horas c\u00e1tedras) as\u00ed como su ingreso a la docencia por un acto de dicho Ministerio que los excluye, y los discrimina por su edad, por su condici\u00f3n de embarazo, o por su salud (en todos los casos por pertenecer a grupos de riesgo). Dichos docentes pueden de forma remota cumplir perfectamente con su carga horaria y su trabajo docente de manera virtual, circunstancia que se les impide sin fundamento alguno.<\/p>\n<p>&nbsp;<\/p>\n<p><strong>ATE siempre est\u00e1 <\/strong><\/p>\n<p>ATE Educaci\u00f3n se encuentra acompa\u00f1ando, junto con el Departamento de G\u00e9nero y Diversidades de ATE y otras organizaciones, la presentaci\u00f3n de la nota a la Fiscal\u00eda Federal N\u00b02, solicitando medidas de prueba y avances concretos en la causa en la cual resultara imputado y detenido, Eduardo Garzuzi, puesto que no es la \u00fanica persona se\u00f1alada como responsable sino que la red funciona con m\u00e1s implicados que deben ser investigados.<\/p>\n<p>Por la protecci\u00f3n para \u201cNora\u201d, y Justicia para ella y todas las v\u00edctimas de la trata de personas. A continuaci\u00f3n compartimos un comunicado de prensa sobre la causa:<\/p>\n<p><em>Comunicado de Prensa- 14\/04\/2021<\/em><\/p>\n<p>La familia de \u201cNora\u201d exigi\u00f3 avances en la causa por trata<\/p>\n<p>Miriam Sabatino, madre de Nora y su abogada Natalia Bilbao Carmona, patrocinante junto a Claudio Orosz, se presentaron ante Tribunales Federales para entregar a la Fiscal\u00eda Federal N\u00b02 un escrito solicitando que se avance en la investigaci\u00f3n enmarcada en el delito de trata donde particip\u00f3 m\u00e1s de una persona.<\/p>\n<p>El escrito exige que la Fiscal\u00eda, bajo la \u00f3rbita de Casas N\u00f3blega, efectivice las medidas de prueba ya solicitadas as\u00ed como la recolecci\u00f3n de otras nuevas que la familia y abogados vienen aportando a la causa de la que en 2020 resultara imputado y detenido, Eduardo Garzuzi.<\/p>\n<p>La petici\u00f3n formulada exige que se avance en investigar a los dem\u00e1s implicados, ya que Garzuzi no es el \u00fanico se\u00f1alado: Eduardo Zanello, es apuntado como entregador de Nora y por eso la querella exige su imputaci\u00f3n como part\u00edcipe primario.<\/p>\n<p>Lejos de investigar el accionar de estos dos miembros del Poder Judicial Provincial que son actores centrales en la captaci\u00f3n de la joven \u201cNora\u201d a trav\u00e9s de un plan ejecutado en com\u00fan, la Fiscal\u00eda Federal N\u00b02 a cargo de Casas N\u00f3blega, ha venido insistiendo en tomar declaraciones a \u201cNora\u201d sin respetar los tiempos de un proceso largo, arduo y doloroso de recuperaci\u00f3n que todos los tratados internacionales, profesionales y personas expertas en la materia exigen y recomiendan respetar.<\/p>\n<p>La abogada Bilbao Carmona, se\u00f1al\u00f3: \u201ca pesar de que hemos aportado innumerables pruebas, llamativamente la fiscal\u00eda deja de lado aquellas que en particular, complican a Eduardo Zanello. Ante cada caso de femicidio como el de \u00darsula Bahillo, queda expuesto el rol que juega la justicia patriarcal desoyendo a las v\u00edctimas, culp\u00e1ndolas de lo que les pasa, poniendo en duda su palabra. Esa misma justicia responsable de que los femicidios ocurran porque desprecia la vida de las mujeres y ni\u00f1as, es la que encubre a sus pares sin cuyo concurso las redes de trata no funcionan.\u201d<\/p>\n<p>El caso de Nora es emblem\u00e1tico para el movimiento de mujeres y disidencias que lucha contra todas las formas de la violencia de g\u00e9nero. El caso de Nora es emblem\u00e1tico porque ella est\u00e1 viva y se exige su protecci\u00f3n real. El caso de Nora es emblem\u00e1tico porque evidencia una espec\u00edfica modalidad que utilizan estas redes de trata a trav\u00e9s de la captaci\u00f3n de j\u00f3venes vulnerables bajo el enga\u00f1o de un v\u00ednculo rom\u00e1ntico que pretende &#8220;enmascarar&#8221; el accionar de los victimarios como &#8220;violencia sexual&#8221; o &#8220;de g\u00e9nero&#8221; individual e intrapersonal, en caso de ser descubierto y denunciado.<\/p>\n<p>La sospecha de los abogados patrocinantes de la madre de \u201cNora\u201d es que hacia all\u00ed pretenden desviar la causa, poniendo tambi\u00e9n en riesgo la vida de la joven, revictimiz\u00e1ndola.<\/p>\n<p>Acompa\u00f1aron esta solicitud a trav\u00e9s de sus firmas y\/o con su presencia, las Decanas de la Facultad de Filosof\u00eda y Humanidades, Flavia Dezzuto y de la Facultad de Artes, Ana Mohaded, de la UNC; diputados y legisladores nacionales de todas las fuerzas pol\u00edticas como Brenda Austin (UCR), Nicol\u00e1s del Ca\u00f1o (PTS) o Gabriela Est\u00e9vez (FDT), as\u00ed como legisladoras provinciales como Noel Arga\u00f1araz, Liliana Olivero, Laura Vilches, Noelia Aguero del FIT y Mar\u00eda Rosa Marcone de Encuentro Vecinal, as\u00ed como abogadas y profesionales del Equipo Justicia por Cecilia Basald\u00faa, entre otras referentes y personalidades de los DDHH, pol\u00edticas, sociales, sindicales, universitarias, as\u00ed como de las organizaciones integrantes de la Asamblea Ni Una Menos que sigue la causa desde el primer momento.<\/p>\n<p>El estado, los gobiernos, la polic\u00eda y la justicia son responsables de que las redes de trata sigan funcionando. Desmantelamiento ya.<\/p>\n<p>Por la protecci\u00f3n real para \u201cNora\u201d y justicia para ella y todas las v\u00edctimas de la trata de personas.<\/p>\n<p><img loading=\"lazy\" decoding=\"async\" class=\"alignnone size-medium wp-image-25355\" src=\"https:\/\/atecordoba.org\/wp-content\/uploads\/2021\/04\/flyer-municipales-afiliarse-300x300-4-220x300.jpeg\" alt=\"\" width=\"220\" height=\"300\" srcset=\"https:\/\/atecordoba.org\/wp-content\/uploads\/2021\/04\/flyer-municipales-afiliarse-300x300-4-220x300.jpeg 220w, https:\/\/atecordoba.org\/wp-content\/uploads\/2021\/04\/flyer-municipales-afiliarse-300x300-4.jpeg 705w\" sizes=\"auto, (max-width: 220px) 100vw, 220px\" \/><\/p>\n","protected":false},"excerpt":{"rendered":"<p>Rechazamos enf\u00e1ticamente el Memo N\u00b0 4\/2021 ya que resulta intolerable la discriminaci\u00f3n de la que da cuenta, siendo una decisi\u00f3n abiertamente antijur\u00eddica por contradecir la normativa vigente de orden jer\u00e1rquico superior, por lo que solicitamos que en su car\u00e1cter de m\u00e1xima autoridad de la cartera educativa provincial, revoque el citado Memo, bajo apercibimiento de interponer [&hellip;]<\/p>\n","protected":false},"author":5,"featured_media":25356,"comment_status":"open","ping_status":"open","sticky":false,"template":"","format":"standard","meta":{"_exactmetrics_skip_tracking":false,"_exactmetrics_sitenote_active":false,"_exactmetrics_sitenote_note":"","_exactmetrics_sitenote_category":0,"jnews-multi-image_gallery":[],"jnews_single_post":{"source_name":"","source_url":"","via_name":"","via_url":"","override_template":"0","override":[{"template":"1","single_blog_custom":"","parallax":"1","fullscreen":"0","layout":"right-sidebar","sidebar":"default-sidebar","second_sidebar":"default-sidebar","sticky_sidebar":"1","share_position":"top","share_float_style":"share-monocrhome","show_share_counter":"1","show_view_counter":"1","show_featured":"1","show_post_meta":"1","show_post_author":"1","show_post_author_image":"1","show_post_date":"1","post_date_format":"default","post_date_format_custom":"Y\/m\/d","show_post_category":"1","show_post_reading_time":"0","post_reading_time_wpm":"300","show_zoom_button":"0","zoom_button_out_step":"2","zoom_button_in_step":"3","show_post_tag":"1","show_prev_next_post":"1","show_popup_post":"1","number_popup_post":"1","show_author_box":"0","show_post_related":"0","show_inline_post_related":"0"}],"override_image_size":"0","image_override":[{"single_post_thumbnail_size":"crop-500","single_post_gallery_size":"crop-500"}],"trending_post":"0","trending_post_position":"meta","trending_post_label":"Trending","sponsored_post":"0","sponsored_post_label":"Sponsored by","sponsored_post_name":"","sponsored_post_url":"","sponsored_post_logo_enable":"0","sponsored_post_logo":"","sponsored_post_desc":""},"jnews_primary_category":{"id":""},"jnews_social_meta":{"fb_title":"","fb_description":"","fb_image":"","twitter_title":"","twitter_description":"","twitter_image":""},"jnews_review":[],"enable_review":"0","type":"percentage","name":"","summary":"","brand":"","sku":"","good":[{"good_text":""}],"bad":[{"bad_text":""}],"score_override":"","override_value":"","rating":[{"rating_text":"","rating_number":"10"}],"price":[{"shop":"","price":"","link":"","icon":""}],"jnews_override_counter":{"override_view_counter":"0","view_counter_number":"0","override_share_counter":"0","share_counter_number":"0","override_like_counter":"0","like_counter_number":"0","override_dislike_counter":"0","dislike_counter_number":"0"},"jnews_post_split":{"enable_post_split":"0","post_split":[{"template":"1","tag":"h2","numbering":"asc","mode":"normal"}]},"footnotes":""},"categories":[53,564],"tags":[],"class_list":["post-25354","post","type-post","status-publish","format-standard","has-post-thumbnail","hentry","category-comunicados-de-prensa","category-educacion"],"jetpack_featured_media_url":"https:\/\/atecordoba.org\/wp-content\/uploads\/2021\/04\/173891174_137931011625927_4602488107068781942_n.jpg","_links":{"self":[{"href":"https:\/\/atecordoba.org\/index.php?rest_route=\/wp\/v2\/posts\/25354","targetHints":{"allow":["GET"]}}],"collection":[{"href":"https:\/\/atecordoba.org\/index.php?rest_route=\/wp\/v2\/posts"}],"about":[{"href":"https:\/\/atecordoba.org\/index.php?rest_route=\/wp\/v2\/types\/post"}],"author":[{"embeddable":true,"href":"https:\/\/atecordoba.org\/index.php?rest_route=\/wp\/v2\/users\/5"}],"replies":[{"embeddable":true,"href":"https:\/\/atecordoba.org\/index.php?rest_route=%2Fwp%2Fv2%2Fcomments&post=25354"}],"version-history":[{"count":1,"href":"https:\/\/atecordoba.org\/index.php?rest_route=\/wp\/v2\/posts\/25354\/revisions"}],"predecessor-version":[{"id":25358,"href":"https:\/\/atecordoba.org\/index.php?rest_route=\/wp\/v2\/posts\/25354\/revisions\/25358"}],"wp:featuredmedia":[{"embeddable":true,"href":"https:\/\/atecordoba.org\/index.php?rest_route=\/wp\/v2\/media\/25356"}],"wp:attachment":[{"href":"https:\/\/atecordoba.org\/index.php?rest_route=%2Fwp%2Fv2%2Fmedia&parent=25354"}],"wp:term":[{"taxonomy":"category","embeddable":true,"href":"https:\/\/atecordoba.org\/index.php?rest_route=%2Fwp%2Fv2%2Fcategories&post=25354"},{"taxonomy":"post_tag","embeddable":true,"href":"https:\/\/atecordoba.org\/index.php?rest_route=%2Fwp%2Fv2%2Ftags&post=25354"}],"curies":[{"name":"wp","href":"https:\/\/api.w.org\/{rel}","templated":true}]}}