{"id":2535,"date":"2013-04-04T18:56:53","date_gmt":"2013-04-04T21:56:53","guid":{"rendered":"http:\/\/www.atecordoba.org\/?p=2535"},"modified":"2013-04-04T18:56:53","modified_gmt":"2013-04-04T21:56:53","slug":"plenario-de-delegado-nacionales-respaldo-la-coordinadora-de-gremios-estatales","status":"publish","type":"post","link":"https:\/\/atecordoba.org\/?p=2535","title":{"rendered":"Plenario de delegado nacionales respald\u00f3 la Coordinadora de Gremios Estatales"},"content":{"rendered":"<p><em>Representantes de las reparticiones del Estado nacional en C\u00f3rdoba debatieron y dieron respaldo mayoritario a la iniciativa lanzada en capital federal, que engloba a organizaciones de CTA y CGT.<\/em><\/p>\n<p>&nbsp;<\/p>\n<p>&nbsp;<\/p>\n<p>&nbsp;<\/p>\n<p>&nbsp;<\/p>\n<p><a href=\"http:\/\/www.atecordoba.org\/wp-content\/uploads\/2013\/04\/foto-web-32.jpg\"><img loading=\"lazy\" decoding=\"async\" class=\"aligncenter size-full wp-image-2542\" title=\"foto web 3\" src=\"http:\/\/www.atecordoba.org\/wp-content\/uploads\/2013\/04\/foto-web-32.jpg\" alt=\"\" width=\"810\" height=\"691\" \/><\/a><\/p>\n<p>A pedido del compa\u00f1ero Gabriel Mellibosky, delegado no docente de la UNC, el plenario realizado hoy se denomin\u00f3 &#8216;Carlos<br \/>\nFueentealba&#8217;, al cumplirse un nuevo aniversario del asesinato del docente por parte de la polic\u00eda en Neuqu\u00e9n. El encuentro cont\u00f3 con delegados nacionales de todas las reparticiones en la provincia y lo encabez\u00f3 el Consejo directivo Provincial.<\/p>\n<p>En primer t\u00e9rmino, nuestra secretaria General, Mar\u00eda Teresa Romero, dio la bienvenida al plenario y realiz\u00f3 un informe referido a la Coordinadora de Gremios Estatales, lanzada a fines de marzo en capital federal, donde confluyen gremios con representaci\u00f3n en el estado nacional de la CTA y la CGT. &#8220;Con inteligencia nuestros representantes decidieron\u00a0unir fuerzas, m\u00e1s all\u00e1 de la diversidad entre los gremios,\u00a0 para pedir al gobierno nacional los 14 puntos por los que ATE viene peleando hace a\u00f1os (ver <a href=\"http:\/\/www.atecordoba.org\/2013\/03\/unidad-en-la-accion-para-parar-el-ajuste-plenario-de-la-coordinadora-nacional-de-gremios-estatales\/\">http:\/\/www.atecordoba.org\/2013\/03\/unidad-en-la-accion-para-parar-el-ajuste-plenario-de-la-coordinadora-nacional-de-gremios-estatales\/<\/a>). Por supuesto que discusi\u00f3n que para adentro de nuestra organizaci\u00f3n no es f\u00e1cil, como para los otros sindicatos , pero que debemos privilegiar la lucha por los trabajadores estatales&#8221;, se\u00f1al\u00f3 Romero en una s\u00edntesis de su exposici\u00f3n.<\/p>\n<p>La secretaria General se refiri\u00f3 a la vida interna del gremio, haci\u00e9ndole saber a los delegados que por razones de fuerza mayor el secretario Gremial, Jos\u00e9 Gorozo, pidi\u00f3 licencia hasta diciembre pr\u00f3ximo. &#8220;Por lo tanto, asume la Secretaria Gremial el compa\u00f1ero Diego Guerra, actual Progremial, y el compa\u00f1ero Mart\u00edn Stibel, de la CNC y vocal titular del CDP, ejercer\u00e1 la Prosecretar\u00eda Gremial en lo sucesivo. En ese marco, se trabajar\u00e1 en equipo, junto con el resto del secretariado&#8221;, se\u00f1al\u00f3 la dirigente. Por su parte, el compa\u00f1ero Diego Guerra solicit\u00f3 a los delegados que est\u00e9n cerca del gremio, participando en los distintos departamentos que se van creando, como es el caso del departamento de Salud e Higiene Laboral.<\/p>\n<p><a href=\"http:\/\/www.atecordoba.org\/wp-content\/uploads\/2013\/04\/foto-web-21.jpg\"><img loading=\"lazy\" decoding=\"async\" class=\"aligncenter size-full wp-image-2538\" title=\"foto web 2\" src=\"http:\/\/www.atecordoba.org\/wp-content\/uploads\/2013\/04\/foto-web-21.jpg\" alt=\"\" width=\"640\" height=\"480\" \/><\/a><\/p>\n<p>Paso seguido, el plenario -que se inici\u00f3 a las 10 horas y se extendi\u00f3 hasta las 16- \u00a0abri\u00f3 el debate y los delegados hicieron s\u00edntesis de la situaci\u00f3n de cada uno de los sectores. Luego prosigui\u00f3 una rica discusi\u00f3n en le marco de la tolerancia y el respeto sobre las alternativas que plantea esta Coordinadora de Gremios Estatales, apoyada por la inmensa mayor\u00eda delegados, que rubricaron en cada intervenci\u00f3n la estrategia de nuestra conducci\u00f3n nacional.<\/p>\n<p>Al cierre, se defini\u00f3 un nuevo plenario ya con la presencia de delegados provinciales y municipales, que se sumar\u00e1n a los representantes de sectores nacionales.<\/p>\n<p>&nbsp;<\/p>\n<p>&nbsp;<\/p>\n<p>&nbsp;<\/p>\n<p>&nbsp;<\/p>\n","protected":false},"excerpt":{"rendered":"<p>Representantes de las reparticiones del Estado nacional en C\u00f3rdoba debatieron y dieron respaldo mayoritario a la iniciativa lanzada en capital federal, que engloba a organizaciones de CTA y CGT. &nbsp; &nbsp; &nbsp; &nbsp; A pedido del compa\u00f1ero Gabriel Mellibosky, delegado no docente de la UNC, el plenario realizado hoy se denomin\u00f3 &#8216;Carlos Fueentealba&#8217;, al cumplirse [&hellip;]<\/p>\n","protected":false},"author":1,"featured_media":19220,"comment_status":"open","ping_status":"open","sticky":false,"template":"","format":"standard","meta":{"_exactmetrics_skip_tracking":false,"_exactmetrics_sitenote_active":false,"_exactmetrics_sitenote_note":"","_exactmetrics_sitenote_category":0,"jnews-multi-image_gallery":[],"jnews_single_post":[],"jnews_primary_category":[],"jnews_social_meta":[],"jnews_review":[],"enable_review":"","type":"","name":"","summary":"","brand":"","sku":"","good":[],"bad":[],"score_override":"","override_value":"","rating":[],"price":[],"jnews_override_counter":[],"jnews_post_split":[],"footnotes":""},"categories":[18],"tags":[],"class_list":["post-2535","post","type-post","status-publish","format-standard","has-post-thumbnail","hentry","category-nacionales"],"jetpack_featured_media_url":"https:\/\/atecordoba.org\/wp-content\/uploads\/2020\/05\/logo-nuevochico-e1561581322808.png","_links":{"self":[{"href":"https:\/\/atecordoba.org\/index.php?rest_route=\/wp\/v2\/posts\/2535","targetHints":{"allow":["GET"]}}],"collection":[{"href":"https:\/\/atecordoba.org\/index.php?rest_route=\/wp\/v2\/posts"}],"about":[{"href":"https:\/\/atecordoba.org\/index.php?rest_route=\/wp\/v2\/types\/post"}],"author":[{"embeddable":true,"href":"https:\/\/atecordoba.org\/index.php?rest_route=\/wp\/v2\/users\/1"}],"replies":[{"embeddable":true,"href":"https:\/\/atecordoba.org\/index.php?rest_route=%2Fwp%2Fv2%2Fcomments&post=2535"}],"version-history":[{"count":0,"href":"https:\/\/atecordoba.org\/index.php?rest_route=\/wp\/v2\/posts\/2535\/revisions"}],"wp:featuredmedia":[{"embeddable":true,"href":"https:\/\/atecordoba.org\/index.php?rest_route=\/wp\/v2\/media\/19220"}],"wp:attachment":[{"href":"https:\/\/atecordoba.org\/index.php?rest_route=%2Fwp%2Fv2%2Fmedia&parent=2535"}],"wp:term":[{"taxonomy":"category","embeddable":true,"href":"https:\/\/atecordoba.org\/index.php?rest_route=%2Fwp%2Fv2%2Fcategories&post=2535"},{"taxonomy":"post_tag","embeddable":true,"href":"https:\/\/atecordoba.org\/index.php?rest_route=%2Fwp%2Fv2%2Ftags&post=2535"}],"curies":[{"name":"wp","href":"https:\/\/api.w.org\/{rel}","templated":true}]}}