{"id":25341,"date":"2021-04-15T08:51:13","date_gmt":"2021-04-15T11:51:13","guid":{"rendered":"https:\/\/atecordoba.org\/?p=25341"},"modified":"2021-04-15T08:51:13","modified_gmt":"2021-04-15T11:51:13","slug":"basta-de-violencia-institucional-contra-la-poblacion-trans-travesti-y-no-binarie","status":"publish","type":"post","link":"https:\/\/atecordoba.org\/?p=25341","title":{"rendered":"Basta de violencia institucional contra la poblaci\u00f3n Trans, Travesti y No Binarie"},"content":{"rendered":"<p>Desde el Departamento de G\u00e9neros y Diversidades de la Comisi\u00f3n Directiva Provincial de ATE C\u00f3rdoba repudiamos profundamente la violencia institucional y de g\u00e9nero ejercida contra Ivanna Aguilera por parte de la polic\u00eda de la provincia de C\u00f3rdoba quien fue demorada en un control policial del Puente Maipu el pasado 29 de marzo por una orden de captura que data de 1988 y en base a una Ley derogada en 1994. La polic\u00eda la demor\u00f3<br \/>\npor m\u00e1s de tres horas siendo madrugada hasta que fue trasladada a la Unidad Judicial 1 donde la dejaron en libertad. Nada m\u00e1s arbitrario y contra derecho el accionar de la fuerza de seguridad de la provincia por actuar conforme al art. 19 del ya derogado C\u00f3digo de Faltas, el cu\u00e1l establec\u00eda una contravenci\u00f3n por no llevar vestimenta acorde al g\u00e9nero.<br \/>\nDicho art\u00edculo fue derogado en 1994 gracias a la lucha de varias organizaciones sociales y activistas de derechos humanos del cual Ivanna formaba parte como ACODHO. Asimismo la apelaci\u00f3n de una normativa que ya no est\u00e1 vigente atenta contra el derecho a la identidad de g\u00e9nero reconocido por la Ley Nacional 26.743 del a\u00f1o 2012.<br \/>\nIvanna es trabajadora de la Universidad Nacional de C\u00f3rdoba, afiliada a ATE y coordinadora del \u00c1rea Trans \u2013 Travesti y No Binarie de la Facultad de Filosof\u00eda y Humanidades. Es una compa\u00f1era de gran trayectoria y militancia por los derechos del Colectivo LGTBIQ+ en su conjunto y de la Comunidad Trans y Travestri en toda la provincia de C\u00f3rdoba. Gracias a su trabajo es una gran referente que ha logrado motorizado un sin n\u00famero de iniciativas destac\u00e1ndose la presentaci\u00f3n de un proyecto de Ley por la Inclusi\u00f3n Laboral Trans en Congreso de la Naci\u00f3n, siendo uno de los proyectos de mayor integralidad sobre la materia.<br \/>\nPor todo lo anteriormente dicho, condenamos en\u00e9rgicamente el accionar de la polic\u00eda de C\u00f3rdoba y exigimos que desde las m\u00e1ximas autoridades de la provincia de C\u00f3rdoba a trav\u00e9s del Ministerio de Seguridad se arbitren los medios para que ninguna persona parte del Colectivo LGTBIQ+ quede expuesta a la arbitrariedad y el abuso de las fuerzas seguridad. No podemos tolerar el atropello a los derechos fundamentales como el derecho a la identidad de g\u00e9nero.<br \/>\n<img loading=\"lazy\" decoding=\"async\" class=\"alignnone size-medium wp-image-25342\" src=\"https:\/\/atecordoba.org\/wp-content\/uploads\/2021\/04\/flyer-municipales-afiliarse-300x300-2-300x191.jpeg\" alt=\"\" width=\"300\" height=\"191\" srcset=\"https:\/\/atecordoba.org\/wp-content\/uploads\/2021\/04\/flyer-municipales-afiliarse-300x300-2-300x191.jpeg 300w, https:\/\/atecordoba.org\/wp-content\/uploads\/2021\/04\/flyer-municipales-afiliarse-300x300-2-768x489.jpeg 768w, https:\/\/atecordoba.org\/wp-content\/uploads\/2021\/04\/flyer-municipales-afiliarse-300x300-2-750x478.jpeg 750w, https:\/\/atecordoba.org\/wp-content\/uploads\/2021\/04\/flyer-municipales-afiliarse-300x300-2.jpeg 1024w\" sizes=\"auto, (max-width: 300px) 100vw, 300px\" \/><\/p>\n","protected":false},"excerpt":{"rendered":"<p>Desde el Departamento de G\u00e9neros y Diversidades de la Comisi\u00f3n Directiva Provincial de ATE C\u00f3rdoba repudiamos profundamente la violencia institucional y de g\u00e9nero ejercida contra Ivanna Aguilera por parte de la polic\u00eda de la provincia de C\u00f3rdoba quien fue demorada en un control policial del Puente Maipu el pasado 29 de marzo por una orden [&hellip;]<\/p>\n","protected":false},"author":5,"featured_media":25342,"comment_status":"open","ping_status":"open","sticky":false,"template":"","format":"standard","meta":{"_exactmetrics_skip_tracking":false,"_exactmetrics_sitenote_active":false,"_exactmetrics_sitenote_note":"","_exactmetrics_sitenote_category":0,"jnews-multi-image_gallery":[],"jnews_single_post":{"source_name":"","source_url":"","via_name":"","via_url":"","override_template":"0","override":[{"template":"1","single_blog_custom":"","parallax":"1","fullscreen":"0","layout":"right-sidebar","sidebar":"default-sidebar","second_sidebar":"default-sidebar","sticky_sidebar":"1","share_position":"top","share_float_style":"share-monocrhome","show_share_counter":"1","show_view_counter":"1","show_featured":"1","show_post_meta":"1","show_post_author":"1","show_post_author_image":"1","show_post_date":"1","post_date_format":"default","post_date_format_custom":"Y\/m\/d","show_post_category":"1","show_post_reading_time":"0","post_reading_time_wpm":"300","show_zoom_button":"0","zoom_button_out_step":"2","zoom_button_in_step":"3","show_post_tag":"1","show_prev_next_post":"1","show_popup_post":"1","number_popup_post":"1","show_author_box":"0","show_post_related":"0","show_inline_post_related":"0"}],"override_image_size":"0","image_override":[{"single_post_thumbnail_size":"crop-500","single_post_gallery_size":"crop-500"}],"trending_post":"0","trending_post_position":"meta","trending_post_label":"Trending","sponsored_post":"0","sponsored_post_label":"Sponsored by","sponsored_post_name":"","sponsored_post_url":"","sponsored_post_logo_enable":"0","sponsored_post_logo":"","sponsored_post_desc":""},"jnews_primary_category":{"id":""},"jnews_social_meta":{"fb_title":"","fb_description":"","fb_image":"","twitter_title":"","twitter_description":"","twitter_image":""},"jnews_review":[],"enable_review":"0","type":"percentage","name":"","summary":"","brand":"","sku":"","good":[{"good_text":""}],"bad":[{"bad_text":""}],"score_override":"","override_value":"","rating":[{"rating_text":"","rating_number":"10"}],"price":[{"shop":"","price":"","link":"","icon":""}],"jnews_override_counter":{"override_view_counter":"0","view_counter_number":"0","override_share_counter":"0","share_counter_number":"0","override_like_counter":"0","like_counter_number":"0","override_dislike_counter":"0","dislike_counter_number":"0"},"jnews_post_split":{"enable_post_split":"0","post_split":[{"template":"1","tag":"h2","numbering":"asc","mode":"normal"}]},"footnotes":""},"categories":[53,325],"tags":[],"class_list":["post-25341","post","type-post","status-publish","format-standard","has-post-thumbnail","hentry","category-comunicados-de-prensa","category-generos-y-diversidades"],"jetpack_featured_media_url":"https:\/\/atecordoba.org\/wp-content\/uploads\/2021\/04\/flyer-municipales-afiliarse-300x300-2.jpeg","_links":{"self":[{"href":"https:\/\/atecordoba.org\/index.php?rest_route=\/wp\/v2\/posts\/25341","targetHints":{"allow":["GET"]}}],"collection":[{"href":"https:\/\/atecordoba.org\/index.php?rest_route=\/wp\/v2\/posts"}],"about":[{"href":"https:\/\/atecordoba.org\/index.php?rest_route=\/wp\/v2\/types\/post"}],"author":[{"embeddable":true,"href":"https:\/\/atecordoba.org\/index.php?rest_route=\/wp\/v2\/users\/5"}],"replies":[{"embeddable":true,"href":"https:\/\/atecordoba.org\/index.php?rest_route=%2Fwp%2Fv2%2Fcomments&post=25341"}],"version-history":[{"count":1,"href":"https:\/\/atecordoba.org\/index.php?rest_route=\/wp\/v2\/posts\/25341\/revisions"}],"predecessor-version":[{"id":25343,"href":"https:\/\/atecordoba.org\/index.php?rest_route=\/wp\/v2\/posts\/25341\/revisions\/25343"}],"wp:featuredmedia":[{"embeddable":true,"href":"https:\/\/atecordoba.org\/index.php?rest_route=\/wp\/v2\/media\/25342"}],"wp:attachment":[{"href":"https:\/\/atecordoba.org\/index.php?rest_route=%2Fwp%2Fv2%2Fmedia&parent=25341"}],"wp:term":[{"taxonomy":"category","embeddable":true,"href":"https:\/\/atecordoba.org\/index.php?rest_route=%2Fwp%2Fv2%2Fcategories&post=25341"},{"taxonomy":"post_tag","embeddable":true,"href":"https:\/\/atecordoba.org\/index.php?rest_route=%2Fwp%2Fv2%2Ftags&post=25341"}],"curies":[{"name":"wp","href":"https:\/\/api.w.org\/{rel}","templated":true}]}}