{"id":25338,"date":"2021-04-14T12:38:19","date_gmt":"2021-04-14T15:38:19","guid":{"rendered":"https:\/\/atecordoba.org\/?p=25338"},"modified":"2021-04-14T12:38:19","modified_gmt":"2021-04-14T15:38:19","slug":"ate-y-la-ctaa-provincia-de-cordoba-apoyan-al-pueblo-de-andalgala-en-lucha-contra-el-extractivismo","status":"publish","type":"post","link":"https:\/\/atecordoba.org\/?p=25338","title":{"rendered":"ATE y la CTAA Provincia de C\u00f3rdoba apoyan al pueblo de Andalgal\u00e1 en lucha contra el extractivismo"},"content":{"rendered":"<p>Desde CTA Aut\u00f3noma de C\u00f3rdoba y el Consejo Directivo Provincial de ATE queremos expresar nuestra total solidaridad y apoyo a los vecinos y vecinas de Andalgal\u00e1, quienes hace m\u00e1s de 10 a\u00f1os vienen resistiendo a la instalaci\u00f3n de proyectos megamineros en su territorio, organizados y movilizados en defensa el agua y la soberan\u00eda alimentaria es decir de la vida.<br \/>\nRepudiamos el nuevo intento de avasallar la voluntad del pueblo de Andalgala, que le dice no al proyecto Minera Agua Rica Alumbrera (M.A.R.A.), y los gobiernos c\u00f3mplices que comenzaron un ataque medi\u00e1tico y judicial contra vecinos y vecinas que se expresan pac\u00edficamente contra el extractivismo el saqueo y la contaminaci\u00f3n.<br \/>\nTambi\u00e9n manifestamos nuestro repudio a la represi\u00f3n del gobierno provincial con las detenciones ilegales, judicializaci\u00f3n de la protesta social, se suma la total falta de institucionalidad, ya que el proyecto de Yamana Gold desconoce la ordenanza municipal 029\/16 que proh\u00edbe toda actividad minera metal\u00edfera, en la modalidad a cielo abierto, y la actividad minera nuclear, bajo cualquiera de sus formas, en la cuenca alta del r\u00edo Andalgal\u00e1.<br \/>\nLas empresas mineras en complicidad con el gobierno de la provincia de Catamarca realizan una actividad que es ilegal e ileg\u00edtimo, porque no cuenta con la Licencia Social del pueblo, y a trav\u00e9s de los medios de comunicaci\u00f3n intentan promover la confusi\u00f3n y el discurso del salvataje econ\u00f3mico de una provincia que tiene graves problemas financieros desde hace d\u00e9cadas, producto de la contaminaci\u00f3n del suelo y del agua que genero Minera La Alumbrera.<br \/>\nLas y los trabajadores de C\u00f3rdoba acompa\u00f1amos la lucha porque estamos a favor del Agua y la Vida, defendemos la soberan\u00eda popular nuestros bienes comunes y sobre todo la lucha legitima del pueblo Catamarque\u00f1o.<img loading=\"lazy\" decoding=\"async\" class=\"alignnone size-medium wp-image-25339\" src=\"https:\/\/atecordoba.org\/wp-content\/uploads\/2021\/04\/18-03-pedido-reunion-asuntos-municipales_4-350x250-4-300x225.jpg\" alt=\"\" width=\"300\" height=\"225\" srcset=\"https:\/\/atecordoba.org\/wp-content\/uploads\/2021\/04\/18-03-pedido-reunion-asuntos-municipales_4-350x250-4-300x225.jpg 300w, https:\/\/atecordoba.org\/wp-content\/uploads\/2021\/04\/18-03-pedido-reunion-asuntos-municipales_4-350x250-4-768x576.jpg 768w, https:\/\/atecordoba.org\/wp-content\/uploads\/2021\/04\/18-03-pedido-reunion-asuntos-municipales_4-350x250-4-750x563.jpg 750w, https:\/\/atecordoba.org\/wp-content\/uploads\/2021\/04\/18-03-pedido-reunion-asuntos-municipales_4-350x250-4.jpg 800w\" sizes=\"auto, (max-width: 300px) 100vw, 300px\" \/><\/p>\n","protected":false},"excerpt":{"rendered":"<p>Desde CTA Aut\u00f3noma de C\u00f3rdoba y el Consejo Directivo Provincial de ATE queremos expresar nuestra total solidaridad y apoyo a los vecinos y vecinas de Andalgal\u00e1, quienes hace m\u00e1s de 10 a\u00f1os vienen resistiendo a la instalaci\u00f3n de proyectos megamineros en su territorio, organizados y movilizados en defensa el agua y la soberan\u00eda alimentaria es [&hellip;]<\/p>\n","protected":false},"author":5,"featured_media":25339,"comment_status":"open","ping_status":"open","sticky":false,"template":"","format":"standard","meta":{"_exactmetrics_skip_tracking":false,"_exactmetrics_sitenote_active":false,"_exactmetrics_sitenote_note":"","_exactmetrics_sitenote_category":0,"jnews-multi-image_gallery":[],"jnews_single_post":{"source_name":"","source_url":"","via_name":"","via_url":"","override_template":"0","override":[{"template":"1","single_blog_custom":"","parallax":"1","fullscreen":"0","layout":"right-sidebar","sidebar":"default-sidebar","second_sidebar":"default-sidebar","sticky_sidebar":"1","share_position":"top","share_float_style":"share-monocrhome","show_share_counter":"1","show_view_counter":"1","show_featured":"1","show_post_meta":"1","show_post_author":"1","show_post_author_image":"1","show_post_date":"1","post_date_format":"default","post_date_format_custom":"Y\/m\/d","show_post_category":"1","show_post_reading_time":"0","post_reading_time_wpm":"300","show_zoom_button":"0","zoom_button_out_step":"2","zoom_button_in_step":"3","show_post_tag":"1","show_prev_next_post":"1","show_popup_post":"1","number_popup_post":"1","show_author_box":"0","show_post_related":"0","show_inline_post_related":"0"}],"override_image_size":"0","image_override":[{"single_post_thumbnail_size":"crop-500","single_post_gallery_size":"crop-500"}],"trending_post":"0","trending_post_position":"meta","trending_post_label":"Trending","sponsored_post":"0","sponsored_post_label":"Sponsored by","sponsored_post_name":"","sponsored_post_url":"","sponsored_post_logo_enable":"0","sponsored_post_logo":"","sponsored_post_desc":""},"jnews_primary_category":{"id":""},"jnews_social_meta":{"fb_title":"","fb_description":"","fb_image":"","twitter_title":"","twitter_description":"","twitter_image":""},"jnews_review":[],"enable_review":"0","type":"percentage","name":"","summary":"","brand":"","sku":"","good":[{"good_text":""}],"bad":[{"bad_text":""}],"score_override":"","override_value":"","rating":[{"rating_text":"","rating_number":"10"}],"price":[{"shop":"","price":"","link":"","icon":""}],"jnews_override_counter":{"override_view_counter":"0","view_counter_number":"0","override_share_counter":"0","share_counter_number":"0","override_like_counter":"0","like_counter_number":"0","override_dislike_counter":"0","dislike_counter_number":"0"},"jnews_post_split":{"enable_post_split":"0","post_split":[{"template":"1","tag":"h2","numbering":"asc","mode":"normal"}]},"footnotes":""},"categories":[53,92,122],"tags":[],"class_list":["post-25338","post","type-post","status-publish","format-standard","has-post-thumbnail","hentry","category-comunicados-de-prensa","category-cta","category-ddhh"],"jetpack_featured_media_url":"https:\/\/atecordoba.org\/wp-content\/uploads\/2021\/04\/18-03-pedido-reunion-asuntos-municipales_4-350x250-4.jpg","_links":{"self":[{"href":"https:\/\/atecordoba.org\/index.php?rest_route=\/wp\/v2\/posts\/25338","targetHints":{"allow":["GET"]}}],"collection":[{"href":"https:\/\/atecordoba.org\/index.php?rest_route=\/wp\/v2\/posts"}],"about":[{"href":"https:\/\/atecordoba.org\/index.php?rest_route=\/wp\/v2\/types\/post"}],"author":[{"embeddable":true,"href":"https:\/\/atecordoba.org\/index.php?rest_route=\/wp\/v2\/users\/5"}],"replies":[{"embeddable":true,"href":"https:\/\/atecordoba.org\/index.php?rest_route=%2Fwp%2Fv2%2Fcomments&post=25338"}],"version-history":[{"count":1,"href":"https:\/\/atecordoba.org\/index.php?rest_route=\/wp\/v2\/posts\/25338\/revisions"}],"predecessor-version":[{"id":25340,"href":"https:\/\/atecordoba.org\/index.php?rest_route=\/wp\/v2\/posts\/25338\/revisions\/25340"}],"wp:featuredmedia":[{"embeddable":true,"href":"https:\/\/atecordoba.org\/index.php?rest_route=\/wp\/v2\/media\/25339"}],"wp:attachment":[{"href":"https:\/\/atecordoba.org\/index.php?rest_route=%2Fwp%2Fv2%2Fmedia&parent=25338"}],"wp:term":[{"taxonomy":"category","embeddable":true,"href":"https:\/\/atecordoba.org\/index.php?rest_route=%2Fwp%2Fv2%2Fcategories&post=25338"},{"taxonomy":"post_tag","embeddable":true,"href":"https:\/\/atecordoba.org\/index.php?rest_route=%2Fwp%2Fv2%2Ftags&post=25338"}],"curies":[{"name":"wp","href":"https:\/\/api.w.org\/{rel}","templated":true}]}}