{"id":25333,"date":"2021-04-14T10:35:35","date_gmt":"2021-04-14T13:35:35","guid":{"rendered":"https:\/\/atecordoba.org\/?p=25333"},"modified":"2021-04-14T10:35:35","modified_gmt":"2021-04-14T13:35:35","slug":"ate-rio-cuarto-logra-un-30-de-incremento-salarial-en-la-localidad-de-reduccion","status":"publish","type":"post","link":"https:\/\/atecordoba.org\/?p=25333","title":{"rendered":"ATE R\u00edo Cuarto logra un 30% de incremento salarial en la localidad de Reducci\u00f3n"},"content":{"rendered":"<div class=\"kvgmc6g5 cxmmr5t8 oygrvhab hcukyx3x c1et5uql ii04i59q\">\n<div>El pasado martes 13 de abril, en la localidad de Reducci\u00f3n ubicada a 49,2 Km de R\u00edo Cuarto se desarroll\u00f3 en audiencia paritaria entre ATE y el municipio en la que se logr\u00f3 un incremeto salarial del 30%.<\/div>\n<\/div>\n<div class=\"o9v6fnle cxmmr5t8 oygrvhab hcukyx3x c1et5uql ii04i59q\">\n<div>El pago ser\u00e1 en tres cuotas y se reabrir\u00e1 la mesa salarial en septiembre.<\/div>\n<div>Con la presencia del delegado local Marcos Rivarola, Rafaela Alcoba Secretaria General y Franco Orsaro Titular del Departamento de Discapacidad del Consejo Directivo Provincial de ATE y Secretario de Organizaci\u00f3n de la seccional, se firm\u00f3 un acuerdo en donde las partes se comprometen a trabajar de manera conjunta sobre el cupo laboral referido a discapacidad y el cupo laboral travesti-trans.<\/div>\n<div>Otro de los puntos que fue presentado al Intendente Andr\u00e9s Passero fue el Proyecto de Licencia por Violencia de G\u00e9nero, as\u00ed como tambi\u00e9n la inquietud de ATE sobre las y los trabajadores pr\u00f3ximos a jubilarse ante lo cual el Ejecutivo indic\u00f3 que comenzar\u00e1 a regularizar la situaci\u00f3n de recategorizaciones y la inmediata necesidad de implementar los pase a planta permanente.<\/div>\n<div>Tanto el Ejecutivo como ATE, establecieron dejar abierta la negociaci\u00f3n salarial y volver a reunirse en Septiembre.<\/div>\n<div><img loading=\"lazy\" decoding=\"async\" class=\"alignnone size-medium wp-image-25334\" src=\"https:\/\/atecordoba.org\/wp-content\/uploads\/2021\/04\/18-03-pedido-reunion-asuntos-municipales_4-350x250-3-300x225.jpg\" alt=\"\" width=\"300\" height=\"225\" srcset=\"https:\/\/atecordoba.org\/wp-content\/uploads\/2021\/04\/18-03-pedido-reunion-asuntos-municipales_4-350x250-3-300x225.jpg 300w, https:\/\/atecordoba.org\/wp-content\/uploads\/2021\/04\/18-03-pedido-reunion-asuntos-municipales_4-350x250-3.jpg 600w\" sizes=\"auto, (max-width: 300px) 100vw, 300px\" \/> <img loading=\"lazy\" decoding=\"async\" class=\"alignnone size-medium wp-image-25335\" src=\"https:\/\/atecordoba.org\/wp-content\/uploads\/2021\/04\/166318542_1094648110946449_7241201032241520717_o-1-300x225.jpg\" alt=\"\" width=\"300\" height=\"225\" srcset=\"https:\/\/atecordoba.org\/wp-content\/uploads\/2021\/04\/166318542_1094648110946449_7241201032241520717_o-1-300x225.jpg 300w, https:\/\/atecordoba.org\/wp-content\/uploads\/2021\/04\/166318542_1094648110946449_7241201032241520717_o-1.jpg 600w\" sizes=\"auto, (max-width: 300px) 100vw, 300px\" \/><\/div>\n<\/div>\n<p>&nbsp;<\/p>\n","protected":false},"excerpt":{"rendered":"<p>El pasado martes 13 de abril, en la localidad de Reducci\u00f3n ubicada a 49,2 Km de R\u00edo Cuarto se desarroll\u00f3 en audiencia paritaria entre ATE y el municipio en la que se logr\u00f3 un incremeto salarial del 30%. El pago ser\u00e1 en tres cuotas y se reabrir\u00e1 la mesa salarial en septiembre. Con la presencia [&hellip;]<\/p>\n","protected":false},"author":5,"featured_media":25334,"comment_status":"open","ping_status":"open","sticky":false,"template":"","format":"standard","meta":{"_exactmetrics_skip_tracking":false,"_exactmetrics_sitenote_active":false,"_exactmetrics_sitenote_note":"","_exactmetrics_sitenote_category":0,"jnews-multi-image_gallery":[],"jnews_single_post":{"source_name":"","source_url":"","via_name":"","via_url":"","override_template":"0","override":[{"template":"1","single_blog_custom":"","parallax":"1","fullscreen":"0","layout":"right-sidebar","sidebar":"default-sidebar","second_sidebar":"default-sidebar","sticky_sidebar":"1","share_position":"top","share_float_style":"share-monocrhome","show_share_counter":"1","show_view_counter":"1","show_featured":"1","show_post_meta":"1","show_post_author":"1","show_post_author_image":"1","show_post_date":"1","post_date_format":"default","post_date_format_custom":"Y\/m\/d","show_post_category":"1","show_post_reading_time":"0","post_reading_time_wpm":"300","show_zoom_button":"0","zoom_button_out_step":"2","zoom_button_in_step":"3","show_post_tag":"1","show_prev_next_post":"1","show_popup_post":"1","number_popup_post":"1","show_author_box":"0","show_post_related":"0","show_inline_post_related":"0"}],"override_image_size":"0","image_override":[{"single_post_thumbnail_size":"crop-500","single_post_gallery_size":"crop-500"}],"trending_post":"0","trending_post_position":"meta","trending_post_label":"Trending","sponsored_post":"0","sponsored_post_label":"Sponsored by","sponsored_post_name":"","sponsored_post_url":"","sponsored_post_logo_enable":"0","sponsored_post_logo":"","sponsored_post_desc":""},"jnews_primary_category":{"id":""},"jnews_social_meta":{"fb_title":"","fb_description":"","fb_image":"","twitter_title":"","twitter_description":"","twitter_image":""},"jnews_review":[],"enable_review":"0","type":"percentage","name":"","summary":"","brand":"","sku":"","good":[{"good_text":""}],"bad":[{"bad_text":""}],"score_override":"","override_value":"","rating":[{"rating_text":"","rating_number":"10"}],"price":[{"shop":"","price":"","link":"","icon":""}],"jnews_override_counter":{"override_view_counter":"0","view_counter_number":"0","override_share_counter":"0","share_counter_number":"0","override_like_counter":"0","like_counter_number":"0","override_dislike_counter":"0","dislike_counter_number":"0"},"jnews_post_split":{"enable_post_split":"0","post_split":[{"template":"1","tag":"h2","numbering":"asc","mode":"normal"}]},"footnotes":""},"categories":[10,53,145,20,12],"tags":[],"class_list":["post-25333","post","type-post","status-publish","format-standard","has-post-thumbnail","hentry","category-accion-politica","category-comunicados-de-prensa","category-delegados","category-municipales","category-rio-cuarto"],"jetpack_featured_media_url":"https:\/\/atecordoba.org\/wp-content\/uploads\/2021\/04\/18-03-pedido-reunion-asuntos-municipales_4-350x250-3.jpg","_links":{"self":[{"href":"https:\/\/atecordoba.org\/index.php?rest_route=\/wp\/v2\/posts\/25333","targetHints":{"allow":["GET"]}}],"collection":[{"href":"https:\/\/atecordoba.org\/index.php?rest_route=\/wp\/v2\/posts"}],"about":[{"href":"https:\/\/atecordoba.org\/index.php?rest_route=\/wp\/v2\/types\/post"}],"author":[{"embeddable":true,"href":"https:\/\/atecordoba.org\/index.php?rest_route=\/wp\/v2\/users\/5"}],"replies":[{"embeddable":true,"href":"https:\/\/atecordoba.org\/index.php?rest_route=%2Fwp%2Fv2%2Fcomments&post=25333"}],"version-history":[{"count":1,"href":"https:\/\/atecordoba.org\/index.php?rest_route=\/wp\/v2\/posts\/25333\/revisions"}],"predecessor-version":[{"id":25336,"href":"https:\/\/atecordoba.org\/index.php?rest_route=\/wp\/v2\/posts\/25333\/revisions\/25336"}],"wp:featuredmedia":[{"embeddable":true,"href":"https:\/\/atecordoba.org\/index.php?rest_route=\/wp\/v2\/media\/25334"}],"wp:attachment":[{"href":"https:\/\/atecordoba.org\/index.php?rest_route=%2Fwp%2Fv2%2Fmedia&parent=25333"}],"wp:term":[{"taxonomy":"category","embeddable":true,"href":"https:\/\/atecordoba.org\/index.php?rest_route=%2Fwp%2Fv2%2Fcategories&post=25333"},{"taxonomy":"post_tag","embeddable":true,"href":"https:\/\/atecordoba.org\/index.php?rest_route=%2Fwp%2Fv2%2Ftags&post=25333"}],"curies":[{"name":"wp","href":"https:\/\/api.w.org\/{rel}","templated":true}]}}