{"id":25326,"date":"2021-04-14T09:17:18","date_gmt":"2021-04-14T12:17:18","guid":{"rendered":"https:\/\/atecordoba.org\/?p=25326"},"modified":"2021-04-14T12:21:15","modified_gmt":"2021-04-14T15:21:15","slug":"preocupante-situacion-de-precarizacion-y-persecusion-en-el-polo-de-la-mujer","status":"publish","type":"post","link":"https:\/\/atecordoba.org\/?p=25326","title":{"rendered":"Preocupante situaci\u00f3n de precarizaci\u00f3n y persecuci\u00f3n en el Polo de la Mujer"},"content":{"rendered":"<p>Mediante el presente <strong>denunciamos la expl\u00edcita maniobra pol\u00edtica de parte del personal jer\u00e1rquico del Ministerio de la Mujer<\/strong>, encabezada por la Secretaria de la ministra ,Silvina Villarroel y de la Directora de violencia familiar y de g\u00e9nero, Bel\u00e9n Sueldo en un intento de romper con un espacio que convoca democr\u00e1ticamente a los\/las trabajadores y en el que confluyen los diferentes\u00a0 reclamos laborales de todas las \u00e1reas del Ministerio: monotributistas, conveniadas, contratadas y trabajadoras de planta permanente. Mediante amenazas de la p\u00e9rdida de las fuentes de trabajo, bajas de monotributos y contratos en caso de continuar con la medida de huelga, un claro intento de desacreditaci\u00f3n de la lucha y de amedrentamiento para silenciar lo construido e invisibilizar los derechos de las\/los trabajadores. Adem\u00e1s recurriendo a estrategias de manipulaci\u00f3n violentas y patriarcales,\u00a0 poniendo en falta a la compa\u00f1era delegada\u00a0 en su rol de madre al concurrir con sus hijxs al espacio de lucha. Todo ello da cuenta de la violencia laboral que este Ministerio de la Mujer ejerce contra sus trabajadoras y con la lucha que estas llevan a cabo desde hace 6 a\u00f1os, desde el anteriormente llamado Polo Integral de la Mujer en situaci\u00f3n de violencia.<\/p>\n<p>Por todo lo anteriormente expuesto, es queATE-\u00a0 Asociaci\u00f3n detrabajadores del Estado hist\u00f3ricamente viene planteando en esta repartici\u00f3n terminar con la precarizaci\u00f3n,\u00a0 el incremento salarial y el pase a planta y\u00a0 contrato de las\/los Trabajadores\u00a0 del Ministerio de la Mujer.<\/p>\n<p>Se solicita a dicho Ministerio que se comprometa a conservar las fuentes de trabajo y a no obstaculizar el pleno ejercicio de los derechos de reclamos laborales de todas las trabajadoras.<\/p>\n<p><strong>\u00a0<\/strong><\/p>\n<p><strong>\u00a1Basta de precarizaci\u00f3n laboral! <\/strong><\/p>\n<p><strong>\u00a1Pase a contrato y planta de las\/los trabajadores del Ministerio de la Mujer!<\/strong><\/p>\n<p><img loading=\"lazy\" decoding=\"async\" class=\"alignnone size-medium wp-image-25327\" src=\"https:\/\/atecordoba.org\/wp-content\/uploads\/2021\/04\/18-03-pedido-reunion-asuntos-municipales_4-350x250-2-225x300.jpg\" alt=\"\" width=\"225\" height=\"300\" srcset=\"https:\/\/atecordoba.org\/wp-content\/uploads\/2021\/04\/18-03-pedido-reunion-asuntos-municipales_4-350x250-2-225x300.jpg 225w, https:\/\/atecordoba.org\/wp-content\/uploads\/2021\/04\/18-03-pedido-reunion-asuntos-municipales_4-350x250-2-768x1024.jpg 768w, https:\/\/atecordoba.org\/wp-content\/uploads\/2021\/04\/18-03-pedido-reunion-asuntos-municipales_4-350x250-2-750x1000.jpg 750w, https:\/\/atecordoba.org\/wp-content\/uploads\/2021\/04\/18-03-pedido-reunion-asuntos-municipales_4-350x250-2.jpg 780w\" sizes=\"auto, (max-width: 225px) 100vw, 225px\" \/> <img loading=\"lazy\" decoding=\"async\" class=\"alignnone size-medium wp-image-25328\" src=\"https:\/\/atecordoba.org\/wp-content\/uploads\/2021\/04\/166318542_1094648110946449_7241201032241520717_o-225x300.jpg\" alt=\"\" width=\"225\" height=\"300\" srcset=\"https:\/\/atecordoba.org\/wp-content\/uploads\/2021\/04\/166318542_1094648110946449_7241201032241520717_o-225x300.jpg 225w, https:\/\/atecordoba.org\/wp-content\/uploads\/2021\/04\/166318542_1094648110946449_7241201032241520717_o-768x1024.jpg 768w, https:\/\/atecordoba.org\/wp-content\/uploads\/2021\/04\/166318542_1094648110946449_7241201032241520717_o-750x1000.jpg 750w, https:\/\/atecordoba.org\/wp-content\/uploads\/2021\/04\/166318542_1094648110946449_7241201032241520717_o.jpg 780w\" sizes=\"auto, (max-width: 225px) 100vw, 225px\" \/> <img loading=\"lazy\" decoding=\"async\" class=\"alignnone size-medium wp-image-25329\" src=\"https:\/\/atecordoba.org\/wp-content\/uploads\/2021\/04\/flyer-municipales-afiliarse-300x300-1-225x300.jpeg\" alt=\"\" width=\"225\" height=\"300\" srcset=\"https:\/\/atecordoba.org\/wp-content\/uploads\/2021\/04\/flyer-municipales-afiliarse-300x300-1-225x300.jpeg 225w, https:\/\/atecordoba.org\/wp-content\/uploads\/2021\/04\/flyer-municipales-afiliarse-300x300-1-768x1024.jpeg 768w, https:\/\/atecordoba.org\/wp-content\/uploads\/2021\/04\/flyer-municipales-afiliarse-300x300-1-750x1000.jpeg 750w, https:\/\/atecordoba.org\/wp-content\/uploads\/2021\/04\/flyer-municipales-afiliarse-300x300-1.jpeg 780w\" sizes=\"auto, (max-width: 225px) 100vw, 225px\" \/> <img loading=\"lazy\" decoding=\"async\" class=\"alignnone size-medium wp-image-25330\" src=\"https:\/\/atecordoba.org\/wp-content\/uploads\/2021\/04\/thumbnail_IMG-20210413-WA0154-225x300.jpg\" alt=\"\" width=\"225\" height=\"300\" srcset=\"https:\/\/atecordoba.org\/wp-content\/uploads\/2021\/04\/thumbnail_IMG-20210413-WA0154-225x300.jpg 225w, https:\/\/atecordoba.org\/wp-content\/uploads\/2021\/04\/thumbnail_IMG-20210413-WA0154-768x1024.jpg 768w, https:\/\/atecordoba.org\/wp-content\/uploads\/2021\/04\/thumbnail_IMG-20210413-WA0154-750x1000.jpg 750w, https:\/\/atecordoba.org\/wp-content\/uploads\/2021\/04\/thumbnail_IMG-20210413-WA0154.jpg 780w\" sizes=\"auto, (max-width: 225px) 100vw, 225px\" \/> <img loading=\"lazy\" decoding=\"async\" class=\"alignnone size-medium wp-image-25331\" src=\"https:\/\/atecordoba.org\/wp-content\/uploads\/2021\/04\/thumbnail_IMG-20210413-WA0222-225x300.jpg\" alt=\"\" width=\"225\" height=\"300\" srcset=\"https:\/\/atecordoba.org\/wp-content\/uploads\/2021\/04\/thumbnail_IMG-20210413-WA0222-225x300.jpg 225w, https:\/\/atecordoba.org\/wp-content\/uploads\/2021\/04\/thumbnail_IMG-20210413-WA0222-768x1024.jpg 768w, https:\/\/atecordoba.org\/wp-content\/uploads\/2021\/04\/thumbnail_IMG-20210413-WA0222-750x1000.jpg 750w, https:\/\/atecordoba.org\/wp-content\/uploads\/2021\/04\/thumbnail_IMG-20210413-WA0222.jpg 774w\" sizes=\"auto, (max-width: 225px) 100vw, 225px\" \/><\/p>\n","protected":false},"excerpt":{"rendered":"<p>Mediante el presente denunciamos la expl\u00edcita maniobra pol\u00edtica de parte del personal jer\u00e1rquico del Ministerio de la Mujer, encabezada por la Secretaria de la ministra ,Silvina Villarroel y de la Directora de violencia familiar y de g\u00e9nero, Bel\u00e9n Sueldo en un intento de romper con un espacio que convoca democr\u00e1ticamente a los\/las trabajadores y en [&hellip;]<\/p>\n","protected":false},"author":5,"featured_media":25329,"comment_status":"open","ping_status":"open","sticky":false,"template":"","format":"standard","meta":{"_exactmetrics_skip_tracking":false,"_exactmetrics_sitenote_active":false,"_exactmetrics_sitenote_note":"","_exactmetrics_sitenote_category":0,"jnews-multi-image_gallery":[],"jnews_single_post":{"source_name":"","source_url":"","via_name":"","via_url":"","override_template":"0","override":[{"template":"1","single_blog_custom":"","parallax":"1","fullscreen":"0","layout":"right-sidebar","sidebar":"default-sidebar","second_sidebar":"default-sidebar","sticky_sidebar":"1","share_position":"top","share_float_style":"share-monocrhome","show_share_counter":"1","show_view_counter":"1","show_featured":"1","show_post_meta":"1","show_post_author":"1","show_post_author_image":"1","show_post_date":"1","post_date_format":"default","post_date_format_custom":"Y\/m\/d","show_post_category":"1","show_post_reading_time":"0","post_reading_time_wpm":"300","show_zoom_button":"0","zoom_button_out_step":"2","zoom_button_in_step":"3","show_post_tag":"1","show_prev_next_post":"1","show_popup_post":"1","number_popup_post":"1","show_author_box":"0","show_post_related":"0","show_inline_post_related":"0"}],"override_image_size":"0","image_override":[{"single_post_thumbnail_size":"crop-500","single_post_gallery_size":"crop-500"}],"trending_post":"0","trending_post_position":"meta","trending_post_label":"Trending","sponsored_post":"0","sponsored_post_label":"Sponsored by","sponsored_post_name":"","sponsored_post_url":"","sponsored_post_logo_enable":"0","sponsored_post_logo":"","sponsored_post_desc":""},"jnews_primary_category":{"id":""},"jnews_social_meta":{"fb_title":"","fb_description":"","fb_image":"","twitter_title":"","twitter_description":"","twitter_image":""},"jnews_review":[],"enable_review":"0","type":"percentage","name":"","summary":"","brand":"","sku":"","good":[{"good_text":""}],"bad":[{"bad_text":""}],"score_override":"","override_value":"","rating":[{"rating_text":"","rating_number":"10"}],"price":[{"shop":"","price":"","link":"","icon":""}],"jnews_override_counter":{"override_view_counter":"0","view_counter_number":"0","override_share_counter":"0","share_counter_number":"0","override_like_counter":"0","like_counter_number":"0","override_dislike_counter":"0","dislike_counter_number":"0"},"jnews_post_split":{"enable_post_split":"0","post_split":[{"template":"1","tag":"h2","numbering":"asc","mode":"normal"}]},"footnotes":""},"categories":[10,53,325,142,8],"tags":[],"class_list":["post-25326","post","type-post","status-publish","format-standard","has-post-thumbnail","hentry","category-accion-politica","category-comunicados-de-prensa","category-generos-y-diversidades","category-polo-de-la-mujer-de-la-provincia","category-provinciales"],"jetpack_featured_media_url":"https:\/\/atecordoba.org\/wp-content\/uploads\/2021\/04\/flyer-municipales-afiliarse-300x300-1.jpeg","_links":{"self":[{"href":"https:\/\/atecordoba.org\/index.php?rest_route=\/wp\/v2\/posts\/25326","targetHints":{"allow":["GET"]}}],"collection":[{"href":"https:\/\/atecordoba.org\/index.php?rest_route=\/wp\/v2\/posts"}],"about":[{"href":"https:\/\/atecordoba.org\/index.php?rest_route=\/wp\/v2\/types\/post"}],"author":[{"embeddable":true,"href":"https:\/\/atecordoba.org\/index.php?rest_route=\/wp\/v2\/users\/5"}],"replies":[{"embeddable":true,"href":"https:\/\/atecordoba.org\/index.php?rest_route=%2Fwp%2Fv2%2Fcomments&post=25326"}],"version-history":[{"count":2,"href":"https:\/\/atecordoba.org\/index.php?rest_route=\/wp\/v2\/posts\/25326\/revisions"}],"predecessor-version":[{"id":25337,"href":"https:\/\/atecordoba.org\/index.php?rest_route=\/wp\/v2\/posts\/25326\/revisions\/25337"}],"wp:featuredmedia":[{"embeddable":true,"href":"https:\/\/atecordoba.org\/index.php?rest_route=\/wp\/v2\/media\/25329"}],"wp:attachment":[{"href":"https:\/\/atecordoba.org\/index.php?rest_route=%2Fwp%2Fv2%2Fmedia&parent=25326"}],"wp:term":[{"taxonomy":"category","embeddable":true,"href":"https:\/\/atecordoba.org\/index.php?rest_route=%2Fwp%2Fv2%2Fcategories&post=25326"},{"taxonomy":"post_tag","embeddable":true,"href":"https:\/\/atecordoba.org\/index.php?rest_route=%2Fwp%2Fv2%2Ftags&post=25326"}],"curies":[{"name":"wp","href":"https:\/\/api.w.org\/{rel}","templated":true}]}}