{"id":25321,"date":"2021-01-13T13:12:52","date_gmt":"2021-01-13T16:12:52","guid":{"rendered":"https:\/\/atecordoba.org\/?p=25321"},"modified":"2021-04-13T16:42:43","modified_gmt":"2021-04-13T19:42:43","slug":"reunion-de-la-seccional-ate-villa-maria-con-el-director-de-fabricaciones-militares-s-e","status":"publish","type":"post","link":"https:\/\/atecordoba.org\/?p=25321","title":{"rendered":"Reunion de la Seccional ATE Villa Mar\u00eda con el Director de Fabricaciones Militares S.E."},"content":{"rendered":"<p>Luego de la visita de las autoridades en la FMVM, nuestra organizaci\u00f3n sindical mantuvo ayer 12 de abril pasadas las 19:30 horas una reuni\u00f3n con el Presidente de Fabricaciones Militares Sociedad Del Estado, El Dr. Ivan Durig\u00f3n.<\/p>\n<p>A la misma acudieron compa\u00f1eros representantes de distintas \u00e1reas de la f\u00e1brica: _Jorge Heredia (calidad), el compa\u00f1ero Fernando Mercado (mantenimiento), Fernando Secondino (planta D y planta C), Nicol\u00e1s Olaviaga (planta F) y Cesar Coutsiers (planta explosivos)_<\/p>\n<p>En la reuni\u00f3n junto a la m\u00e1xima autoridad de FMSE, asisti\u00f3 tambi\u00e9n el Director de la FMVM : Ing. Miguel Toselli<\/p>\n<p>Nuestros compa\u00f1eros representantes de los trabajadores pudieron hacer llegar directamente a las autoridades las distintas inquietudes a lo que a los empleados de f\u00e1brica nos preocupa, desde los problemas de mantenimiento, hasta los problemas por la falta de capital humano en todos los sectores.<\/p>\n<p>Las autoridades nos brindaron mayores detalles sobre las declaraciones que realizaron a la prensa local y tambien se refirieron a los anuncios que con la presencia de dirigentes politicos y funcionarios realizaron ayer en la FMVM.<\/p>\n<p>Si bien celebr\u00e1mos con optimismo la inversi\u00f3n que arrib\u00f3 de 42.5 millones de pesos, sabemos que esa suma va a parar directamente al cuidado de nuestra fuente laboral, pero tambi\u00e9n entendemos que es insuficiente a todos los problemas que nuestra fabrica tiene en la actualidad, pero nos marca un buen comienzo y le hicimos llegar nuestro compromiso como organizaci\u00f3n sindical y la de todos los y las trabajadores y trabajadoras, para poner toda nuestra voluntad para salir adelante.<\/p>\n<p>Luego haciendo una breve rese\u00f1a, nuestro compa\u00f1ero Secretario General Fernando Mercado les comento que all\u00e1 por el a\u00f1o 2015 \u00e9ramos 512 trabajadores activos en FMVM, posteriormente producto del gobierno del macrismo con los despidos masivos y las jubilaciones pasamos a ser 300 trabajadores y a esa situaci\u00f3n hab\u00eda que restarle 67 compa\u00f1eros m\u00e1s que hoy son factores de riesgo y no pueden presentarse a cumplir tareas por causas de la pandemia.<\/p>\n<p>M\u00e1s all\u00e1 de todo el esfuerzo que le ponen d\u00eda a d\u00eda los compa\u00f1eros que hoy est\u00e1n activos .esta rese\u00f1a sirvi\u00f3 para poner en contexto la cr\u00edtica situaci\u00f3n por la escases de personal fundamental para poder tambi\u00e9n cumplir con las expectativas productivas de este a\u00f1o , ante ello solicitamos que se reingresaran a los 45 trabajadores que fueron despedidos durante la gestion anterior .<\/p>\n<p>Adem\u00e1s en nuestra solicitud contemplamos los 17 compa\u00f1eros que ingresaron por medio de una cooperativa ,y solicitamos que a estos se los pase a contrato directo,a que lo recibimos como respuesta que en los pr\u00f3ximos d\u00edas recibiremos la contestaci\u00f3n a nuestro pedido luego de evaluarlo.<\/p>\n<p>Y m\u00e1s all\u00e1 de los reingresos le planteamos que esto a\u00fan ser\u00eda insuficiente ,porque los compa\u00f1eros que hoy son factores de riesgo no sabemos cu\u00e1ndo van a volver, a lo que es imperioso tambi\u00e9n implementar jornadas con horas extras ,no solo a fin de cumplimentar objetivos productivos, sino tambi\u00e9n esto ser\u00eda un beneficio directo y muy positivo en los bolsillos de los trabajadores.<\/p>\n<p>Durig\u00f3n seg\u00fan nos coment\u00f3 que solo ser\u00eda cuesti\u00f3n de un breve tiempo para poder implementarlas, igual como as\u00ed lo hacen hoy en otras unidades productivas de FMSE, habr\u00eda que hacer solo un peque\u00f1o relevamiento de seguridad, junto con un informe de la Direcci\u00f3n para que luego se las autorice donde sea aplicable y correspondiente.<\/p>\n<p>Todo esto fue planteado no solo verbalmente, tambi\u00e9n lo hicimos formalmente en 2 notas junto a un trabajo minucioso realizado en 2 carpetas por los compa\u00f1eros delegados sobre el estado actual de los distintos sectores de la FM.<\/p>\n<p>A nuestro reclamo el compa\u00f1ero Mercado solicito a Durig\u00f3n en nombre de los y las trabajadores y trabajadoras de la FMVM una inmediata recomposici\u00f3n salarial ,pero sin tener que aguardar la paritaria que en los pr\u00f3ximos meses se reflejara en nuestros haberes ,sino que se pague una suma extra a modo de adelanto paritario, porque la situaci\u00f3n de todos es meritoria a tal beneficio, el Dr. Durig\u00f3n a esta demanda nos respondi\u00f3 se comprometi\u00f3 a llevar este reclamo a la funci\u00f3n p\u00fablica para luego hablarlo y darnos una respuesta definitoria en los pr\u00f3ximos d\u00edas .<\/p>\n<p>Lo que tambi\u00e9n Durig\u00f3n nos adelanto es que los trabajadores de la cooperativa y los despedidos que aguardan novedades en los pr\u00f3ximos d\u00edas tendr\u00e1n una respuesta respecto a futuras nuevas reincorporaci\u00f3nes y tambi\u00e9n nos adelant\u00f3 que los trabajadores de la cooperativa ver\u00e1n incrementados sus haberes al igual que lo hagan los trabajadores de la f\u00e1brica en tiempo y forma seg\u00fan el acuerdo paritario que suceda en los pr\u00f3ximos d\u00edas.<\/p>\n<p>Para finalizar concluimos que la reuni\u00f3n fue muy fruct\u00edfera y nos llevamos por parte del Directorio un panorama amplio en lo que respecta a ventas y producciones ,entendemos y apoyamos todo el esfuerzo que se ha puesto en este a\u00f1o y 4 meses de haber asumido el nuevo Gobierno , por supuesto sin dejar de c\u00f3mo lo anticipamos anteriormente de expresarnos de que con las inversiones y las ventas no alcanzaba ,tambi\u00e9n hay que terminar de Re-categorizar a los y las compa\u00f1eros y compa\u00f1eras que restan a lo que tambi\u00e9n nos respondieron positivamente, que estas siguen su camino los proximos dias para traer un poco de justicia a los compa\u00f1eros y otra buena noticia: ATE Villa Maria esta aguardando la notificaci\u00f3n e invitaci\u00f3n formal del Ministerio de Trabajo para inmediatamente comenzar a elaborar nuestro tan postergado e hist\u00f3ricamente solicitado Convenio Colectivo Sectorial.<img loading=\"lazy\" decoding=\"async\" class=\"alignnone size-thumbnail wp-image-25318\" src=\"https:\/\/atecordoba.org\/wp-content\/uploads\/2021\/04\/flyer-municipales-afiliarse-300x300-1-150x150.png\" alt=\"\" width=\"150\" height=\"150\" srcset=\"https:\/\/atecordoba.org\/wp-content\/uploads\/2021\/04\/flyer-municipales-afiliarse-300x300-1-150x150.png 150w, https:\/\/atecordoba.org\/wp-content\/uploads\/2021\/04\/flyer-municipales-afiliarse-300x300-1-300x300.png 300w, https:\/\/atecordoba.org\/wp-content\/uploads\/2021\/04\/flyer-municipales-afiliarse-300x300-1-1024x1024.png 1024w, https:\/\/atecordoba.org\/wp-content\/uploads\/2021\/04\/flyer-municipales-afiliarse-300x300-1-768x768.png 768w, https:\/\/atecordoba.org\/wp-content\/uploads\/2021\/04\/flyer-municipales-afiliarse-300x300-1-560x560.png 560w, https:\/\/atecordoba.org\/wp-content\/uploads\/2021\/04\/flyer-municipales-afiliarse-300x300-1-75x75.png 75w, https:\/\/atecordoba.org\/wp-content\/uploads\/2021\/04\/flyer-municipales-afiliarse-300x300-1-750x750.png 750w, https:\/\/atecordoba.org\/wp-content\/uploads\/2021\/04\/flyer-municipales-afiliarse-300x300-1-1140x1140.png 1140w, https:\/\/atecordoba.org\/wp-content\/uploads\/2021\/04\/flyer-municipales-afiliarse-300x300-1.png 1280w\" sizes=\"auto, (max-width: 150px) 100vw, 150px\" \/><\/p>\n","protected":false},"excerpt":{"rendered":"<p>Luego de la visita de las autoridades en la FMVM, nuestra organizaci\u00f3n sindical mantuvo ayer 12 de abril pasadas las 19:30 horas una reuni\u00f3n con el Presidente de Fabricaciones Militares Sociedad Del Estado, El Dr. Ivan Durig\u00f3n. A la misma acudieron compa\u00f1eros representantes de distintas \u00e1reas de la f\u00e1brica: _Jorge Heredia (calidad), el compa\u00f1ero Fernando [&hellip;]<\/p>\n","protected":false},"author":3,"featured_media":25318,"comment_status":"open","ping_status":"open","sticky":false,"template":"","format":"standard","meta":{"_exactmetrics_skip_tracking":false,"_exactmetrics_sitenote_active":false,"_exactmetrics_sitenote_note":"","_exactmetrics_sitenote_category":0,"jnews-multi-image_gallery":[],"jnews_single_post":{"source_name":"","source_url":"","via_name":"","via_url":"","override_template":"0","override":[{"template":"1","single_blog_custom":"","parallax":"1","fullscreen":"0","layout":"right-sidebar","sidebar":"default-sidebar","second_sidebar":"default-sidebar","sticky_sidebar":"1","share_position":"top","share_float_style":"share-monocrhome","show_share_counter":"1","show_view_counter":"1","show_featured":"1","show_post_meta":"1","show_post_author":"1","show_post_author_image":"1","show_post_date":"1","post_date_format":"default","post_date_format_custom":"Y\/m\/d","show_post_category":"1","show_post_reading_time":"0","post_reading_time_wpm":"300","show_zoom_button":"0","zoom_button_out_step":"2","zoom_button_in_step":"3","show_post_tag":"1","show_prev_next_post":"1","show_popup_post":"1","number_popup_post":"1","show_author_box":"0","show_post_related":"0","show_inline_post_related":"0"}],"override_image_size":"0","image_override":[{"single_post_thumbnail_size":"crop-500","single_post_gallery_size":"crop-500"}],"trending_post":"0","trending_post_position":"meta","trending_post_label":"Trending","sponsored_post":"0","sponsored_post_label":"Sponsored by","sponsored_post_name":"","sponsored_post_url":"","sponsored_post_logo_enable":"0","sponsored_post_logo":"","sponsored_post_desc":""},"jnews_primary_category":{"id":""},"jnews_social_meta":{"fb_title":"","fb_description":"","fb_image":"","twitter_title":"","twitter_description":"","twitter_image":""},"jnews_review":[],"enable_review":"0","type":"percentage","name":"","summary":"","brand":"","sku":"","good":[{"good_text":""}],"bad":[{"bad_text":""}],"score_override":"","override_value":"","rating":[{"rating_text":"","rating_number":"10"}],"price":[{"shop":"","price":"","link":"","icon":""}],"jnews_override_counter":{"override_view_counter":"0","view_counter_number":"0","override_share_counter":"0","share_counter_number":"0","override_like_counter":"0","like_counter_number":"0","override_dislike_counter":"0","dislike_counter_number":"0"},"jnews_post_split":{"enable_post_split":"0","post_split":[{"template":"1","tag":"h2","numbering":"asc","mode":"normal"}]},"footnotes":""},"categories":[14],"tags":[],"class_list":["post-25321","post","type-post","status-publish","format-standard","has-post-thumbnail","hentry","category-villa-maria"],"jetpack_featured_media_url":"https:\/\/atecordoba.org\/wp-content\/uploads\/2021\/04\/flyer-municipales-afiliarse-300x300-1.png","_links":{"self":[{"href":"https:\/\/atecordoba.org\/index.php?rest_route=\/wp\/v2\/posts\/25321","targetHints":{"allow":["GET"]}}],"collection":[{"href":"https:\/\/atecordoba.org\/index.php?rest_route=\/wp\/v2\/posts"}],"about":[{"href":"https:\/\/atecordoba.org\/index.php?rest_route=\/wp\/v2\/types\/post"}],"author":[{"embeddable":true,"href":"https:\/\/atecordoba.org\/index.php?rest_route=\/wp\/v2\/users\/3"}],"replies":[{"embeddable":true,"href":"https:\/\/atecordoba.org\/index.php?rest_route=%2Fwp%2Fv2%2Fcomments&post=25321"}],"version-history":[{"count":1,"href":"https:\/\/atecordoba.org\/index.php?rest_route=\/wp\/v2\/posts\/25321\/revisions"}],"predecessor-version":[{"id":25322,"href":"https:\/\/atecordoba.org\/index.php?rest_route=\/wp\/v2\/posts\/25321\/revisions\/25322"}],"wp:featuredmedia":[{"embeddable":true,"href":"https:\/\/atecordoba.org\/index.php?rest_route=\/wp\/v2\/media\/25318"}],"wp:attachment":[{"href":"https:\/\/atecordoba.org\/index.php?rest_route=%2Fwp%2Fv2%2Fmedia&parent=25321"}],"wp:term":[{"taxonomy":"category","embeddable":true,"href":"https:\/\/atecordoba.org\/index.php?rest_route=%2Fwp%2Fv2%2Fcategories&post=25321"},{"taxonomy":"post_tag","embeddable":true,"href":"https:\/\/atecordoba.org\/index.php?rest_route=%2Fwp%2Fv2%2Ftags&post=25321"}],"curies":[{"name":"wp","href":"https:\/\/api.w.org\/{rel}","templated":true}]}}