{"id":25305,"date":"2021-04-09T14:30:40","date_gmt":"2021-04-09T17:30:40","guid":{"rendered":"https:\/\/atecordoba.org\/?p=25305"},"modified":"2021-04-09T14:56:13","modified_gmt":"2021-04-09T17:56:13","slug":"ffmm-rio-tercero-realizara-un-paro-el-lunes-proximo","status":"publish","type":"post","link":"https:\/\/atecordoba.org\/?p=25305","title":{"rendered":"Fabricaciones Militares: R\u00edo Tercero realizar\u00e1 un paro el lunes pr\u00f3ximo"},"content":{"rendered":"<p><img loading=\"lazy\" decoding=\"async\" class=\" wp-image-25306 aligncenter\" src=\"https:\/\/atecordoba.org\/wp-content\/uploads\/2021\/04\/18-03-pedido-reunion-asuntos-municipales_4-350x250-1-300x195.jpg\" alt=\"\" width=\"600\" height=\"390\" srcset=\"https:\/\/atecordoba.org\/wp-content\/uploads\/2021\/04\/18-03-pedido-reunion-asuntos-municipales_4-350x250-1-300x195.jpg 300w, https:\/\/atecordoba.org\/wp-content\/uploads\/2021\/04\/18-03-pedido-reunion-asuntos-municipales_4-350x250-1.jpg 720w\" sizes=\"auto, (max-width: 600px) 100vw, 600px\" \/><\/p>\n<p>El lunes 12 de abril las y los trabajadores de la planta de Fabricaciones Militares de R\u00edo Tercero realizar\u00e1n un paro con movilizaci\u00f3n al cruce de f\u00e1bricas.<\/p>\n<p>La medida se resolvi\u00f3 en la asamblea llevada a cabo esta semana y se fundamenta en el reclamo por la reapertura de la mesa de negociaci\u00f3n \u00a0para el convenio colectivo propio, la reincorporaci\u00f3n de los despedidos de Macri y resoluci\u00f3n la reapertura de paritaria porque los salarios quedaron muy por debajo de la inflaci\u00f3n.<\/p>\n<p>Tambi\u00e9n se reclama un plan productivo con inversiones reales, ya que los compa\u00f1eros y compa\u00f1eras consideran que los anuncios de los funcionarios no se condicen con la realidad que impera dentro de la f\u00e1brica: las plantas qu\u00edmicas est\u00e1n totalmente paradas al no contar con insumos ni mantenimiento adecuado, por la falta de compa\u00f1eros y compa\u00f1eras que fuero despedidos y nunca se reemplazaron.<\/p>\n<p>La movilizaci\u00f3n al nudo de f\u00e1bricas, confluye\u00a0 que es en la intersecci\u00f3n de las tres f\u00e1bricas: Petroqu\u00edmica, Atanor y F\u00e1brica Militar.<\/p>\n<audio class=\"wp-audio-shortcode\" id=\"audio-25305-1\" preload=\"none\" style=\"width: 100%;\" controls=\"controls\"><source type=\"audio\/ogg\" src=\"https:\/\/atecordoba.org\/wp-content\/uploads\/2021\/04\/WhatsApp-Audio-2021-04-09-at-14.22.47.ogg?_=1\" \/><a href=\"https:\/\/atecordoba.org\/wp-content\/uploads\/2021\/04\/WhatsApp-Audio-2021-04-09-at-14.22.47.ogg\">https:\/\/atecordoba.org\/wp-content\/uploads\/2021\/04\/WhatsApp-Audio-2021-04-09-at-14.22.47.ogg<\/a><\/audio>\n","protected":false},"excerpt":{"rendered":"<p>El lunes 12 de abril las y los trabajadores de la planta de Fabricaciones Militares de R\u00edo Tercero realizar\u00e1n un paro con movilizaci\u00f3n al cruce de f\u00e1bricas. La medida se resolvi\u00f3 en la asamblea llevada a cabo esta semana y se fundamenta en el reclamo por la reapertura de la mesa de negociaci\u00f3n \u00a0para el [&hellip;]<\/p>\n","protected":false},"author":7,"featured_media":25306,"comment_status":"open","ping_status":"open","sticky":true,"template":"","format":"standard","meta":{"_exactmetrics_skip_tracking":false,"_exactmetrics_sitenote_active":false,"_exactmetrics_sitenote_note":"","_exactmetrics_sitenote_category":0,"jnews-multi-image_gallery":[],"jnews_single_post":{"source_name":"","source_url":"","via_name":"","via_url":"","override_template":"0","override":[{"template":"1","single_blog_custom":"","parallax":"1","fullscreen":"0","layout":"right-sidebar","sidebar":"default-sidebar","second_sidebar":"default-sidebar","sticky_sidebar":"1","share_position":"top","share_float_style":"share-monocrhome","show_share_counter":"1","show_view_counter":"1","show_featured":"1","show_post_meta":"1","show_post_author":"1","show_post_author_image":"1","show_post_date":"1","post_date_format":"default","post_date_format_custom":"Y\/m\/d","show_post_category":"1","show_post_reading_time":"0","post_reading_time_wpm":"300","show_zoom_button":"0","zoom_button_out_step":"2","zoom_button_in_step":"3","show_post_tag":"1","show_prev_next_post":"1","show_popup_post":"1","number_popup_post":"1","show_author_box":"0","show_post_related":"0","show_inline_post_related":"0"}],"override_image_size":"0","image_override":[{"single_post_thumbnail_size":"crop-500","single_post_gallery_size":"crop-500"}],"trending_post":"0","trending_post_position":"meta","trending_post_label":"Trending","sponsored_post":"0","sponsored_post_label":"Sponsored by","sponsored_post_name":"","sponsored_post_url":"","sponsored_post_logo_enable":"0","sponsored_post_logo":"","sponsored_post_desc":""},"jnews_primary_category":{"id":""},"jnews_social_meta":{"fb_title":"","fb_description":"","fb_image":"","twitter_title":"","twitter_description":"","twitter_image":""},"jnews_review":[],"enable_review":"0","type":"percentage","name":"","summary":"","brand":"","sku":"","good":[{"good_text":""}],"bad":[{"bad_text":""}],"score_override":"","override_value":"","rating":[{"rating_text":"","rating_number":"10"}],"price":[{"shop":"","price":"","link":"","icon":""}],"jnews_override_counter":{"override_view_counter":"0","view_counter_number":"0","override_share_counter":"0","share_counter_number":"0","override_like_counter":"0","like_counter_number":"0","override_dislike_counter":"0","dislike_counter_number":"0"},"jnews_post_split":{"enable_post_split":"0","post_split":[{"template":"1","tag":"h2","numbering":"asc","mode":"normal"}]},"footnotes":""},"categories":[18],"tags":[570],"class_list":["post-25305","post","type-post","status-publish","format-standard","has-post-thumbnail","hentry","category-nacionales","tag-direccion-general-de-fabricaciones-militares"],"jetpack_featured_media_url":"https:\/\/atecordoba.org\/wp-content\/uploads\/2021\/04\/18-03-pedido-reunion-asuntos-municipales_4-350x250-1.jpg","_links":{"self":[{"href":"https:\/\/atecordoba.org\/index.php?rest_route=\/wp\/v2\/posts\/25305","targetHints":{"allow":["GET"]}}],"collection":[{"href":"https:\/\/atecordoba.org\/index.php?rest_route=\/wp\/v2\/posts"}],"about":[{"href":"https:\/\/atecordoba.org\/index.php?rest_route=\/wp\/v2\/types\/post"}],"author":[{"embeddable":true,"href":"https:\/\/atecordoba.org\/index.php?rest_route=\/wp\/v2\/users\/7"}],"replies":[{"embeddable":true,"href":"https:\/\/atecordoba.org\/index.php?rest_route=%2Fwp%2Fv2%2Fcomments&post=25305"}],"version-history":[{"count":2,"href":"https:\/\/atecordoba.org\/index.php?rest_route=\/wp\/v2\/posts\/25305\/revisions"}],"predecessor-version":[{"id":25310,"href":"https:\/\/atecordoba.org\/index.php?rest_route=\/wp\/v2\/posts\/25305\/revisions\/25310"}],"wp:featuredmedia":[{"embeddable":true,"href":"https:\/\/atecordoba.org\/index.php?rest_route=\/wp\/v2\/media\/25306"}],"wp:attachment":[{"href":"https:\/\/atecordoba.org\/index.php?rest_route=%2Fwp%2Fv2%2Fmedia&parent=25305"}],"wp:term":[{"taxonomy":"category","embeddable":true,"href":"https:\/\/atecordoba.org\/index.php?rest_route=%2Fwp%2Fv2%2Fcategories&post=25305"},{"taxonomy":"post_tag","embeddable":true,"href":"https:\/\/atecordoba.org\/index.php?rest_route=%2Fwp%2Fv2%2Ftags&post=25305"}],"curies":[{"name":"wp","href":"https:\/\/api.w.org\/{rel}","templated":true}]}}