{"id":25301,"date":"2021-04-09T14:09:49","date_gmt":"2021-04-09T17:09:49","guid":{"rendered":"https:\/\/atecordoba.org\/?p=25301"},"modified":"2021-04-09T14:09:49","modified_gmt":"2021-04-09T17:09:49","slug":"alpa-corral-acuerdo-salarial-lleva-la-paritaria-del-2021-a-38","status":"publish","type":"post","link":"https:\/\/atecordoba.org\/?p=25301","title":{"rendered":"Alpa Corral: acuerdo salarial lleva la paritaria del 2021 a 38%"},"content":{"rendered":"<p><img loading=\"lazy\" decoding=\"async\" class=\" wp-image-25303 aligncenter\" src=\"https:\/\/atecordoba.org\/wp-content\/uploads\/2021\/04\/WhatsApp-Image-2021-04-09-at-12.49.45-300x225.jpeg\" alt=\"\" width=\"581\" height=\"436\" srcset=\"https:\/\/atecordoba.org\/wp-content\/uploads\/2021\/04\/WhatsApp-Image-2021-04-09-at-12.49.45-300x225.jpeg 300w, https:\/\/atecordoba.org\/wp-content\/uploads\/2021\/04\/WhatsApp-Image-2021-04-09-at-12.49.45-1024x768.jpeg 1024w, https:\/\/atecordoba.org\/wp-content\/uploads\/2021\/04\/WhatsApp-Image-2021-04-09-at-12.49.45-768x576.jpeg 768w, https:\/\/atecordoba.org\/wp-content\/uploads\/2021\/04\/WhatsApp-Image-2021-04-09-at-12.49.45-750x563.jpeg 750w, https:\/\/atecordoba.org\/wp-content\/uploads\/2021\/04\/WhatsApp-Image-2021-04-09-at-12.49.45.jpeg 1040w\" sizes=\"auto, (max-width: 581px) 100vw, 581px\" \/>Hoy se llev\u00f3 a cabo la paritaria municipal de la localidad de Alpa Corral donde ATE acord\u00f3 con el Departamento Ejecutivo una recomposici\u00f3n salarial del 38% para el 2021.<\/p>\n<p>En la oportunidad, estuvieron presentes la Directora de Administraci\u00f3n Vanina Gonz\u00e1lez, por la Municipalidad, en tanto por ATE particip\u00f3 el secretario Gremial de la seccional R\u00edo Cuarto, Pablo Irusta, el Director del Departamento de Salud Laboral del Consejo Directivo Provincial, Mat\u00edas Giuliani, y el delegado municipal, Gerardo Alfonso.<\/p>\n<p>Acuerdo contempla una recomposici\u00f3n de haberes de 20% para los salarios de marzo, que se suma a un 12% en julio y un 6% en octubre, constituyendo un 38% anual remunerativo al b\u00e1sico.<\/p>\n<p>Al mismo tiempo, qued\u00f3 establecido el compromiso para una reapertura de paritarias en noviembre y una pr\u00f3xima audiencia, a realizarse en el mes de mayo para avanzar con una serie de planteos ya trasladados al Ejecutivo municipal, a saber:<\/p>\n<ul>\n<li>Aumento del 20% para el \u00edtem de insalubridad por tareas riesgosas<\/li>\n<li>Recategorizaci\u00f3n y planta permanente en la cual ATE elevar\u00e1 un informe correspondiente par su an\u00e1lisis.<\/li>\n<li>Inclusi\u00f3n de la licencia de g\u00e9nero \u00a0e implementaci\u00f3n de la ley Micaela para todo el personal municipal<\/li>\n<li>Solicitud de n\u00f3mina de personal<\/li>\n<li>Generaci\u00f3n de una mesa de trabajo para la constituci\u00f3n de un nuevo Estatuto Municipal.<\/li>\n<li>Provisi\u00f3n de los faltantes de EPP y ropa de trabajo (protecci\u00f3n ocular y sonora, ropa reflectiva y ropa de abrigo para el invierno)<\/li>\n<li>Relevamiento de las condiciones y medio ambiente de trabajo en las dependencias municipales a fines de informar al municipio sobre el nivel de cumplimiento de la normativa vigente y el dictado de capacitaciones.<\/li>\n<\/ul>\n","protected":false},"excerpt":{"rendered":"<p>Hoy se llev\u00f3 a cabo la paritaria municipal de la localidad de Alpa Corral donde ATE acord\u00f3 con el Departamento Ejecutivo una recomposici\u00f3n salarial del 38% para el 2021. En la oportunidad, estuvieron presentes la Directora de Administraci\u00f3n Vanina Gonz\u00e1lez, por la Municipalidad, en tanto por ATE particip\u00f3 el secretario Gremial de la seccional R\u00edo [&hellip;]<\/p>\n","protected":false},"author":7,"featured_media":25303,"comment_status":"open","ping_status":"open","sticky":true,"template":"","format":"standard","meta":{"_exactmetrics_skip_tracking":false,"_exactmetrics_sitenote_active":false,"_exactmetrics_sitenote_note":"","_exactmetrics_sitenote_category":0,"jnews-multi-image_gallery":[],"jnews_single_post":{"source_name":"","source_url":"","via_name":"","via_url":"","override_template":"0","override":[{"template":"1","single_blog_custom":"","parallax":"1","fullscreen":"0","layout":"right-sidebar","sidebar":"default-sidebar","second_sidebar":"default-sidebar","sticky_sidebar":"1","share_position":"top","share_float_style":"share-monocrhome","show_share_counter":"1","show_view_counter":"1","show_featured":"1","show_post_meta":"1","show_post_author":"1","show_post_author_image":"1","show_post_date":"1","post_date_format":"default","post_date_format_custom":"Y\/m\/d","show_post_category":"1","show_post_reading_time":"0","post_reading_time_wpm":"300","show_zoom_button":"0","zoom_button_out_step":"2","zoom_button_in_step":"3","show_post_tag":"1","show_prev_next_post":"1","show_popup_post":"1","number_popup_post":"1","show_author_box":"0","show_post_related":"0","show_inline_post_related":"0"}],"override_image_size":"0","image_override":[{"single_post_thumbnail_size":"crop-500","single_post_gallery_size":"crop-500"}],"trending_post":"0","trending_post_position":"meta","trending_post_label":"Trending","sponsored_post":"0","sponsored_post_label":"Sponsored by","sponsored_post_name":"","sponsored_post_url":"","sponsored_post_logo_enable":"0","sponsored_post_logo":"","sponsored_post_desc":""},"jnews_primary_category":{"id":""},"jnews_social_meta":{"fb_title":"","fb_description":"","fb_image":"","twitter_title":"","twitter_description":"","twitter_image":""},"jnews_review":[],"enable_review":"0","type":"percentage","name":"","summary":"","brand":"","sku":"","good":[{"good_text":""}],"bad":[{"bad_text":""}],"score_override":"","override_value":"","rating":[{"rating_text":"","rating_number":"10"}],"price":[{"shop":"","price":"","link":"","icon":""}],"jnews_override_counter":{"override_view_counter":"0","view_counter_number":"0","override_share_counter":"0","share_counter_number":"0","override_like_counter":"0","like_counter_number":"0","override_dislike_counter":"0","dislike_counter_number":"0"},"jnews_post_split":{"enable_post_split":"0","post_split":[{"template":"1","tag":"h2","numbering":"asc","mode":"normal"}]},"footnotes":""},"categories":[20,12],"tags":[800],"class_list":["post-25301","post","type-post","status-publish","format-standard","has-post-thumbnail","hentry","category-municipales","category-rio-cuarto","tag-alpa-corral"],"jetpack_featured_media_url":"https:\/\/atecordoba.org\/wp-content\/uploads\/2021\/04\/WhatsApp-Image-2021-04-09-at-12.49.45.jpeg","_links":{"self":[{"href":"https:\/\/atecordoba.org\/index.php?rest_route=\/wp\/v2\/posts\/25301","targetHints":{"allow":["GET"]}}],"collection":[{"href":"https:\/\/atecordoba.org\/index.php?rest_route=\/wp\/v2\/posts"}],"about":[{"href":"https:\/\/atecordoba.org\/index.php?rest_route=\/wp\/v2\/types\/post"}],"author":[{"embeddable":true,"href":"https:\/\/atecordoba.org\/index.php?rest_route=\/wp\/v2\/users\/7"}],"replies":[{"embeddable":true,"href":"https:\/\/atecordoba.org\/index.php?rest_route=%2Fwp%2Fv2%2Fcomments&post=25301"}],"version-history":[{"count":1,"href":"https:\/\/atecordoba.org\/index.php?rest_route=\/wp\/v2\/posts\/25301\/revisions"}],"predecessor-version":[{"id":25304,"href":"https:\/\/atecordoba.org\/index.php?rest_route=\/wp\/v2\/posts\/25301\/revisions\/25304"}],"wp:featuredmedia":[{"embeddable":true,"href":"https:\/\/atecordoba.org\/index.php?rest_route=\/wp\/v2\/media\/25303"}],"wp:attachment":[{"href":"https:\/\/atecordoba.org\/index.php?rest_route=%2Fwp%2Fv2%2Fmedia&parent=25301"}],"wp:term":[{"taxonomy":"category","embeddable":true,"href":"https:\/\/atecordoba.org\/index.php?rest_route=%2Fwp%2Fv2%2Fcategories&post=25301"},{"taxonomy":"post_tag","embeddable":true,"href":"https:\/\/atecordoba.org\/index.php?rest_route=%2Fwp%2Fv2%2Ftags&post=25301"}],"curies":[{"name":"wp","href":"https:\/\/api.w.org\/{rel}","templated":true}]}}