{"id":2530,"date":"2013-04-04T16:58:37","date_gmt":"2013-04-04T19:58:37","guid":{"rendered":"http:\/\/www.atecordoba.org\/?p=2530"},"modified":"2013-04-04T16:58:37","modified_gmt":"2013-04-04T19:58:37","slug":"asamblea-en-pami-rio-ceballos-rechazo-traslado-compulsivo","status":"publish","type":"post","link":"https:\/\/atecordoba.org\/?p=2530","title":{"rendered":"Asamblea en PAMI R\u00edo Ceballos rechaz\u00f3 traslado compulsivo"},"content":{"rendered":"<p><em>Trabajadores y jubilados reclamaron tambi\u00e9n por el maltrato que sufren en la agencia previsional y apuntaron contra la jefa de la repartici\u00f3n Claudia Pallotto. Pedir\u00e1n audiencia con el nuevo director del PAMI C\u00f3rdoba.<\/em><\/p>\n<p><a href=\"http:\/\/www.atecordoba.org\/wp-content\/uploads\/2013\/04\/BOMBO-ATE.jpg\"><img loading=\"lazy\" decoding=\"async\" class=\"aligncenter size-full wp-image-2531\" title=\"BOMBO ATE\" src=\"http:\/\/www.atecordoba.org\/wp-content\/uploads\/2013\/04\/BOMBO-ATE.jpg\" alt=\"\" width=\"275\" height=\"183\" \/><\/a><\/p>\n<p>Los constantes maltratos a los trabajadores y a los jubilados que se atienden en la agencia R\u00edo Ceballos de PAMI de parte de la jefa de la repartici\u00f3n, \u00a0Claudia Palloto, motivaron una asamblea de compa\u00f1eros y afiliados al organismo que se llev\u00f3 a cabo hoy, entre las 10 y las 12 horas, horario donde no se atendi\u00f3 al p\u00fablico.<\/p>\n<p>En la oportunidad particip\u00f3 la totalidad de los compa\u00f1eros del sector, mayoritariamente afiliados de ATE. \u00a0con importante concurrencia de afiliados de PAMI y representantes de jubilados autoconvocados de la zona.<\/p>\n<p>All\u00ed se expuso la motivaci\u00f3n del plan de lucha y los presentes manifestaron el rechazo a Pallotto, que hace seis meses orden\u00f3 el traslado compulsivo y autoritario del compa\u00f1ero Carlos Centeno. Tambi\u00e9n se conoci\u00f3 la situaci\u00f3n del grupo de jubilados conocido como &#8216;los superabuelos&#8217;, con reconocimiento del propio PAMI, que fueron excluidos de la agencia por orden de la funcionaria. como ejemplo del autoritarismo reinante.<\/p>\n<p>&#8220;Por unanimidad se reconoci\u00f3 a Carlos Centeno como un empleado que se desempe\u00f1a correctamente y en un acta se reiter\u00f3 la solicitud de reinstalaci\u00f3n del compa\u00f1ero trasladado y se repiti\u00f3 el reclamo para la evaluaci\u00f3n de la jefa en cuesti\u00f3n&#8221;, relat\u00f3 Estela Corzo, delegada regional de ATE PAMI y miembro del Consejo Directivo Provincial.<\/p>\n<p>En consecuencia, los trabajadores quedaron en estado de alerta permanente y se pedir\u00e1 \u00a0una audiencia con el nuevo director de PAMI en la provincia, Fernando G\u00f3mez, a los efectos de obtener una respuesta respecto a la problem\u00e1tica. Para el pr\u00f3ximo martes est\u00e1 revista una nueva asamblea para determinar los pasos a seguir.<\/p>\n<p>Estuvieron presentes Mart\u00edn Stibel, prosecretario Gremial de ATE. as\u00ed como los representantes de la junta interna de ATE PAMI Paco Canelo, Flavia Tartabini, Elisa Ojeda, Teresita Acosta y Walter Pino.<\/p>\n<p>&nbsp;<\/p>\n","protected":false},"excerpt":{"rendered":"<p>Trabajadores y jubilados reclamaron tambi\u00e9n por el maltrato que sufren en la agencia previsional y apuntaron contra la jefa de la repartici\u00f3n Claudia Pallotto. Pedir\u00e1n audiencia con el nuevo director del PAMI C\u00f3rdoba. Los constantes maltratos a los trabajadores y a los jubilados que se atienden en la agencia R\u00edo Ceballos de PAMI de parte [&hellip;]<\/p>\n","protected":false},"author":1,"featured_media":19220,"comment_status":"open","ping_status":"open","sticky":false,"template":"","format":"standard","meta":{"_exactmetrics_skip_tracking":false,"_exactmetrics_sitenote_active":false,"_exactmetrics_sitenote_note":"","_exactmetrics_sitenote_category":0,"jnews-multi-image_gallery":[],"jnews_single_post":[],"jnews_primary_category":[],"jnews_social_meta":[],"jnews_review":[],"enable_review":"","type":"","name":"","summary":"","brand":"","sku":"","good":[],"bad":[],"score_override":"","override_value":"","rating":[],"price":[],"jnews_override_counter":[],"jnews_post_split":[],"footnotes":""},"categories":[18],"tags":[],"class_list":["post-2530","post","type-post","status-publish","format-standard","has-post-thumbnail","hentry","category-nacionales"],"jetpack_featured_media_url":"https:\/\/atecordoba.org\/wp-content\/uploads\/2020\/05\/logo-nuevochico-e1561581322808.png","_links":{"self":[{"href":"https:\/\/atecordoba.org\/index.php?rest_route=\/wp\/v2\/posts\/2530","targetHints":{"allow":["GET"]}}],"collection":[{"href":"https:\/\/atecordoba.org\/index.php?rest_route=\/wp\/v2\/posts"}],"about":[{"href":"https:\/\/atecordoba.org\/index.php?rest_route=\/wp\/v2\/types\/post"}],"author":[{"embeddable":true,"href":"https:\/\/atecordoba.org\/index.php?rest_route=\/wp\/v2\/users\/1"}],"replies":[{"embeddable":true,"href":"https:\/\/atecordoba.org\/index.php?rest_route=%2Fwp%2Fv2%2Fcomments&post=2530"}],"version-history":[{"count":0,"href":"https:\/\/atecordoba.org\/index.php?rest_route=\/wp\/v2\/posts\/2530\/revisions"}],"wp:featuredmedia":[{"embeddable":true,"href":"https:\/\/atecordoba.org\/index.php?rest_route=\/wp\/v2\/media\/19220"}],"wp:attachment":[{"href":"https:\/\/atecordoba.org\/index.php?rest_route=%2Fwp%2Fv2%2Fmedia&parent=2530"}],"wp:term":[{"taxonomy":"category","embeddable":true,"href":"https:\/\/atecordoba.org\/index.php?rest_route=%2Fwp%2Fv2%2Fcategories&post=2530"},{"taxonomy":"post_tag","embeddable":true,"href":"https:\/\/atecordoba.org\/index.php?rest_route=%2Fwp%2Fv2%2Ftags&post=2530"}],"curies":[{"name":"wp","href":"https:\/\/api.w.org\/{rel}","templated":true}]}}