{"id":25263,"date":"2021-04-08T18:27:23","date_gmt":"2021-04-08T21:27:23","guid":{"rendered":"https:\/\/atecordoba.org\/?p=25263"},"modified":"2021-04-08T18:28:08","modified_gmt":"2021-04-08T21:28:08","slug":"ate-adhiere-al-reclamo-de-justicia-por-la-joven-nora-victima-de-trata-de-persona","status":"publish","type":"post","link":"https:\/\/atecordoba.org\/?p=25263","title":{"rendered":"ATE adhiere al reclamo de justicia por la joven Nora, v\u00edctima de trata de personas"},"content":{"rendered":"<p><img loading=\"lazy\" decoding=\"async\" class=\" wp-image-25264 alignleft\" src=\"https:\/\/atecordoba.org\/wp-content\/uploads\/2021\/04\/WhatsApp-Image-2021-04-08-at-13.16.03-300x300.jpeg\" alt=\"\" width=\"451\" height=\"451\" srcset=\"https:\/\/atecordoba.org\/wp-content\/uploads\/2021\/04\/WhatsApp-Image-2021-04-08-at-13.16.03-300x300.jpeg 300w, https:\/\/atecordoba.org\/wp-content\/uploads\/2021\/04\/WhatsApp-Image-2021-04-08-at-13.16.03-1024x1024.jpeg 1024w, https:\/\/atecordoba.org\/wp-content\/uploads\/2021\/04\/WhatsApp-Image-2021-04-08-at-13.16.03-150x150.jpeg 150w, https:\/\/atecordoba.org\/wp-content\/uploads\/2021\/04\/WhatsApp-Image-2021-04-08-at-13.16.03-768x768.jpeg 768w, https:\/\/atecordoba.org\/wp-content\/uploads\/2021\/04\/WhatsApp-Image-2021-04-08-at-13.16.03-560x560.jpeg 560w, https:\/\/atecordoba.org\/wp-content\/uploads\/2021\/04\/WhatsApp-Image-2021-04-08-at-13.16.03-75x75.jpeg 75w, https:\/\/atecordoba.org\/wp-content\/uploads\/2021\/04\/WhatsApp-Image-2021-04-08-at-13.16.03-750x750.jpeg 750w, https:\/\/atecordoba.org\/wp-content\/uploads\/2021\/04\/WhatsApp-Image-2021-04-08-at-13.16.03.jpeg 1080w\" sizes=\"auto, (max-width: 451px) 100vw, 451px\" \/>Las y los abajo firmantes acompa\u00f1amos la petici\u00f3n presentada por los abogados Claudio Orosz y Natalia Bilbao Carmona, representantes de la madre de \u201cNora\u201d, la joven v\u00edctima de la trata de personas. En dicha presentaci\u00f3n se solicitan medidas de prueba y avances concretos en la causa en la cual resultara imputado y detenido, Eduardo Garzuzi, puesto que no es la \u00fanica persona se\u00f1alada como responsable sino que la red funciona con m\u00e1s implicados que deben ser investigados.<\/p>\n<p>El caso de \u201cNora\u201d es emblem\u00e1tico porque est\u00e1 viva. Es emblem\u00e1tico porque desenmascara el accionar de la justicia patriarcal que est\u00e1 directamente implicada en estas redes, tal es el caso de los dos funcionarios del Poder Judicial de la Provincia se\u00f1alados. Adem\u00e1s, evidencia una espec\u00edfica modalidad que utilizan estas redes de\u00a0trata a trav\u00e9s de la captaci\u00f3n de j\u00f3venes vulnerables bajo el enga\u00f1o de un v\u00ednculo rom\u00e1ntico que pretende &#8220;enmascarar&#8221; el accionar de los victimarios como &#8220;violencia sexual&#8221; o &#8220;de g\u00e9nero&#8221; individual e intrapersonal, en caso de ser descubierto y denunciado.<\/p>\n<p>Nos preocupa profundamente que la Fiscal\u00eda Federal N\u00ba2 insista tanto en tomar declaraciones de Nora sin respetar los tiempos de un proceso largo, arduo y doloroso de recuperaci\u00f3n que\u00a0todos los tratados internacionales, profesionales y personas expertas en la materia exigen y recomiendan respetar. Sin embargo, han dejado llamativamente muchas otras pruebas de lado, en particular aquellas que complicar\u00edan a otros acusados.<br \/>\nPor la investigaci\u00f3n realizada por la querella, sabemos tambi\u00e9n que hab\u00eda otras j\u00f3venes comprometidas por el accionar de estas redes y alertamos sobre el peligro que corren. Nada de esto se ha investigado. Esta actitud por parte de la justicia pone en riesgo la vida de \u201cNora\u201d. Es por ello que no sumamos al pedido de profundizaci\u00f3n de la investigaci\u00f3n en los implicados y en las pruebas.<br \/>\nPor la protecci\u00f3n para \u201cNora\u201d, y Justicia para ella y todas las v\u00edctimas de la trata de personas.<\/p>\n","protected":false},"excerpt":{"rendered":"<p>Las y los abajo firmantes acompa\u00f1amos la petici\u00f3n presentada por los abogados Claudio Orosz y Natalia Bilbao Carmona, representantes de la madre de \u201cNora\u201d, la joven v\u00edctima de la trata de personas. En dicha presentaci\u00f3n se solicitan medidas de prueba y avances concretos en la causa en la cual resultara imputado y detenido, Eduardo Garzuzi, [&hellip;]<\/p>\n","protected":false},"author":7,"featured_media":25264,"comment_status":"open","ping_status":"open","sticky":true,"template":"","format":"standard","meta":{"_exactmetrics_skip_tracking":false,"_exactmetrics_sitenote_active":false,"_exactmetrics_sitenote_note":"","_exactmetrics_sitenote_category":0,"jnews-multi-image_gallery":[],"jnews_single_post":{"source_name":"","source_url":"","via_name":"","via_url":"","override_template":"0","override":[{"template":"1","single_blog_custom":"","parallax":"1","fullscreen":"0","layout":"right-sidebar","sidebar":"default-sidebar","second_sidebar":"default-sidebar","sticky_sidebar":"1","share_position":"top","share_float_style":"share-monocrhome","show_share_counter":"1","show_view_counter":"1","show_featured":"1","show_post_meta":"1","show_post_author":"1","show_post_author_image":"1","show_post_date":"1","post_date_format":"default","post_date_format_custom":"Y\/m\/d","show_post_category":"1","show_post_reading_time":"0","post_reading_time_wpm":"300","show_zoom_button":"0","zoom_button_out_step":"2","zoom_button_in_step":"3","show_post_tag":"1","show_prev_next_post":"1","show_popup_post":"1","number_popup_post":"1","show_author_box":"0","show_post_related":"0","show_inline_post_related":"0"}],"override_image_size":"0","image_override":[{"single_post_thumbnail_size":"crop-500","single_post_gallery_size":"crop-500"}],"trending_post":"0","trending_post_position":"meta","trending_post_label":"Trending","sponsored_post":"0","sponsored_post_label":"Sponsored by","sponsored_post_name":"","sponsored_post_url":"","sponsored_post_logo_enable":"0","sponsored_post_logo":"","sponsored_post_desc":""},"jnews_primary_category":{"id":""},"jnews_social_meta":{"fb_title":"","fb_description":"","fb_image":"","twitter_title":"","twitter_description":"","twitter_image":""},"jnews_review":[],"enable_review":"0","type":"percentage","name":"","summary":"","brand":"","sku":"","good":[{"good_text":""}],"bad":[{"bad_text":""}],"score_override":"","override_value":"","rating":[{"rating_text":"","rating_number":"10"}],"price":[{"shop":"","price":"","link":"","icon":""}],"jnews_override_counter":{"override_view_counter":"0","view_counter_number":"0","override_share_counter":"0","share_counter_number":"0","override_like_counter":"0","like_counter_number":"0","override_dislike_counter":"0","dislike_counter_number":"0"},"jnews_post_split":{"enable_post_split":"0","post_split":[{"template":"1","tag":"h2","numbering":"asc","mode":"normal"}]},"footnotes":""},"categories":[122],"tags":[797,798,799],"class_list":["post-25263","post","type-post","status-publish","format-standard","has-post-thumbnail","hentry","category-ddhh","tag-caso-nora","tag-reclamo-de-justicia","tag-trata-de-personas"],"jetpack_featured_media_url":"https:\/\/atecordoba.org\/wp-content\/uploads\/2021\/04\/WhatsApp-Image-2021-04-08-at-13.16.03.jpeg","_links":{"self":[{"href":"https:\/\/atecordoba.org\/index.php?rest_route=\/wp\/v2\/posts\/25263","targetHints":{"allow":["GET"]}}],"collection":[{"href":"https:\/\/atecordoba.org\/index.php?rest_route=\/wp\/v2\/posts"}],"about":[{"href":"https:\/\/atecordoba.org\/index.php?rest_route=\/wp\/v2\/types\/post"}],"author":[{"embeddable":true,"href":"https:\/\/atecordoba.org\/index.php?rest_route=\/wp\/v2\/users\/7"}],"replies":[{"embeddable":true,"href":"https:\/\/atecordoba.org\/index.php?rest_route=%2Fwp%2Fv2%2Fcomments&post=25263"}],"version-history":[{"count":2,"href":"https:\/\/atecordoba.org\/index.php?rest_route=\/wp\/v2\/posts\/25263\/revisions"}],"predecessor-version":[{"id":25266,"href":"https:\/\/atecordoba.org\/index.php?rest_route=\/wp\/v2\/posts\/25263\/revisions\/25266"}],"wp:featuredmedia":[{"embeddable":true,"href":"https:\/\/atecordoba.org\/index.php?rest_route=\/wp\/v2\/media\/25264"}],"wp:attachment":[{"href":"https:\/\/atecordoba.org\/index.php?rest_route=%2Fwp%2Fv2%2Fmedia&parent=25263"}],"wp:term":[{"taxonomy":"category","embeddable":true,"href":"https:\/\/atecordoba.org\/index.php?rest_route=%2Fwp%2Fv2%2Fcategories&post=25263"},{"taxonomy":"post_tag","embeddable":true,"href":"https:\/\/atecordoba.org\/index.php?rest_route=%2Fwp%2Fv2%2Ftags&post=25263"}],"curies":[{"name":"wp","href":"https:\/\/api.w.org\/{rel}","templated":true}]}}