{"id":2524,"date":"2013-04-03T19:40:46","date_gmt":"2013-04-03T22:40:46","guid":{"rendered":"http:\/\/www.atecordoba.org\/?p=2524"},"modified":"2013-04-03T19:40:46","modified_gmt":"2013-04-03T22:40:46","slug":"unquillo-la-verguenza-intendente-german-jalil","status":"publish","type":"post","link":"https:\/\/atecordoba.org\/?p=2524","title":{"rendered":"Unquillo: la verg\u00fcenza intendente German Jalil"},"content":{"rendered":"<p><em>La agresi\u00f3n de una patota intent\u00f3 entorpecer el normal desarrollo de la elecci\u00f3n de delegados en la municipalidad de las sierras chicas. Como tel\u00f3n de fondo, el intendente pretende evitar que los trabajadores municipales elijan su propia representaci\u00f3n.<\/em><\/p>\n<p>Por Luis Eduardo Barcena, secretario de Interior<\/p>\n<p><a href=\"http:\/\/www.atecordoba.org\/wp-content\/uploads\/2013\/04\/foto-web-1.jpg\"><img loading=\"lazy\" decoding=\"async\" class=\"aligncenter size-medium wp-image-2525\" title=\"foto web 1\" src=\"http:\/\/www.atecordoba.org\/wp-content\/uploads\/2013\/04\/foto-web-1-300x225.jpg\" alt=\"\" width=\"300\" height=\"225\" \/><\/a><\/p>\n<p>el intendente de Unquillo Germ\u00e1n Jalil, vice presidente del Frente C\u00edvico que encabeza Lu\u00eds Juez, amenazo y prohibi\u00f3 al personal de todo el municipio de salir en la hora de trabajo a votar a los Delegados de ATE, bien a lo facho, a lo dictatorial y autoritario.<\/p>\n<p>Como no nos mov\u00edamos del lugar y no sacamos las urnas nos envi\u00f3 en dos ocasiones a la patota sindical del otro gremio Municipal. Pero resistimos y no nos pudieron mover del lugar.<\/p>\n<p>Estos dirigentes que se llenan la boca en los palcos con discursos sobre la pobreza y de los trabajos precarizados, explotan a los trabajadores en la municipalidad donde gobiernan: el 60% no tienen estabilidad y cobra un sueldo al 50% menos que un titular.<\/p>\n<p>Por eso los trabajadores municipales decidieron organizarse en nuestro gremio ATE, \u00a0Asociaci\u00f3n Trabajadores del Estado, y tener delegados de nuestra organizaci\u00f3n.<\/p>\n<p><a href=\"http:\/\/www.atecordoba.org\/wp-content\/uploads\/2013\/04\/foto-web-2.jpg\"><img loading=\"lazy\" decoding=\"async\" class=\"aligncenter size-medium wp-image-2526\" title=\"foto web 2\" src=\"http:\/\/www.atecordoba.org\/wp-content\/uploads\/2013\/04\/foto-web-2-300x225.jpg\" alt=\"\" width=\"300\" height=\"225\" \/><\/a><\/p>\n<p>Por medio de su secretario de Gobierno, Jalil, al ver que nos mantuvimos firmes, llam\u00f3 desesperado comisario de la localidad de Unquillo, exigi\u00e9ndole que venga con la Guardia de Infanter\u00eda para desalojarnos, pero tampoco no nos pudo sacar porque no est\u00e1bamos cometiendo ning\u00fan delito.<\/p>\n<p>Qu\u00e9 verg\u00fcenza para el Frente C\u00edvico, a unos d\u00edas de Conmemorar un &#8220;24 de Marzo del Nunca M\u00e1s&#8221;, que al entrar al despacho del Intendente est\u00e1 el Muro de Compa\u00f1eros Desaparecidos que dieron sus vida por un pa\u00eds diferente, un pa\u00eds saludable alegre y con justicia social.<\/p>\n<p><a href=\"http:\/\/www.atecordoba.org\/wp-content\/uploads\/2013\/04\/foto-web-4.jpg\"><img loading=\"lazy\" decoding=\"async\" class=\"aligncenter size-medium wp-image-2528\" title=\"foto web 4\" src=\"http:\/\/www.atecordoba.org\/wp-content\/uploads\/2013\/04\/foto-web-4-300x225.jpg\" alt=\"\" width=\"300\" height=\"225\" \/><\/a><\/p>\n<p>Olvidando el significado de aquella infausta fecha, agredieron a las compa\u00f1eras de ATE con el atropello de estos sujetos, del Intendente y de su Patota Sindical. Esto evidencia que son m\u00e1s de lo mismo, una careta que intentan simular y hacer creer que all\u00ed hay democracia. Pero en el fondo es una dictadura civil, represiva y cobarde que maneja a los trabajadores municipales con Terror.<\/p>\n<p><a href=\"http:\/\/www.atecordoba.org\/wp-content\/uploads\/2013\/04\/foto-web-3.jpg\"><img loading=\"lazy\" decoding=\"async\" class=\"aligncenter size-medium wp-image-2527\" title=\"foto web 3\" src=\"http:\/\/www.atecordoba.org\/wp-content\/uploads\/2013\/04\/foto-web-3-300x225.jpg\" alt=\"\" width=\"300\" height=\"225\" \/><\/a><\/p>\n<p>Sin embargo, los de ATE seguiremos estando representando a los trabajadores, que pudieron votar por m\u00e1s que el Frente C\u00edvico no haya querido que exista la democracia y la pluralidad sindical en Unquillo.<\/p>\n<p>Son la verg\u00fcenza provincial.<\/p>\n","protected":false},"excerpt":{"rendered":"<p>La agresi\u00f3n de una patota intent\u00f3 entorpecer el normal desarrollo de la elecci\u00f3n de delegados en la municipalidad de las sierras chicas. Como tel\u00f3n de fondo, el intendente pretende evitar que los trabajadores municipales elijan su propia representaci\u00f3n. Por Luis Eduardo Barcena, secretario de Interior el intendente de Unquillo Germ\u00e1n Jalil, vice presidente del Frente [&hellip;]<\/p>\n","protected":false},"author":1,"featured_media":19220,"comment_status":"open","ping_status":"open","sticky":false,"template":"","format":"standard","meta":{"_exactmetrics_skip_tracking":false,"_exactmetrics_sitenote_active":false,"_exactmetrics_sitenote_note":"","_exactmetrics_sitenote_category":0,"jnews-multi-image_gallery":[],"jnews_single_post":[],"jnews_primary_category":[],"jnews_social_meta":[],"jnews_review":[],"enable_review":"","type":"","name":"","summary":"","brand":"","sku":"","good":[],"bad":[],"score_override":"","override_value":"","rating":[],"price":[],"jnews_override_counter":[],"jnews_post_split":[],"footnotes":""},"categories":[20],"tags":[],"class_list":["post-2524","post","type-post","status-publish","format-standard","has-post-thumbnail","hentry","category-municipales"],"jetpack_featured_media_url":"https:\/\/atecordoba.org\/wp-content\/uploads\/2020\/05\/logo-nuevochico-e1561581322808.png","_links":{"self":[{"href":"https:\/\/atecordoba.org\/index.php?rest_route=\/wp\/v2\/posts\/2524","targetHints":{"allow":["GET"]}}],"collection":[{"href":"https:\/\/atecordoba.org\/index.php?rest_route=\/wp\/v2\/posts"}],"about":[{"href":"https:\/\/atecordoba.org\/index.php?rest_route=\/wp\/v2\/types\/post"}],"author":[{"embeddable":true,"href":"https:\/\/atecordoba.org\/index.php?rest_route=\/wp\/v2\/users\/1"}],"replies":[{"embeddable":true,"href":"https:\/\/atecordoba.org\/index.php?rest_route=%2Fwp%2Fv2%2Fcomments&post=2524"}],"version-history":[{"count":0,"href":"https:\/\/atecordoba.org\/index.php?rest_route=\/wp\/v2\/posts\/2524\/revisions"}],"wp:featuredmedia":[{"embeddable":true,"href":"https:\/\/atecordoba.org\/index.php?rest_route=\/wp\/v2\/media\/19220"}],"wp:attachment":[{"href":"https:\/\/atecordoba.org\/index.php?rest_route=%2Fwp%2Fv2%2Fmedia&parent=2524"}],"wp:term":[{"taxonomy":"category","embeddable":true,"href":"https:\/\/atecordoba.org\/index.php?rest_route=%2Fwp%2Fv2%2Fcategories&post=2524"},{"taxonomy":"post_tag","embeddable":true,"href":"https:\/\/atecordoba.org\/index.php?rest_route=%2Fwp%2Fv2%2Ftags&post=2524"}],"curies":[{"name":"wp","href":"https:\/\/api.w.org\/{rel}","templated":true}]}}