{"id":25237,"date":"2021-04-08T08:43:12","date_gmt":"2021-04-08T11:43:12","guid":{"rendered":"https:\/\/atecordoba.org\/?p=25237"},"modified":"2021-04-08T08:43:12","modified_gmt":"2021-04-08T11:43:12","slug":"ffmm-rio-tercero-ratifico-ayer-el-quite-de-colaboracion","status":"publish","type":"post","link":"https:\/\/atecordoba.org\/?p=25237","title":{"rendered":"FFMM: R\u00edo Tercero ratific\u00f3 ayer el quite de colaboraci\u00f3n"},"content":{"rendered":"<div dir=\"auto\">\n<figure id=\"attachment_25238\" aria-describedby=\"caption-attachment-25238\" style=\"width: 611px\" class=\"wp-caption aligncenter\"><img loading=\"lazy\" decoding=\"async\" class=\"wp-image-25238\" src=\"https:\/\/atecordoba.org\/wp-content\/uploads\/2021\/04\/ffmm-rio3-300x169.jpg\" alt=\"\" width=\"611\" height=\"344\" srcset=\"https:\/\/atecordoba.org\/wp-content\/uploads\/2021\/04\/ffmm-rio3-300x169.jpg 300w, https:\/\/atecordoba.org\/wp-content\/uploads\/2021\/04\/ffmm-rio3-768x432.jpg 768w, https:\/\/atecordoba.org\/wp-content\/uploads\/2021\/04\/ffmm-rio3-750x422.jpg 750w, https:\/\/atecordoba.org\/wp-content\/uploads\/2021\/04\/ffmm-rio3.jpg 960w\" sizes=\"auto, (max-width: 611px) 100vw, 611px\" \/><figcaption id=\"caption-attachment-25238\" class=\"wp-caption-text\">Asamblea del turno matutino del plantel de trabajadores de FFMM R\u00edo Tercero.<\/figcaption><\/figure>\n<p>En el marco de una jornada nacional de lucha propuesta por nuestro Consejo Directivo Nacional. la seccional ATE R\u00edo Tercero realiz\u00f3 ayer una asamblea de trabajadores y trabajadoras, donde se resolvi\u00f3 continuar con el quite de colaboraci\u00f3n y trabajo a reglamento.<\/p><\/div>\n<div dir=\"auto\">En la oportunidad, s realiz\u00f3 la lectura del Acta surgida de la \u00faltima reuni\u00f3n de conciliaci\u00f3n v\u00eda Zoom entre ATE R\u00edo Tercero, Junta Interna F. L. Beltran, el Directorio de FFMM S. E. y el Ministerio de Trabajo de la Naci\u00f3n, organismo convocante.<\/div>\n<div dir=\"auto\">Paso seguido, y ante la escasez de las propuestas del Directorio &#8220;se decidi\u00f3 de continuar con el quite de colaboraci\u00f3n y trabajo a reglamento, con vistas a incrementar las medidas en los pr\u00f3ximos d\u00edas.<\/div>\n","protected":false},"excerpt":{"rendered":"<p>En el marco de una jornada nacional de lucha propuesta por nuestro Consejo Directivo Nacional. la seccional ATE R\u00edo Tercero realiz\u00f3 ayer una asamblea de trabajadores y trabajadoras, donde se resolvi\u00f3 continuar con el quite de colaboraci\u00f3n y trabajo a reglamento. En la oportunidad, s realiz\u00f3 la lectura del Acta surgida de la \u00faltima reuni\u00f3n [&hellip;]<\/p>\n","protected":false},"author":7,"featured_media":25239,"comment_status":"open","ping_status":"open","sticky":true,"template":"","format":"standard","meta":{"_exactmetrics_skip_tracking":false,"_exactmetrics_sitenote_active":false,"_exactmetrics_sitenote_note":"","_exactmetrics_sitenote_category":0,"jnews-multi-image_gallery":[],"jnews_single_post":{"source_name":"","source_url":"","via_name":"","via_url":"","override_template":"0","override":[{"template":"1","single_blog_custom":"","parallax":"1","fullscreen":"0","layout":"right-sidebar","sidebar":"default-sidebar","second_sidebar":"default-sidebar","sticky_sidebar":"1","share_position":"top","share_float_style":"share-monocrhome","show_share_counter":"1","show_view_counter":"1","show_featured":"1","show_post_meta":"1","show_post_author":"1","show_post_author_image":"1","show_post_date":"1","post_date_format":"default","post_date_format_custom":"Y\/m\/d","show_post_category":"1","show_post_reading_time":"0","post_reading_time_wpm":"300","show_zoom_button":"0","zoom_button_out_step":"2","zoom_button_in_step":"3","show_post_tag":"1","show_prev_next_post":"1","show_popup_post":"1","number_popup_post":"1","show_author_box":"0","show_post_related":"0","show_inline_post_related":"0"}],"override_image_size":"0","image_override":[{"single_post_thumbnail_size":"crop-500","single_post_gallery_size":"crop-500"}],"trending_post":"0","trending_post_position":"meta","trending_post_label":"Trending","sponsored_post":"0","sponsored_post_label":"Sponsored by","sponsored_post_name":"","sponsored_post_url":"","sponsored_post_logo_enable":"0","sponsored_post_logo":"","sponsored_post_desc":""},"jnews_primary_category":{"id":""},"jnews_social_meta":{"fb_title":"","fb_description":"","fb_image":"","twitter_title":"","twitter_description":"","twitter_image":""},"jnews_review":[],"enable_review":"0","type":"percentage","name":"","summary":"","brand":"","sku":"","good":[{"good_text":""}],"bad":[{"bad_text":""}],"score_override":"","override_value":"","rating":[{"rating_text":"","rating_number":"10"}],"price":[{"shop":"","price":"","link":"","icon":""}],"jnews_override_counter":{"override_view_counter":"0","view_counter_number":"0","override_share_counter":"0","share_counter_number":"0","override_like_counter":"0","like_counter_number":"0","override_dislike_counter":"0","dislike_counter_number":"0"},"jnews_post_split":{"enable_post_split":"0","post_split":[{"template":"1","tag":"h2","numbering":"asc","mode":"normal"}]},"footnotes":""},"categories":[18],"tags":[570],"class_list":["post-25237","post","type-post","status-publish","format-standard","has-post-thumbnail","hentry","category-nacionales","tag-direccion-general-de-fabricaciones-militares"],"jetpack_featured_media_url":"https:\/\/atecordoba.org\/wp-content\/uploads\/2021\/04\/ffmm-rio3_2.jpg","_links":{"self":[{"href":"https:\/\/atecordoba.org\/index.php?rest_route=\/wp\/v2\/posts\/25237","targetHints":{"allow":["GET"]}}],"collection":[{"href":"https:\/\/atecordoba.org\/index.php?rest_route=\/wp\/v2\/posts"}],"about":[{"href":"https:\/\/atecordoba.org\/index.php?rest_route=\/wp\/v2\/types\/post"}],"author":[{"embeddable":true,"href":"https:\/\/atecordoba.org\/index.php?rest_route=\/wp\/v2\/users\/7"}],"replies":[{"embeddable":true,"href":"https:\/\/atecordoba.org\/index.php?rest_route=%2Fwp%2Fv2%2Fcomments&post=25237"}],"version-history":[{"count":1,"href":"https:\/\/atecordoba.org\/index.php?rest_route=\/wp\/v2\/posts\/25237\/revisions"}],"predecessor-version":[{"id":25240,"href":"https:\/\/atecordoba.org\/index.php?rest_route=\/wp\/v2\/posts\/25237\/revisions\/25240"}],"wp:featuredmedia":[{"embeddable":true,"href":"https:\/\/atecordoba.org\/index.php?rest_route=\/wp\/v2\/media\/25239"}],"wp:attachment":[{"href":"https:\/\/atecordoba.org\/index.php?rest_route=%2Fwp%2Fv2%2Fmedia&parent=25237"}],"wp:term":[{"taxonomy":"category","embeddable":true,"href":"https:\/\/atecordoba.org\/index.php?rest_route=%2Fwp%2Fv2%2Fcategories&post=25237"},{"taxonomy":"post_tag","embeddable":true,"href":"https:\/\/atecordoba.org\/index.php?rest_route=%2Fwp%2Fv2%2Ftags&post=25237"}],"curies":[{"name":"wp","href":"https:\/\/api.w.org\/{rel}","templated":true}]}}