{"id":2522,"date":"2013-04-03T18:48:34","date_gmt":"2013-04-03T21:48:34","guid":{"rendered":"http:\/\/www.atecordoba.org\/?p=2522"},"modified":"2013-04-03T18:48:34","modified_gmt":"2013-04-03T21:48:34","slug":"manana-asamblea-en-la-agencia-pami-de-rio-ceballos-paralizara-la-atencion-al-publico","status":"publish","type":"post","link":"https:\/\/atecordoba.org\/?p=2522","title":{"rendered":"Ma\u00f1ana, asamblea en la agencia PAMI de R\u00edo Ceballos paralizar\u00e1 la atenci\u00f3n al p\u00fablico"},"content":{"rendered":"<p><a href=\"http:\/\/www.atecordoba.org\/wp-content\/uploads\/2013\/03\/BOMBO-ATE.jpg\"><img loading=\"lazy\" decoding=\"async\" class=\"aligncenter size-full wp-image-2499\" title=\"BOMBO ATE\" src=\"http:\/\/www.atecordoba.org\/wp-content\/uploads\/2013\/03\/BOMBO-ATE.jpg\" alt=\"\" width=\"275\" height=\"183\" \/><\/a><\/p>\n<p>En repudio al traslado compulsivo e injusto del compa\u00f1ero Carlos Centeno, ATE realizar\u00e1 ma\u00f1ana, de 10 a 12 horas, una asamblea en la agencia R\u00edo Ceballos del PAMI.<\/p>\n<p>Los trabajadores nucleados en nuestra organizaci\u00f3n sindical reclaman la reinstalaci\u00f3n de Centeno en su lugar de trabajo, en consonancia con el reclamo realizado por muchos de los jubilados que se atienden en la dependencia.<\/p>\n<p>ATE ya realiz\u00f3 los pedidos correspondientes ante el interventor provincial del organismo, al tiempo que solicit\u00f3 una evaluaci\u00f3n de la funci\u00f3n desempe\u00f1ada por la jefa de la agencia, Claudia Palloto, denunciada por sus malos tratos a afiliados y empleados.<\/p>\n<p>Lamentablemente, mientras Palloto contin\u00faa desempe\u00f1\u00e1ndose en su cargo sin observaciones, el compa\u00f1ero Centeno sufre el \u2018destierro\u2019 que motiva esta asamblea, ante la falta de respuestas de las autoridades del PAMI ante el atropello que viven los trabajadores de la repartici\u00f3n.<\/p>\n<p align=\"right\">Mar\u00eda Teresa Romero<\/p>\n<p align=\"right\">Secretaria General<\/p>\n<p align=\"right\">ATE C\u00f3rdoba<\/p>\n","protected":false},"excerpt":{"rendered":"<p>En repudio al traslado compulsivo e injusto del compa\u00f1ero Carlos Centeno, ATE realizar\u00e1 ma\u00f1ana, de 10 a 12 horas, una asamblea en la agencia R\u00edo Ceballos del PAMI. Los trabajadores nucleados en nuestra organizaci\u00f3n sindical reclaman la reinstalaci\u00f3n de Centeno en su lugar de trabajo, en consonancia con el reclamo realizado por muchos de los [&hellip;]<\/p>\n","protected":false},"author":1,"featured_media":19220,"comment_status":"open","ping_status":"open","sticky":false,"template":"","format":"standard","meta":{"_exactmetrics_skip_tracking":false,"_exactmetrics_sitenote_active":false,"_exactmetrics_sitenote_note":"","_exactmetrics_sitenote_category":0,"jnews-multi-image_gallery":[],"jnews_single_post":[],"jnews_primary_category":[],"jnews_social_meta":[],"jnews_review":[],"enable_review":"","type":"","name":"","summary":"","brand":"","sku":"","good":[],"bad":[],"score_override":"","override_value":"","rating":[],"price":[],"jnews_override_counter":[],"jnews_post_split":[],"footnotes":""},"categories":[53,18],"tags":[],"class_list":["post-2522","post","type-post","status-publish","format-standard","has-post-thumbnail","hentry","category-comunicados-de-prensa","category-nacionales"],"jetpack_featured_media_url":"https:\/\/atecordoba.org\/wp-content\/uploads\/2020\/05\/logo-nuevochico-e1561581322808.png","_links":{"self":[{"href":"https:\/\/atecordoba.org\/index.php?rest_route=\/wp\/v2\/posts\/2522","targetHints":{"allow":["GET"]}}],"collection":[{"href":"https:\/\/atecordoba.org\/index.php?rest_route=\/wp\/v2\/posts"}],"about":[{"href":"https:\/\/atecordoba.org\/index.php?rest_route=\/wp\/v2\/types\/post"}],"author":[{"embeddable":true,"href":"https:\/\/atecordoba.org\/index.php?rest_route=\/wp\/v2\/users\/1"}],"replies":[{"embeddable":true,"href":"https:\/\/atecordoba.org\/index.php?rest_route=%2Fwp%2Fv2%2Fcomments&post=2522"}],"version-history":[{"count":0,"href":"https:\/\/atecordoba.org\/index.php?rest_route=\/wp\/v2\/posts\/2522\/revisions"}],"wp:featuredmedia":[{"embeddable":true,"href":"https:\/\/atecordoba.org\/index.php?rest_route=\/wp\/v2\/media\/19220"}],"wp:attachment":[{"href":"https:\/\/atecordoba.org\/index.php?rest_route=%2Fwp%2Fv2%2Fmedia&parent=2522"}],"wp:term":[{"taxonomy":"category","embeddable":true,"href":"https:\/\/atecordoba.org\/index.php?rest_route=%2Fwp%2Fv2%2Fcategories&post=2522"},{"taxonomy":"post_tag","embeddable":true,"href":"https:\/\/atecordoba.org\/index.php?rest_route=%2Fwp%2Fv2%2Ftags&post=2522"}],"curies":[{"name":"wp","href":"https:\/\/api.w.org\/{rel}","templated":true}]}}